{"id":25581,"date":"2017-04-26T10:16:02","date_gmt":"2017-04-26T15:16:02","guid":{"rendered":"https:\/\/www.uv.mx\/prensa\/?p=25581"},"modified":"2017-04-26T10:16:02","modified_gmt":"2017-04-26T15:16:02","slug":"uvi-grandes-montanas-fue-visitada-por-evaluadores-de-los-ciees","status":"publish","type":"post","link":"https:\/\/www.uv.mx\/prensa\/regiones\/uvi-grandes-montanas-fue-visitada-por-evaluadores-de-los-ciees\/","title":{"rendered":"UVI Grandes Monta\u00f1as fue visitada por evaluadores de los CIEES"},"content":{"rendered":"<div id=\"attachment_25599\" style=\"width: 732px\" class=\"wp-caption aligncenter\"><a href=\"https:\/\/www.uv.mx\/prensa\/files\/2017\/04\/260417.-UVI-Tequila-CIEES-2-ok.jpg\"><img loading=\"lazy\" decoding=\"async\" aria-describedby=\"caption-attachment-25599\" class=\"size-full wp-image-25599\" src=\"https:\/\/www.uv.mx\/prensa\/files\/2017\/04\/260417.-UVI-Tequila-CIEES-2-ok.jpg\" alt=\"\" width=\"722\" height=\"481\" srcset=\"https:\/\/www.uv.mx\/prensa\/files\/2017\/04\/260417.-UVI-Tequila-CIEES-2-ok.jpg 722w, https:\/\/www.uv.mx\/prensa\/files\/2017\/04\/260417.-UVI-Tequila-CIEES-2-ok-300x200.jpg 300w\" sizes=\"auto, (max-width: 722px) 100vw, 722px\" \/><\/a><p id=\"caption-attachment-25599\" class=\"wp-caption-text\">Teodora Hurtado Saa, integrante de los CIEES durante su intervenci\u00f3n<\/p><\/div>\n<p>&nbsp;<\/p>\n<p><strong><em>Eduardo Ca\u00f1edo Lom\u00e1n<\/em><\/strong><\/p>\n<p>&nbsp;<\/p>\n<p><strong><em>Tequila, Ver., 26\/04\/2017.- <\/em><\/strong>La Universidad Veracruzana Intercultural (UVI) sede Grandes Monta\u00f1as, ubicada en el municipio de Tequila, recibi\u00f3 la visita de evaluadores de los Comit\u00e9s Interinstitucionales para la Evaluaci\u00f3n de la Educaci\u00f3n Superior (CIEES), con la finalidad de examinar aspectos acad\u00e9micos, de infraestructura y plan de estudios de la Licenciatura en Gesti\u00f3n Intercultural para el Desarrollo (LGID).<\/p>\n<p>Beatriz Rodr\u00edguez Villafuerte, vicerrectora de la regi\u00f3n Orizaba-C\u00f3rdoba de la Universidad Veracruzana (UV), enfatiz\u00f3 que como instituci\u00f3n p\u00fablica se tiene el compromiso de defender el derecho a la educaci\u00f3n, y es a trav\u00e9s de las sedes de la UVI que se logra generar un v\u00ednculo con las comunidades a trav\u00e9s de un di\u00e1logo de saberes.<\/p>\n<p>\u201cMuchos de nuestros egresados est\u00e1n cumpliendo con este compromiso al regresar a sus lugares de origen para ser factor de cambio, y as\u00ed contribuir con un desarrollo en el marco de la interculturalidad.\u201d<\/p>\n<p>En este sentido, Teodora Hurtado Saa, representante de los CIEES y acad\u00e9mica de la Universidad de Guanajuato, reconoci\u00f3 el trabajo que se ha desarrollado al interior de la sede Grandes Monta\u00f1as: \u201cHemos dado cuenta no s\u00f3lo del entusiasmo, tambi\u00e9n del compromiso que existe en cada uno de los miembros de su comunidad, y eso es lo que se necesita para su \u00e9xito y desarrollo.<\/p>\n<p>&nbsp;<\/p>\n<div id=\"attachment_25598\" style=\"width: 732px\" class=\"wp-caption aligncenter\"><a href=\"https:\/\/www.uv.mx\/prensa\/files\/2017\/04\/260417.-UVI-Tequila-CIEES-1-ok.jpg\"><img loading=\"lazy\" decoding=\"async\" aria-describedby=\"caption-attachment-25598\" class=\"size-full wp-image-25598\" src=\"https:\/\/www.uv.mx\/prensa\/files\/2017\/04\/260417.-UVI-Tequila-CIEES-1-ok.jpg\" alt=\"\" width=\"722\" height=\"481\" srcset=\"https:\/\/www.uv.mx\/prensa\/files\/2017\/04\/260417.-UVI-Tequila-CIEES-1-ok.jpg 722w, https:\/\/www.uv.mx\/prensa\/files\/2017\/04\/260417.-UVI-Tequila-CIEES-1-ok-300x200.jpg 300w\" sizes=\"auto, (max-width: 722px) 100vw, 722px\" \/><\/a><p id=\"caption-attachment-25598\" class=\"wp-caption-text\">Grupo Son de las Altas Monta\u00f1as durante su presentaci\u00f3n musical<\/p><\/div>\n<p>&nbsp;<\/p>\n<p>De igual manera Gezer Cruz Arriaga, tambi\u00e9n miembro de los CIEES y acad\u00e9mico de la Universidad de Ciencias y Artes de Chiapas, agradeci\u00f3 a los asistentes la calidez en la bienvenida, al tiempo de externar su intenci\u00f3n para contribuir a la mejora del programa a trav\u00e9s del intercambio de opiniones y experiencias.<\/p>\n<p>Al respecto, Valente V\u00e1zquez Sol\u00eds, coordinador del grupo evaluador de los CIEES y acad\u00e9mico de la Universidad Aut\u00f3noma de San Luis Potos\u00ed, enfatiz\u00f3 que en M\u00e9xico no se tiene una cultura de la evaluaci\u00f3n, la cual es un ejercicio sano y que brinda oportunidades<\/p>\n<p>para mejorar diversos aspectos a trav\u00e9s de la retroalimentaci\u00f3n e intercambio de experiencias entre pares.<\/p>\n<p>Previo al comienzo de las entrevistas con los diversos actores de la sede y el recorrido por las instalaciones por parte de los evaluadores, el grupo Son de las Altas Monta\u00f1as tuvo una participaci\u00f3n musical.<\/p>\n","protected":false},"excerpt":{"rendered":"<p><strong><em> Eduardo Ca\u00f1edo Lom\u00e1n.-<\/em><\/strong> La Universidad Veracruzana Intercultural (UVI) sede Grandes Monta\u00f1as, ubicada en el municipio de Tequila, recibi\u00f3 la visita de evaluadores de los Comit\u00e9s Interinstitucionales para la Evaluaci\u00f3n de la Educaci\u00f3n Superior (CIEES), con la finalidad de examinar aspectos acad\u00e9micos, de infraestructura y plan de estudios de la Licenciatura en Gesti\u00f3n Intercultural para el Desarrollo (LGID).<\/p>\n","protected":false},"author":1809,"featured_media":25597,"comment_status":"closed","ping_status":"closed","sticky":false,"template":"","format":"standard","meta":{"footnotes":""},"categories":[32],"tags":[33],"class_list":["post-25581","post","type-post","status-publish","format-standard","has-post-thumbnail","hentry","category-regiones","tag-regiones"],"_links":{"self":[{"href":"https:\/\/www.uv.mx\/prensa\/wp-json\/wp\/v2\/posts\/25581","targetHints":{"allow":["GET"]}}],"collection":[{"href":"https:\/\/www.uv.mx\/prensa\/wp-json\/wp\/v2\/posts"}],"about":[{"href":"https:\/\/www.uv.mx\/prensa\/wp-json\/wp\/v2\/types\/post"}],"author":[{"embeddable":true,"href":"https:\/\/www.uv.mx\/prensa\/wp-json\/wp\/v2\/users\/1809"}],"replies":[{"embeddable":true,"href":"https:\/\/www.uv.mx\/prensa\/wp-json\/wp\/v2\/comments?post=25581"}],"version-history":[{"count":0,"href":"https:\/\/www.uv.mx\/prensa\/wp-json\/wp\/v2\/posts\/25581\/revisions"}],"wp:featuredmedia":[{"embeddable":true,"href":"https:\/\/www.uv.mx\/prensa\/wp-json\/wp\/v2\/media\/25597"}],"wp:attachment":[{"href":"https:\/\/www.uv.mx\/prensa\/wp-json\/wp\/v2\/media?parent=25581"}],"wp:term":[{"taxonomy":"category","embeddable":true,"href":"https:\/\/www.uv.mx\/prensa\/wp-json\/wp\/v2\/categories?post=25581"},{"taxonomy":"post_tag","embeddable":true,"href":"https:\/\/www.uv.mx\/prensa\/wp-json\/wp\/v2\/tags?post=25581"}],"curies":[{"name":"wp","href":"https:\/\/api.w.org\/{rel}","templated":true}]}}