{"id":25513,"date":"2017-04-25T14:37:11","date_gmt":"2017-04-25T19:37:11","guid":{"rendered":"https:\/\/www.uv.mx\/prensa\/?p=25513"},"modified":"2017-04-25T14:37:11","modified_gmt":"2017-04-25T19:37:11","slug":"la-universidad-veracruzana-en-veracruz-y-boca-del-rio-incentiva-orgullo-universitario","status":"publish","type":"post","link":"https:\/\/www.uv.mx\/prensa\/general\/la-universidad-veracruzana-en-veracruz-y-boca-del-rio-incentiva-orgullo-universitario\/","title":{"rendered":"La Universidad Veracruzana en Veracruz y Boca del R\u00edo, incentiva orgullo universitario"},"content":{"rendered":"<ul>\n<li><em>El libro fue presentado por la rectora Sara Ladr\u00f3n de Guevara en la FILU, acompa\u00f1ada de funcionarios universitarios<\/em><\/li>\n<\/ul>\n<p>&nbsp;<\/p>\n<div id=\"attachment_25495\" style=\"width: 732px\" class=\"wp-caption aligncenter\"><a href=\"https:\/\/www.uv.mx\/prensa\/files\/2017\/04\/FILU-Iconografia-Universidad-Veracruzana-1-250417-ok.jpg\"><img loading=\"lazy\" decoding=\"async\" aria-describedby=\"caption-attachment-25495\" class=\"size-full wp-image-25495\" src=\"https:\/\/www.uv.mx\/prensa\/files\/2017\/04\/FILU-Iconografia-Universidad-Veracruzana-1-250417-ok.jpg\" alt=\"\" width=\"722\" height=\"482\" srcset=\"https:\/\/www.uv.mx\/prensa\/files\/2017\/04\/FILU-Iconografia-Universidad-Veracruzana-1-250417-ok.jpg 722w, https:\/\/www.uv.mx\/prensa\/files\/2017\/04\/FILU-Iconografia-Universidad-Veracruzana-1-250417-ok-300x200.jpg 300w\" sizes=\"auto, (max-width: 722px) 100vw, 722px\" \/><\/a><p id=\"caption-attachment-25495\" class=\"wp-caption-text\">El libro est\u00e1 conformado por 311 p\u00e1ginas, 35 cap\u00edtulos y 140 fotograf\u00edas<\/p><\/div>\n<p>&nbsp;<\/p>\n<p><strong><em>Paola Cort\u00e9s P\u00e9rez<\/em><\/strong><\/p>\n<p><strong><em>\u00a0<\/em><\/strong><\/p>\n<p><strong><em>Xalapa, Ver., 25\/04\/2017.-<\/em><\/strong> El libro <em>La Universidad Veracruzana en Veracruz y Boca del R\u00edo. Una iconograf\u00eda<\/em>, publicado por la Editorial de la Universidad Veracruzana (UV), es un \u00e1lbum familiar que da identidad a toda la comunidad universitaria, expres\u00f3 la rectora de esta casa de estudio, Sara Ladr\u00f3n de Guevara, durante la presentaci\u00f3n del t\u00edtulo en el marco de la Feria Internacional del Libro Universitario (FILU) 2017, la tarde del lunes 24 de abril en el Sal\u00f3n \u201cRam\u00f3n Rodr\u00edguez\u201d del Complejo Deportivo Omega.<\/p>\n<p>Ante un foro completamente lleno, la Rectora de la UV coment\u00f3 que el libro ayuda en la conformaci\u00f3n de la identidad universitaria, a trav\u00e9s de la recuperaci\u00f3n de im\u00e1genes que muestran el orgullo universitario.<\/p>\n<p>\u201cSignifica un compendio de la historia de la Universidad en la regi\u00f3n, de informaci\u00f3n, de im\u00e1genes y del reconocimiento de la identidad, que a trav\u00e9s de iconograf\u00edas vemos quienes fuimos, quienes somos y quienes seremos universitarios.\u201d<\/p>\n<p>Alfonso Gerardo P\u00e9rez Morales, vicerrector de la regi\u00f3n Veracruz-Boca del R\u00edo, dijo que el conocer los or\u00edgenes es el punto de inflexi\u00f3n e identificaci\u00f3n con la regi\u00f3n.<\/p>\n<p>\u201cUna historia que estamos llamados a conocer, fortalecer y cambiarla para beneficio de nuestra regi\u00f3n y Universidad en general.\u201d<\/p>\n<p>Coment\u00f3 que los directores de las entidades acad\u00e9micas trabajaron en la localizaci\u00f3n de cronistas y narradores, con la finalidad de recabar la informaci\u00f3n y fotograf\u00edas relevantes, las cuales quedaron plasmadas en el libro.<\/p>\n<p>&nbsp;<\/p>\n<div id=\"attachment_25496\" style=\"width: 732px\" class=\"wp-caption aligncenter\"><a href=\"https:\/\/www.uv.mx\/prensa\/files\/2017\/04\/FILU-Iconografia-Universidad-Veracruzana-2-250417.jpg\"><img loading=\"lazy\" decoding=\"async\" aria-describedby=\"caption-attachment-25496\" class=\"size-full wp-image-25496\" src=\"https:\/\/www.uv.mx\/prensa\/files\/2017\/04\/FILU-Iconografia-Universidad-Veracruzana-2-250417.jpg\" alt=\"\" width=\"722\" height=\"482\" srcset=\"https:\/\/www.uv.mx\/prensa\/files\/2017\/04\/FILU-Iconografia-Universidad-Veracruzana-2-250417.jpg 722w, https:\/\/www.uv.mx\/prensa\/files\/2017\/04\/FILU-Iconografia-Universidad-Veracruzana-2-250417-300x200.jpg 300w\" sizes=\"auto, (max-width: 722px) 100vw, 722px\" \/><\/a><p id=\"caption-attachment-25496\" class=\"wp-caption-text\">La rectora Sara Ladr\u00f3n de Guevara en la presentaci\u00f3n del libro<\/p><\/div>\n<p>&nbsp;<\/p>\n<p>En tanto Josu\u00e9 Mart\u00ednez Rodr\u00edguez, profesor en la Facultad de Artes Pl\u00e1sticas y colaborador en el libro, consider\u00f3 que <em>La Universidad Veracruzana en Veracruz y Boca del R\u00edo. Una iconograf\u00eda<\/em> coadyuva en la construcci\u00f3n de identidad y memoria universitaria.<\/p>\n<p>\u201cEs un libro que act\u00faa como un \u00e1lbum familiar que configura el sentido de unidad y reactiva la memoria universitaria, tan necesarias en esto momentos.\u201d<\/p>\n<p>Por \u00faltimo, Federico Roesch Dietlen present\u00f3 un resumen sobre el trabajo que realizaron a lo largo de un a\u00f1o para elaborar dicho t\u00edtulo, el cual est\u00e1 conformado por 311 p\u00e1ginas, 35 cap\u00edtulos, 140 fotograf\u00edas y la participaci\u00f3n de 72 acad\u00e9micos.<\/p>\n<p>Finalmente, detall\u00f3 que el pr\u00f3logo fue escrito por la rectora Sara Ladr\u00f3n de Guevara, dedicado a la memoria como un reflejo de la historia.<\/p>\n<p>A la presentaci\u00f3n asistieron Leticia Rodr\u00edguez Audirac, secretaria acad\u00e9mica; Gerardo Garc\u00eda Ricardo, secretario de Administraci\u00f3n y Finanzas; Edgar Garc\u00eda Valencia, director de la Editorial UV; directores generales de \u00e1reas acad\u00e9micas y funcionarios universitarios de la regi\u00f3n Veracruz-Boca del R\u00edo.<\/p>\n<p>&nbsp;<\/p>\n","protected":false},"excerpt":{"rendered":"<p><strong><em>Paola Cort\u00e9s.-<\/em><\/strong>El libro La Universidad Veracruzana en Veracruz y Boca del R\u00edo. Una iconograf\u00eda, publicado por la Editorial de la Universidad Veracruzana (UV), es un \u00e1lbum familiar que da identidad a toda la comunidad universitaria, expres\u00f3 la rectora de esta casa de estudio, Sara Ladr\u00f3n de Guevara, durante la presentaci\u00f3n del t\u00edtulo en el marco de la Feria Internacional del Libro Universitario (FILU) 2017, la tarde del lunes 24 de abril en el Sal\u00f3n \u201cRam\u00f3n Rodr\u00edguez\u201d del Complejo Deportivo Omega.<\/p>\n","protected":false},"author":1810,"featured_media":25515,"comment_status":"closed","ping_status":"closed","sticky":false,"template":"","format":"standard","meta":{"footnotes":""},"categories":[1],"tags":[3],"class_list":["post-25513","post","type-post","status-publish","format-standard","has-post-thumbnail","hentry","category-general","tag-secundarias"],"_links":{"self":[{"href":"https:\/\/www.uv.mx\/prensa\/wp-json\/wp\/v2\/posts\/25513","targetHints":{"allow":["GET"]}}],"collection":[{"href":"https:\/\/www.uv.mx\/prensa\/wp-json\/wp\/v2\/posts"}],"about":[{"href":"https:\/\/www.uv.mx\/prensa\/wp-json\/wp\/v2\/types\/post"}],"author":[{"embeddable":true,"href":"https:\/\/www.uv.mx\/prensa\/wp-json\/wp\/v2\/users\/1810"}],"replies":[{"embeddable":true,"href":"https:\/\/www.uv.mx\/prensa\/wp-json\/wp\/v2\/comments?post=25513"}],"version-history":[{"count":0,"href":"https:\/\/www.uv.mx\/prensa\/wp-json\/wp\/v2\/posts\/25513\/revisions"}],"wp:featuredmedia":[{"embeddable":true,"href":"https:\/\/www.uv.mx\/prensa\/wp-json\/wp\/v2\/media\/25515"}],"wp:attachment":[{"href":"https:\/\/www.uv.mx\/prensa\/wp-json\/wp\/v2\/media?parent=25513"}],"wp:term":[{"taxonomy":"category","embeddable":true,"href":"https:\/\/www.uv.mx\/prensa\/wp-json\/wp\/v2\/categories?post=25513"},{"taxonomy":"post_tag","embeddable":true,"href":"https:\/\/www.uv.mx\/prensa\/wp-json\/wp\/v2\/tags?post=25513"}],"curies":[{"name":"wp","href":"https:\/\/api.w.org\/{rel}","templated":true}]}}