{"id":24982,"date":"2017-04-20T09:44:11","date_gmt":"2017-04-20T14:44:11","guid":{"rendered":"https:\/\/www.uv.mx\/prensa\/?p=24982"},"modified":"2017-04-20T09:44:11","modified_gmt":"2017-04-20T14:44:11","slug":"el-conocimiento-debe-difundirse-y-compartirse-bernardo-garcia","status":"publish","type":"post","link":"https:\/\/www.uv.mx\/prensa\/regiones\/el-conocimiento-debe-difundirse-y-compartirse-bernardo-garcia\/","title":{"rendered":"El conocimiento debe difundirse y compartirse: Bernardo Garc\u00eda"},"content":{"rendered":"<ul>\n<li><em>Es importante retomar la riqueza cultural de cada pueblo y evidenciarla a trav\u00e9s de manifestaciones visuales y p\u00fablicas, expres\u00f3 el investigador<\/em><\/li>\n<\/ul>\n<p><strong>\u00a0<\/strong><\/p>\n<div id=\"attachment_24993\" style=\"width: 732px\" class=\"wp-caption aligncenter\"><a href=\"https:\/\/www.uv.mx\/prensa\/files\/2017\/04\/Importancia-historia-1-200417.jpg\"><img loading=\"lazy\" decoding=\"async\" aria-describedby=\"caption-attachment-24993\" class=\"size-full wp-image-24993\" src=\"https:\/\/www.uv.mx\/prensa\/files\/2017\/04\/Importancia-historia-1-200417.jpg\" alt=\"\" width=\"722\" height=\"406\" srcset=\"https:\/\/www.uv.mx\/prensa\/files\/2017\/04\/Importancia-historia-1-200417.jpg 722w, https:\/\/www.uv.mx\/prensa\/files\/2017\/04\/Importancia-historia-1-200417-300x169.jpg 300w\" sizes=\"auto, (max-width: 722px) 100vw, 722px\" \/><\/a><p id=\"caption-attachment-24993\" class=\"wp-caption-text\">El Premio al Decano 2016 mencion\u00f3 la relevancia de la historia<\/p><\/div>\n<p>&nbsp;<\/p>\n<p><strong><em>Alma Mart\u00ednez Maldonado<\/em><\/strong><\/p>\n<p>&nbsp;<\/p>\n<p><strong><em>Boca del R\u00edo, Ver., 20\/04\/2017.-<\/em><\/strong> Bernardo Garc\u00eda D\u00edaz, del Instituto de Investigaciones Hist\u00f3rico-Sociales de la Universidad Veracruzana (UV) y Decano 2016 del \u00c1rea de Humanidades, afirm\u00f3 que conocer el pasado nos permite mirar hacia el futuro reconociendo nuestra riqueza cultural y social.<\/p>\n<p>Al compartir sus conocimientos e investigaciones con j\u00f3venes de la Facultad de Pedagog\u00eda de la regi\u00f3n Veracruz, el investigador los exhort\u00f3 a interesarse por conocer la historia de las cosas, de las ciudades y del pa\u00eds.<\/p>\n<p>\u201cNo tiene sentido atesorar el conocimiento, particularmente la historia, debe difundirse y compartirse.\u201d<\/p>\n<p>Garc\u00eda D\u00edaz, quien ha realizado diversas investigaciones sobre las ciudades de Veracruz y Orizaba, dijo que \u201cla historia es una ense\u00f1anza importante en el \u00e1rea de humanidades que nos da firmeza para afianzarnos al futuro\u201d.<\/p>\n<p>&nbsp;<\/p>\n<div id=\"attachment_24998\" style=\"width: 732px\" class=\"wp-caption aligncenter\"><a href=\"https:\/\/www.uv.mx\/prensa\/files\/2017\/04\/Importancia-historia-2-200417.jpg\"><img loading=\"lazy\" decoding=\"async\" aria-describedby=\"caption-attachment-24998\" class=\"size-full wp-image-24998\" src=\"https:\/\/www.uv.mx\/prensa\/files\/2017\/04\/Importancia-historia-2-200417.jpg\" alt=\"\" width=\"722\" height=\"406\" srcset=\"https:\/\/www.uv.mx\/prensa\/files\/2017\/04\/Importancia-historia-2-200417.jpg 722w, https:\/\/www.uv.mx\/prensa\/files\/2017\/04\/Importancia-historia-2-200417-300x169.jpg 300w\" sizes=\"auto, (max-width: 722px) 100vw, 722px\" \/><\/a><p id=\"caption-attachment-24998\" class=\"wp-caption-text\">Garc\u00eda D\u00edaz comparti\u00f3 sus conocimientos con estudiantes de Pedagog\u00eda<\/p><\/div>\n<p>&nbsp;<\/p>\n<p>Ejemplific\u00f3 la relevancia de la historia al compartir informaci\u00f3n sobre la ciudad de Tlacotalpan, compilada en el libro de su autor\u00eda <em>Tlacotalpan y el renacimiento del son jarocho en Sotavento<\/em>.<\/p>\n<p>Indic\u00f3 que el son jarocho es una muestra de la riqueza de Veracruz y habl\u00f3 sobre grupos musicales que han contribuido a su florecimiento en la regi\u00f3n del Sotavento como Mono Blanco y Los Cojolites.<\/p>\n<p>En cuanto a Tlacotalpan, explic\u00f3 su riqueza hist\u00f3rica y porqu\u00e9 fue declarada Patrimonio de la Humanidad por la UNESCO. Detall\u00f3 que su tr\u00e1fico fluvial de veleros y vapores en siglos pasados, as\u00ed como la camarader\u00eda de sus habitantes, contribuy\u00f3 a una arquitectura valiosa, una presencia relevante de artistas y tradiciones ricas que han traspasado fronteras.<\/p>\n<p>Puntualiz\u00f3 que en la \u00e9poca actual es importante retomar la riqueza cultural de cada pueblo y evidenciarla a trav\u00e9s de manifestaciones visuales y p\u00fablicas.<\/p>\n<p>Antes de concluir reafirm\u00f3 que los investigadores de la historia han coadyuvado a reivindicar y revalorar la cultura jarocha.<\/p>\n","protected":false},"excerpt":{"rendered":"<p><strong><em>Alma Mart\u00ednez.-<\/em><\/strong>Bernardo Garc\u00eda D\u00edaz, del Instituto de Investigaciones Hist\u00f3rico-Sociales de la Universidad Veracruzana (UV) y Decano 2016 del \u00c1rea de Humanidades, afirm\u00f3 que conocer el pasado nos permite mirar hacia el futuro reconociendo nuestra riqueza cultural y social.<\/p>\n","protected":false},"author":1810,"featured_media":24995,"comment_status":"closed","ping_status":"closed","sticky":false,"template":"","format":"standard","meta":{"footnotes":""},"categories":[32],"tags":[33],"class_list":["post-24982","post","type-post","status-publish","format-standard","has-post-thumbnail","hentry","category-regiones","tag-regiones"],"_links":{"self":[{"href":"https:\/\/www.uv.mx\/prensa\/wp-json\/wp\/v2\/posts\/24982","targetHints":{"allow":["GET"]}}],"collection":[{"href":"https:\/\/www.uv.mx\/prensa\/wp-json\/wp\/v2\/posts"}],"about":[{"href":"https:\/\/www.uv.mx\/prensa\/wp-json\/wp\/v2\/types\/post"}],"author":[{"embeddable":true,"href":"https:\/\/www.uv.mx\/prensa\/wp-json\/wp\/v2\/users\/1810"}],"replies":[{"embeddable":true,"href":"https:\/\/www.uv.mx\/prensa\/wp-json\/wp\/v2\/comments?post=24982"}],"version-history":[{"count":0,"href":"https:\/\/www.uv.mx\/prensa\/wp-json\/wp\/v2\/posts\/24982\/revisions"}],"wp:featuredmedia":[{"embeddable":true,"href":"https:\/\/www.uv.mx\/prensa\/wp-json\/wp\/v2\/media\/24995"}],"wp:attachment":[{"href":"https:\/\/www.uv.mx\/prensa\/wp-json\/wp\/v2\/media?parent=24982"}],"wp:term":[{"taxonomy":"category","embeddable":true,"href":"https:\/\/www.uv.mx\/prensa\/wp-json\/wp\/v2\/categories?post=24982"},{"taxonomy":"post_tag","embeddable":true,"href":"https:\/\/www.uv.mx\/prensa\/wp-json\/wp\/v2\/tags?post=24982"}],"curies":[{"name":"wp","href":"https:\/\/api.w.org\/{rel}","templated":true}]}}