{"id":24796,"date":"2017-04-17T13:46:53","date_gmt":"2017-04-17T18:46:53","guid":{"rendered":"https:\/\/www.uv.mx\/prensa\/?p=24796"},"modified":"2017-04-17T13:46:53","modified_gmt":"2017-04-17T18:46:53","slug":"historiadoras-difunden-origenes-de-asociaciones-de-medicas-mexicanas","status":"publish","type":"post","link":"https:\/\/www.uv.mx\/prensa\/general\/historiadoras-difunden-origenes-de-asociaciones-de-medicas-mexicanas\/","title":{"rendered":"Historiadoras difunden or\u00edgenes de asociaciones de m\u00e9dicas mexicanas"},"content":{"rendered":"<ul>\n<li><em>Especialistas del Laboratorio de Historia de la Medicina participaron en el <\/em><em>Seminario Mensual de Historia Intelectual e Historia Cultural del IIH-S<\/em><\/li>\n<\/ul>\n<p>&nbsp;<\/p>\n<div id=\"attachment_24799\" style=\"width: 732px\" class=\"wp-caption aligncenter\"><a href=\"https:\/\/www.uv.mx\/prensa\/files\/2017\/04\/Investigadoras-del-Laboratorio-de-Historia-de-la-Medicina-del-INNN-170417.jpg\"><img loading=\"lazy\" decoding=\"async\" aria-describedby=\"caption-attachment-24799\" class=\"size-full wp-image-24799\" src=\"https:\/\/www.uv.mx\/prensa\/files\/2017\/04\/Investigadoras-del-Laboratorio-de-Historia-de-la-Medicina-del-INNN-170417.jpg\" alt=\"\" width=\"722\" height=\"483\" srcset=\"https:\/\/www.uv.mx\/prensa\/files\/2017\/04\/Investigadoras-del-Laboratorio-de-Historia-de-la-Medicina-del-INNN-170417.jpg 722w, https:\/\/www.uv.mx\/prensa\/files\/2017\/04\/Investigadoras-del-Laboratorio-de-Historia-de-la-Medicina-del-INNN-170417-300x201.jpg 300w\" sizes=\"auto, (max-width: 722px) 100vw, 722px\" \/><\/a><p id=\"caption-attachment-24799\" class=\"wp-caption-text\">Ana Cecilia Rodr\u00edguez de Romo, Mayabel Ranero Castro, moderadora, y Gabriela Casta\u00f1eda L\u00f3pez<\/p><\/div>\n<p>&nbsp;<\/p>\n<p><strong><em>Jos\u00e9 Luis Couttolenc Soto<\/em><\/strong><\/p>\n<p>&nbsp;<\/p>\n<p><strong><em>Xalapa, Ver., 17\/04\/2017.-<\/em><\/strong> Gabriela Casta\u00f1eda L\u00f3pez y Ana Cecilia Rodr\u00edguez de Romo, investigadoras del Laboratorio de Historia de la Medicina del Instituto Nacional de Neurolog\u00eda y Neurocirug\u00eda (INNN), explicaron las condiciones en que se asociaron las primeras m\u00e9dicas mexicanas, durante una pl\u00e1tica ofrecida el viernes 7 de abril en el Instituto de Investigaciones Hist\u00f3rico-Sociales (IIH-S) de la Universidad Veracruzana (UV), como parte del Seminario Mensual de Historia Intelectual e Historia Cultural.<\/p>\n<p>Las investigadoras presentaron los resultados de 10 a\u00f1os de trabajo abocados al estudio de la incorporaci\u00f3n de las primeras profesionistas de la medicina a agrupaciones cient\u00edficas, acad\u00e9micas y sociales a finales del siglo XIX y principios del XX.<\/p>\n<p>Expusieron que el periodo de su estudio parte de 1887, a\u00f1o en el cual se titul\u00f3 la primera doctora, y concluye en 1937, momento en el que ya no se requer\u00eda hacer tesis para graduarse de m\u00e9dico cirujano, pero s\u00ed el servicio social.<\/p>\n<p>Casta\u00f1eda L\u00f3pez refiri\u00f3 que en la investigaci\u00f3n que realizaron est\u00e1n comprendidas 27 mujeres, entre las que se encuentra la pionera en todo el pa\u00eds \u2013Matilde Petra Montoya Lafragua\u2013, y tambi\u00e9n se detalla c\u00f3mo y en qu\u00e9 grupos se asociaron y el momento que viv\u00eda la medicina cuando estuvieron activas.<\/p>\n<p>En su disertaci\u00f3n, dio a conocer que durante las primeras d\u00e9cadas del siglo XX cerca de un centenar de mujeres obtuvo el t\u00edtulo de M\u00e9dico Cirujano en las diferentes escuelas de medicina del pa\u00eds. En 1887 se graduaron 84 en la Escuela Nacional de Medicina de la Universidad Nacional de M\u00e9xico, y fue hasta 1937 que para titularse de la carrera de medicina se hizo obligatorio el servicio social. De las 84 egresadas, 24 decidieron reunirse para formar nuevas sociedades o adherirse a otras ya establecidas.<\/p>\n<p>La investigadora del Laboratorio de Historia de la Medicina se\u00f1al\u00f3 que tres ejes centrales caracterizaron el surgimiento de organizaciones de mujeres a finales del siglo XIX e inicio del XX: la participaci\u00f3n organizada de mujeres de izquierda y anarcosindicalistas; la reivindicaci\u00f3n social y pol\u00edtica para lograr el sufragio universal y sus derechos pol\u00edticos; y los derechos de g\u00e9nero como son los de su propio cuerpo y la reproducci\u00f3n.<\/p>\n<p>Se refiri\u00f3 tambi\u00e9n al surgimiento de la Sociedad Mexicana de Eugenesia (SME), nacida el 21 de septiembre de 1931, que con 130 miembros relacionados muy estrechamente con el grupo de poder, tuvo un papel protag\u00f3nico en un tema que se le conoci\u00f3 como salud matrimonial, cre\u00e1ndose el certificado m\u00e9dico prenupcial.<\/p>\n<p>En su trabajo de investigaci\u00f3n, las historiadoras mencionan que las personas se agrupan por diversos fines y pueden ser por dos razones: satisfacer la necesidad de autoprotegerse y defender intereses comunes, y para institucionalizar, validar y aplicar ideas de disciplina.<\/p>\n<p>Consideran tambi\u00e9n que el estudio de la asociaci\u00f3n de las primeras m\u00e9dicas mexicanas ofrece una rica informaci\u00f3n que permite deducir el perfil de los personajes y advertir la situaci\u00f3n que viv\u00eda el pa\u00eds en su momento; adem\u00e1s, a los personajes que fueron objeto del estudio se le debe de sumar que al haber sido las primeras m\u00e9dicas mexicanas, fueron pioneras en el estudio de especialidades.<\/p>\n<p>Finalmente apuntaron que el trabajo presentado \u201cforma parte de un proyecto de largo aliento\u201d que ha dado origen a la publicaci\u00f3n de cinco libros y diversos art\u00edculos, en la actualidad se encuentran preparando dos libros m\u00e1s, uno abordar\u00e1 el tema de m\u00e9dicas del estado de Hidalgo y el otro ser\u00e1 relacionado con las m\u00e9dicas del estado de Veracruz.<\/p>\n<p>&nbsp;<\/p>\n","protected":false},"excerpt":{"rendered":"<p><strong><em>Jos\u00e9 Luis Couttolenc.-<\/em><\/strong>Gabriela Casta\u00f1eda L\u00f3pez y Ana Cecilia Rodr\u00edguez de Romo, investigadoras del Laboratorio de Historia de la Medicina del Instituto Nacional de Neurolog\u00eda y Neurocirug\u00eda (INNN), explicaron las condiciones en que se asociaron las primeras m\u00e9dicas mexicanas, durante una pl\u00e1tica ofrecida el viernes 7 de abril en el Instituto de Investigaciones Hist\u00f3rico-Sociales (IIH-S) de la Universidad Veracruzana (UV), como parte del Seminario Mensual de Historia Intelectual e Historia Cultural.<\/p>\n","protected":false},"author":1810,"featured_media":24798,"comment_status":"closed","ping_status":"closed","sticky":false,"template":"","format":"standard","meta":{"footnotes":""},"categories":[1],"tags":[3],"class_list":["post-24796","post","type-post","status-publish","format-standard","has-post-thumbnail","hentry","category-general","tag-secundarias"],"_links":{"self":[{"href":"https:\/\/www.uv.mx\/prensa\/wp-json\/wp\/v2\/posts\/24796","targetHints":{"allow":["GET"]}}],"collection":[{"href":"https:\/\/www.uv.mx\/prensa\/wp-json\/wp\/v2\/posts"}],"about":[{"href":"https:\/\/www.uv.mx\/prensa\/wp-json\/wp\/v2\/types\/post"}],"author":[{"embeddable":true,"href":"https:\/\/www.uv.mx\/prensa\/wp-json\/wp\/v2\/users\/1810"}],"replies":[{"embeddable":true,"href":"https:\/\/www.uv.mx\/prensa\/wp-json\/wp\/v2\/comments?post=24796"}],"version-history":[{"count":0,"href":"https:\/\/www.uv.mx\/prensa\/wp-json\/wp\/v2\/posts\/24796\/revisions"}],"wp:featuredmedia":[{"embeddable":true,"href":"https:\/\/www.uv.mx\/prensa\/wp-json\/wp\/v2\/media\/24798"}],"wp:attachment":[{"href":"https:\/\/www.uv.mx\/prensa\/wp-json\/wp\/v2\/media?parent=24796"}],"wp:term":[{"taxonomy":"category","embeddable":true,"href":"https:\/\/www.uv.mx\/prensa\/wp-json\/wp\/v2\/categories?post=24796"},{"taxonomy":"post_tag","embeddable":true,"href":"https:\/\/www.uv.mx\/prensa\/wp-json\/wp\/v2\/tags?post=24796"}],"curies":[{"name":"wp","href":"https:\/\/api.w.org\/{rel}","templated":true}]}}