{"id":24231,"date":"2017-03-31T02:35:02","date_gmt":"2017-03-31T08:35:02","guid":{"rendered":"https:\/\/www.uv.mx\/prensa\/?p=24231"},"modified":"2017-03-31T14:34:13","modified_gmt":"2017-03-31T20:34:13","slug":"exposicion-tesoros-de-la-madre-tierra-convoco-a-mas-de-tres-mil-500-personas","status":"publish","type":"post","link":"https:\/\/www.uv.mx\/prensa\/regiones\/exposicion-tesoros-de-la-madre-tierra-convoco-a-mas-de-tres-mil-500-personas\/","title":{"rendered":"Exposici\u00f3n Tesoros de la Madre Tierra, convoc\u00f3 a m\u00e1s de tres mil 500 personas"},"content":{"rendered":"<p>&nbsp;<\/p>\n<ul>\n<li><em>Forma parte del acervo del Museo de Geolog\u00eda de la UNAM y fue albergada por la UV<\/em><\/li>\n<\/ul>\n<p>&nbsp;<\/p>\n<div id=\"attachment_24249\" style=\"width: 732px\" class=\"wp-caption aligncenter\"><a href=\"https:\/\/www.uv.mx\/prensa\/files\/2017\/03\/Clausura-exposicion-1-310317.jpg\"><img loading=\"lazy\" decoding=\"async\" aria-describedby=\"caption-attachment-24249\" class=\"size-full wp-image-24249\" src=\"https:\/\/www.uv.mx\/prensa\/files\/2017\/03\/Clausura-exposicion-1-310317.jpg\" alt=\"\" width=\"722\" height=\"464\" srcset=\"https:\/\/www.uv.mx\/prensa\/files\/2017\/03\/Clausura-exposicion-1-310317.jpg 722w, https:\/\/www.uv.mx\/prensa\/files\/2017\/03\/Clausura-exposicion-1-310317-300x193.jpg 300w\" sizes=\"auto, (max-width: 722px) 100vw, 722px\" \/><\/a><p id=\"caption-attachment-24249\" class=\"wp-caption-text\">Integrantes de la Asociaci\u00f3n Mexicana de Ingenieros Ge\u00f3logos con autoridades universitarias<\/p><\/div>\n<p>&nbsp;<\/p>\n<p><strong><em>Alma Celia San Mart\u00edn<\/em><\/strong><\/p>\n<p>&nbsp;<\/p>\n<p><strong><em>Poza Rica, Ver., 31\/03\/2017<\/em><\/strong><strong>.-<\/strong> M\u00e1s de tres mil 500 personas, entre integrantes de la comunidad universitaria y p\u00fablico en general, observaron la exposici\u00f3n <em>Tesoros de la Madre Tierra<\/em>, f\u00f3siles, minerales y rocas, se inform\u00f3 durante la clausura de la misma, encabezada por el vicerrector de la regi\u00f3n Poza Rica-Tuxpan de la Universidad Veracruzana (UV), Jos\u00e9 Luis Alan\u00eds M\u00e9ndez.<\/p>\n<p>El funcionario agradeci\u00f3 el apoyo de la Asociaci\u00f3n Mexicana de Ingenieros Ge\u00f3logos (AMIG) Delegaci\u00f3n Poza Rica, del Museo de Geolog\u00eda de la Universidad Nacional Aut\u00f3noma de M\u00e9xico (UNAM) y de Petr\u00f3leos Mexicanos (<em>Pemex<\/em>), pues permiti\u00f3 a la comunidad universitaria, estudiantes de diferentes niveles educativos y p\u00fablico en general de la regi\u00f3n norte del estado, obtener importantes conocimientos sobre la ciencia de la tierra.<\/p>\n<p>\u201cLa suma de esfuerzos hizo posible esta actividad, agradezco a Jos\u00e9 Guadalupe Manzo Barajas su apoyo para llevarla a cabo, de igual forma a alumnos y personal de <em>Pemex<\/em>.\u201d<\/p>\n<p>Por su parte, Jorge Antonio Velasco Segura, presidente de la delegaci\u00f3n Poza Rica de la AMIG, reconoci\u00f3 la valiosa colaboraci\u00f3n y disposici\u00f3n de la Universidad para albergar esta exposici\u00f3n, as\u00ed como al Museo de Geolog\u00eda de la UNAM por la confianza para que esta importante muestra llegara a Poza Rica.<\/p>\n<p>&nbsp;<\/p>\n<div id=\"attachment_24252\" style=\"width: 732px\" class=\"wp-caption aligncenter\"><a href=\"https:\/\/www.uv.mx\/prensa\/files\/2017\/03\/Clausura-exposicion-2-310317.jpg\"><img loading=\"lazy\" decoding=\"async\" aria-describedby=\"caption-attachment-24252\" class=\"size-full wp-image-24252\" src=\"https:\/\/www.uv.mx\/prensa\/files\/2017\/03\/Clausura-exposicion-2-310317.jpg\" alt=\"\" width=\"722\" height=\"478\" srcset=\"https:\/\/www.uv.mx\/prensa\/files\/2017\/03\/Clausura-exposicion-2-310317.jpg 722w, https:\/\/www.uv.mx\/prensa\/files\/2017\/03\/Clausura-exposicion-2-310317-300x199.jpg 300w\" sizes=\"auto, (max-width: 722px) 100vw, 722px\" \/><\/a><p id=\"caption-attachment-24252\" class=\"wp-caption-text\">Conferencistas fueron reconocidos por su participaci\u00f3n<\/p><\/div>\n<p>&nbsp;<\/p>\n<p>Dijo que durante los d\u00edas que permaneci\u00f3 la exposici\u00f3n se registraron tres mil 500 visitas de estudiantes de todos los niveles y p\u00fablico en general, quienes plasmaron su agradecimiento y comentarios en los registros de asistencia.<\/p>\n<p>\u201cHemos logrado un palpable ejemplo de que el trabajo lo es todo cuando las personas e instituciones demuestran compromiso y entusiasmo por lograr algo. En esta ocasi\u00f3n agradecemos a la UV por este importante espacio, al Museo de Geolog\u00eda de la UNAM por la exposici\u00f3n y a la Direcci\u00f3n de Exploraci\u00f3n y Producci\u00f3n de <em>Pemex<\/em> por haber facilitado equipo y muestras.\u201d<\/p>\n<p>Destac\u00f3 el apoyo y dedicaci\u00f3n de Jos\u00e9 Guadalupe Manzo y Alfonso Aguilar Garc\u00eda, miembros de la AMIG y docentes de la Facultad de Ingenier\u00eda Petrolera, quienes coordinaron las visitas guiadas, conferencias y talleres que se llevaron a cabo en el marco de la exposici\u00f3n.<\/p>\n<p>La sala de videoconferencias de la Unidad de Servicios Bibliotecarios y de Informaci\u00f3n (USBI) fue el marco de la clausura y entrega de reconocimientos a expositores y colaboradores de esta exposici\u00f3n.<\/p>\n<p>Estuvieron presentes Julio Caballero Corona, jefe de Difusi\u00f3n del Museo de Geolog\u00eda de la UNAM; Aurora Galicia Badillo, secretaria acad\u00e9mica regional; as\u00ed como directores, representantes de <em>Pemex<\/em> y estudiantes.<\/p>\n","protected":false},"excerpt":{"rendered":"<p><strong><em>Alma Celia San Mart\u00edn.-<\/strong><\/em>M\u00e1s de tres mil 500 personas, entre integrantes de la comunidad universitaria y p\u00fablico en general, observaron la exposici\u00f3n Tesoros de la Madre Tierra, f\u00f3siles, minerales y rocas, se inform\u00f3 durante la clausura de la misma, encabezada por el vicerrector de la regi\u00f3n Poza Rica-Tuxpan de la Universidad Veracruzana (UV), Jos\u00e9 Luis Alan\u00eds M\u00e9ndez.<\/p>\n","protected":false},"author":1810,"featured_media":24254,"comment_status":"closed","ping_status":"closed","sticky":false,"template":"","format":"standard","meta":{"footnotes":""},"categories":[32],"tags":[33],"class_list":["post-24231","post","type-post","status-publish","format-standard","has-post-thumbnail","hentry","category-regiones","tag-regiones"],"_links":{"self":[{"href":"https:\/\/www.uv.mx\/prensa\/wp-json\/wp\/v2\/posts\/24231","targetHints":{"allow":["GET"]}}],"collection":[{"href":"https:\/\/www.uv.mx\/prensa\/wp-json\/wp\/v2\/posts"}],"about":[{"href":"https:\/\/www.uv.mx\/prensa\/wp-json\/wp\/v2\/types\/post"}],"author":[{"embeddable":true,"href":"https:\/\/www.uv.mx\/prensa\/wp-json\/wp\/v2\/users\/1810"}],"replies":[{"embeddable":true,"href":"https:\/\/www.uv.mx\/prensa\/wp-json\/wp\/v2\/comments?post=24231"}],"version-history":[{"count":0,"href":"https:\/\/www.uv.mx\/prensa\/wp-json\/wp\/v2\/posts\/24231\/revisions"}],"wp:featuredmedia":[{"embeddable":true,"href":"https:\/\/www.uv.mx\/prensa\/wp-json\/wp\/v2\/media\/24254"}],"wp:attachment":[{"href":"https:\/\/www.uv.mx\/prensa\/wp-json\/wp\/v2\/media?parent=24231"}],"wp:term":[{"taxonomy":"category","embeddable":true,"href":"https:\/\/www.uv.mx\/prensa\/wp-json\/wp\/v2\/categories?post=24231"},{"taxonomy":"post_tag","embeddable":true,"href":"https:\/\/www.uv.mx\/prensa\/wp-json\/wp\/v2\/tags?post=24231"}],"curies":[{"name":"wp","href":"https:\/\/api.w.org\/{rel}","templated":true}]}}