{"id":24012,"date":"2017-03-28T21:45:42","date_gmt":"2017-03-29T03:45:42","guid":{"rendered":"https:\/\/www.uv.mx\/prensa\/?p=24012"},"modified":"2017-03-28T21:45:42","modified_gmt":"2017-03-29T03:45:42","slug":"fundacion-uv-celebro-su-25-aniversario","status":"publish","type":"post","link":"https:\/\/www.uv.mx\/prensa\/general\/fundacion-uv-celebro-su-25-aniversario\/","title":{"rendered":"Fundaci\u00f3n UV celebr\u00f3 su 25 aniversario"},"content":{"rendered":"<ul>\n<li><em>La rectora Sara Ladr\u00f3n de Guevara expres\u00f3 que la fundaci\u00f3n ha sustentado su labor en el valor de la empat\u00eda, uno de los m\u00e1s significativos y necesarios para tener una mejor sociedad <\/em><\/li>\n<li><em>Entre los logros m\u00e1s recientes destac\u00f3 el del programa \u201cUrgencia de equipo, urgencia de vida\u201d, para brindar sesiones de radioterapia <\/em><\/li>\n<\/ul>\n<p>&nbsp;<\/p>\n<div id=\"attachment_24016\" style=\"width: 1210px\" class=\"wp-caption aligncenter\"><a href=\"https:\/\/www.uv.mx\/prensa\/files\/2017\/03\/FUV-1-100k.jpg\"><img loading=\"lazy\" decoding=\"async\" aria-describedby=\"caption-attachment-24016\" class=\"size-full wp-image-24016\" src=\"https:\/\/www.uv.mx\/prensa\/files\/2017\/03\/FUV-1-100k.jpg\" alt=\"Fundaci\u00f3n UV reconoci\u00f3 el trabajo de sus miembros fundadores y titulares\" width=\"1200\" height=\"800\" srcset=\"https:\/\/www.uv.mx\/prensa\/files\/2017\/03\/FUV-1-100k.jpg 1200w, https:\/\/www.uv.mx\/prensa\/files\/2017\/03\/FUV-1-100k-300x200.jpg 300w, https:\/\/www.uv.mx\/prensa\/files\/2017\/03\/FUV-1-100k-768x512.jpg 768w, https:\/\/www.uv.mx\/prensa\/files\/2017\/03\/FUV-1-100k-1024x683.jpg 1024w\" sizes=\"auto, (max-width: 1200px) 100vw, 1200px\" \/><\/a><p id=\"caption-attachment-24016\" class=\"wp-caption-text\">Fundaci\u00f3n UV reconoci\u00f3 el trabajo de sus miembros fundadores y titulares<\/p><\/div>\n<p>&nbsp;<\/p>\n<p><strong><em>Paola Cort\u00e9s P\u00e9rez <\/em><\/strong><\/p>\n<p><strong><em>Xalapa, Ver., 28\/03\/2017.- <\/em><\/strong>La Universidad Veracruzana (UV) celebr\u00f3 el 25 aniversario de la Fundaci\u00f3n UV, la tarde de este martes en la Sala Anexa del Centro Cultural Tlaqn\u00e1, donde se reconoci\u00f3 el trabajo y solidaridad de los miembros fundadores y titulares.<\/p>\n<p>La ceremonia fue encabezada por la rectora de esta casa de estudio, Sara Ladr\u00f3n de Guevara, y el presidente de la Junta Directiva de la Fundaci\u00f3n UV, V\u00edctor Aguilar Pizarro; acompa\u00f1ados por la secretaria Acad\u00e9mica, Leticia Rodr\u00edguez Audirac; el secretario de Administraci\u00f3n y Finanzas, Gerardo Garc\u00eda Ricardo; y el secretario de la Rector\u00eda, Octavio Ochoa Contreras.<\/p>\n<p>V\u00edctor Aguilar, despu\u00e9s de hacer una s\u00edntesis de la historia de la asociaci\u00f3n civil \u2013que fue la primera en apoyar a una universidad p\u00fablica del pa\u00eds\u2013, expres\u00f3 que con la solidaridad y la cooperaci\u00f3n de la comunidad universitaria siempre ser\u00e1 posible resolver retos que contribuyan al desarrollo y bienestar de la sociedad.<\/p>\n<p>&nbsp;<\/p>\n<div id=\"attachment_24017\" style=\"width: 1210px\" class=\"wp-caption aligncenter\"><a href=\"https:\/\/www.uv.mx\/prensa\/files\/2017\/03\/FUV-2-100k.jpg\"><img loading=\"lazy\" decoding=\"async\" aria-describedby=\"caption-attachment-24017\" class=\"size-full wp-image-24017\" src=\"https:\/\/www.uv.mx\/prensa\/files\/2017\/03\/FUV-2-100k.jpg\" alt=\"La rectora Sara Ladr\u00f3n de Guevara inst\u00f3 a conformar una sociedad m\u00e1s emp\u00e1tica\" width=\"1200\" height=\"800\" srcset=\"https:\/\/www.uv.mx\/prensa\/files\/2017\/03\/FUV-2-100k.jpg 1200w, https:\/\/www.uv.mx\/prensa\/files\/2017\/03\/FUV-2-100k-300x200.jpg 300w, https:\/\/www.uv.mx\/prensa\/files\/2017\/03\/FUV-2-100k-768x512.jpg 768w, https:\/\/www.uv.mx\/prensa\/files\/2017\/03\/FUV-2-100k-1024x683.jpg 1024w\" sizes=\"auto, (max-width: 1200px) 100vw, 1200px\" \/><\/a><p id=\"caption-attachment-24017\" class=\"wp-caption-text\">La rectora Sara Ladr\u00f3n de Guevara inst\u00f3 a conformar una sociedad m\u00e1s emp\u00e1tica<\/p><\/div>\n<p>&nbsp;<\/p>\n<p>En este sentido, dio a conocer que gracias a la Fundaci\u00f3n Gonzalo R\u00edo Arronte ser\u00e1 posible concretar el programa \u201cUrgencia de equipo, urgencia de vida\u201d, el cual pone a disposici\u00f3n de la sociedad un equipo de radioterapia.<\/p>\n<p>Con este equipo, la UV ser\u00e1 la segunda universidad p\u00fablica del pa\u00eds que adem\u00e1s de ayudar a enfermos oncol\u00f3gicos, \u201cposibilitar\u00e1 la generaci\u00f3n y transmisi\u00f3n de conocimiento para el \u00e1rea de Ciencias de la Salud\u201d.<\/p>\n<p>&nbsp;<\/p>\n<div id=\"attachment_24015\" style=\"width: 1210px\" class=\"wp-caption aligncenter\"><a href=\"https:\/\/www.uv.mx\/prensa\/files\/2017\/03\/FUV-3-100-k.jpg\"><img loading=\"lazy\" decoding=\"async\" aria-describedby=\"caption-attachment-24015\" class=\"size-full wp-image-24015\" src=\"https:\/\/www.uv.mx\/prensa\/files\/2017\/03\/FUV-3-100-k.jpg\" alt=\"V\u00edctor Aguilar Pizarro dio a conocer el programa \u201cUrgencia de equipo, urgencia de vida\u201d\" width=\"1200\" height=\"800\" srcset=\"https:\/\/www.uv.mx\/prensa\/files\/2017\/03\/FUV-3-100-k.jpg 1200w, https:\/\/www.uv.mx\/prensa\/files\/2017\/03\/FUV-3-100-k-300x200.jpg 300w, https:\/\/www.uv.mx\/prensa\/files\/2017\/03\/FUV-3-100-k-768x512.jpg 768w, https:\/\/www.uv.mx\/prensa\/files\/2017\/03\/FUV-3-100-k-1024x683.jpg 1024w\" sizes=\"auto, (max-width: 1200px) 100vw, 1200px\" \/><\/a><p id=\"caption-attachment-24015\" class=\"wp-caption-text\">V\u00edctor Aguilar Pizarro dio a conocer el programa \u201cUrgencia de equipo, urgencia de vida\u201d<\/p><\/div>\n<p>&nbsp;<\/p>\n<p>A su vez, la rectora Sara Ladr\u00f3n de Guevara discurs\u00f3 sobre la empat\u00eda, valor al que calific\u00f3 como uno de los m\u00e1s significativos en los que la Fundaci\u00f3n UV ha sustentado su labor a lo largo de estos 25 a\u00f1os.<\/p>\n<p>Al final dijo: \u201cS\u00f3lo me resta, en nombre m\u00edo y de toda la comunidad universitaria, dar las gracias a la Fundaci\u00f3n por extenderle la mano a la UV y por poner a prueba nuestra capacidad de conectar con los otros, esa capacidad innata que s\u00f3lo puede redundar en beneficio de la sociedad\u201d.<\/p>\n<p>Por su parte, el becario Oscar L\u00f3pez Salvador agradeci\u00f3 el apoyo brindado por la fundaci\u00f3n y los padrinos, porque gracias a ellos se forman cientos de j\u00f3venes que pueden continuar con sus estudios universitarios.<\/p>\n<p>&nbsp;<\/p>\n<div id=\"attachment_24014\" style=\"width: 1210px\" class=\"wp-caption aligncenter\"><a href=\"https:\/\/www.uv.mx\/prensa\/files\/2017\/03\/FUV-4-100-k.jpg\"><img loading=\"lazy\" decoding=\"async\" aria-describedby=\"caption-attachment-24014\" class=\"size-full wp-image-24014\" src=\"https:\/\/www.uv.mx\/prensa\/files\/2017\/03\/FUV-4-100-k.jpg\" alt=\"Oscar L\u00f3pez dijo que gracias al programa de beca cientos de j\u00f3venes han podido continuar sus estudios universitarios\" width=\"1200\" height=\"800\" srcset=\"https:\/\/www.uv.mx\/prensa\/files\/2017\/03\/FUV-4-100-k.jpg 1200w, https:\/\/www.uv.mx\/prensa\/files\/2017\/03\/FUV-4-100-k-300x200.jpg 300w, https:\/\/www.uv.mx\/prensa\/files\/2017\/03\/FUV-4-100-k-768x512.jpg 768w, https:\/\/www.uv.mx\/prensa\/files\/2017\/03\/FUV-4-100-k-1024x683.jpg 1024w\" sizes=\"auto, (max-width: 1200px) 100vw, 1200px\" \/><\/a><p id=\"caption-attachment-24014\" class=\"wp-caption-text\">Oscar L\u00f3pez dijo que gracias al programa de beca cientos de j\u00f3venes han podido continuar sus estudios universitarios<\/p><\/div>\n<p>&nbsp;<\/p>\n<p>\u201cPueden estar seguros de que est\u00e1n formando individuos con altos valores, como la generosidad y la solidaridad.\u201d<\/p>\n<p>Cabe mencionar que fueron entregados reconocimientos a miembros fundadores y titulares de la Fundaci\u00f3n, por su trayectoria, compromiso, valor y m\u00e9rito.<\/p>\n<p>Al evento asistieron directores de las \u00e1reas acad\u00e9micas y administrativas, donantes, becarios y acad\u00e9micos.<\/p>\n<p>&nbsp;<\/p>\n<div id=\"attachment_24013\" style=\"width: 1210px\" class=\"wp-caption aligncenter\"><a href=\"https:\/\/www.uv.mx\/prensa\/files\/2017\/03\/FUV-5-100-k.jpg\"><img loading=\"lazy\" decoding=\"async\" aria-describedby=\"caption-attachment-24013\" class=\"size-full wp-image-24013\" src=\"https:\/\/www.uv.mx\/prensa\/files\/2017\/03\/FUV-5-100-k.jpg\" alt=\"Partida del pastel conmemorativo de la Fundaci\u00f3n UV\" width=\"1200\" height=\"800\" srcset=\"https:\/\/www.uv.mx\/prensa\/files\/2017\/03\/FUV-5-100-k.jpg 1200w, https:\/\/www.uv.mx\/prensa\/files\/2017\/03\/FUV-5-100-k-300x200.jpg 300w, https:\/\/www.uv.mx\/prensa\/files\/2017\/03\/FUV-5-100-k-768x512.jpg 768w, https:\/\/www.uv.mx\/prensa\/files\/2017\/03\/FUV-5-100-k-1024x683.jpg 1024w\" sizes=\"auto, (max-width: 1200px) 100vw, 1200px\" \/><\/a><p id=\"caption-attachment-24013\" class=\"wp-caption-text\">Partida del pastel conmemorativo de la Fundaci\u00f3n UV<\/p><\/div>\n","protected":false},"excerpt":{"rendered":"<p>Paola Cort\u00e9s P\u00e9rez.-La Universidad Veracruzana (UV) celebr\u00f3 el 25 aniversario de la Fundaci\u00f3n UV, la tarde de este martes en la Sala Anexa del Centro Cultural Tlaqn\u00e1, donde se reconoci\u00f3 el trabajo y solidaridad de los miembros fundadores y titulares<\/p>\n","protected":false},"author":1508,"featured_media":24018,"comment_status":"closed","ping_status":"closed","sticky":false,"template":"","format":"standard","meta":{"footnotes":""},"categories":[1],"tags":[2],"class_list":["post-24012","post","type-post","status-publish","format-standard","has-post-thumbnail","hentry","category-general","tag-principal"],"_links":{"self":[{"href":"https:\/\/www.uv.mx\/prensa\/wp-json\/wp\/v2\/posts\/24012","targetHints":{"allow":["GET"]}}],"collection":[{"href":"https:\/\/www.uv.mx\/prensa\/wp-json\/wp\/v2\/posts"}],"about":[{"href":"https:\/\/www.uv.mx\/prensa\/wp-json\/wp\/v2\/types\/post"}],"author":[{"embeddable":true,"href":"https:\/\/www.uv.mx\/prensa\/wp-json\/wp\/v2\/users\/1508"}],"replies":[{"embeddable":true,"href":"https:\/\/www.uv.mx\/prensa\/wp-json\/wp\/v2\/comments?post=24012"}],"version-history":[{"count":0,"href":"https:\/\/www.uv.mx\/prensa\/wp-json\/wp\/v2\/posts\/24012\/revisions"}],"wp:featuredmedia":[{"embeddable":true,"href":"https:\/\/www.uv.mx\/prensa\/wp-json\/wp\/v2\/media\/24018"}],"wp:attachment":[{"href":"https:\/\/www.uv.mx\/prensa\/wp-json\/wp\/v2\/media?parent=24012"}],"wp:term":[{"taxonomy":"category","embeddable":true,"href":"https:\/\/www.uv.mx\/prensa\/wp-json\/wp\/v2\/categories?post=24012"},{"taxonomy":"post_tag","embeddable":true,"href":"https:\/\/www.uv.mx\/prensa\/wp-json\/wp\/v2\/tags?post=24012"}],"curies":[{"name":"wp","href":"https:\/\/api.w.org\/{rel}","templated":true}]}}