{"id":23807,"date":"2017-03-24T13:42:45","date_gmt":"2017-03-24T19:42:45","guid":{"rendered":"https:\/\/www.uv.mx\/prensa\/?p=23807"},"modified":"2017-03-24T13:42:45","modified_gmt":"2017-03-24T19:42:45","slug":"preocupa-a-estudiantes-situacion-de-becas-conacyt","status":"publish","type":"post","link":"https:\/\/www.uv.mx\/prensa\/regiones\/preocupa-a-estudiantes-situacion-de-becas-conacyt\/","title":{"rendered":"Preocupa a estudiantes situaci\u00f3n de becas Conacyt"},"content":{"rendered":"<ul>\n<li><em>Sin embargo, reconocen la gesti\u00f3n de la UV para asegurar las becas de la convocatoria emitida<\/em><\/li>\n<li><em>Consideran que esta situaci\u00f3n deja en clara desventaja a la investigaci\u00f3n formal en M\u00e9xico<\/em><\/li>\n<\/ul>\n<p>&nbsp;<\/p>\n<div id=\"attachment_23810\" style=\"width: 732px\" class=\"wp-caption aligncenter\"><a href=\"https:\/\/www.uv.mx\/prensa\/files\/2017\/03\/17496112_615293808674898_1492527545_n.jpg\"><img loading=\"lazy\" decoding=\"async\" aria-describedby=\"caption-attachment-23810\" class=\"size-full wp-image-23810\" src=\"https:\/\/www.uv.mx\/prensa\/files\/2017\/03\/17496112_615293808674898_1492527545_n.jpg\" alt=\"\" width=\"722\" height=\"406\" srcset=\"https:\/\/www.uv.mx\/prensa\/files\/2017\/03\/17496112_615293808674898_1492527545_n.jpg 722w, https:\/\/www.uv.mx\/prensa\/files\/2017\/03\/17496112_615293808674898_1492527545_n-300x169.jpg 300w\" sizes=\"auto, (max-width: 722px) 100vw, 722px\" \/><\/a><p id=\"caption-attachment-23810\" class=\"wp-caption-text\">Estudiantes de posgrado UV se manifestaron p\u00fablicamente por el recorte a becas, ciencia y tecnolog\u00eda<\/p><\/div>\n<p>&nbsp;<\/p>\n<p><strong><em>Alma Mart\u00ednez Maldonado<\/em><\/strong><\/p>\n<p>&nbsp;<\/p>\n<p><strong><em>Boca del R\u00edo, Ver., 24\/03\/2017.-<\/em><\/strong> Estudiantes del Instituto de Ciencias Marinas y Pesquer\u00edas (<em>Icimap<\/em>) de la Universidad Veracruzana (UV) emitieron un pronunciamiento sobre la situaci\u00f3n que guardan las becas del Consejo Nacional de Ciencia y Tecnolog\u00eda (<em>Conacyt<\/em>).<\/p>\n<p>En rueda de prensa, los universitarios manifestaron: \u201cNos pronunciamos en contra del recorte a ciencia y tecnolog\u00eda y llamamos a la defensa de la educaci\u00f3n p\u00fablica y gratuita, a la solidaridad de la comunidad estudiantil, acad\u00e9mica y cient\u00edfica, y a la sociedad a la que pertenecemos para exigir que se respete el presupuesto destinado a estos rubros; asimismo, que se garantice el 100 por ciento de becas para los estudiantes de posgrado no s\u00f3lo de esta generaci\u00f3n sino de las siguientes\u201d.<\/p>\n<p>Melisa Mayorga y Alejandra Mart\u00ednez, representantes estudiantiles, reconocieron las gestiones universitarias que aseguran la cobertura de apoyos a los becarios de la UV que participaron en la \u00faltima convocatoria; sin embargo, expresaron su preocupaci\u00f3n por la falta de comunicaci\u00f3n del <em>Conacyt<\/em> y del actuar del gobierno de M\u00e9xico.<\/p>\n<p>&nbsp;<\/p>\n<div id=\"attachment_23812\" style=\"width: 732px\" class=\"wp-caption aligncenter\"><a href=\"https:\/\/www.uv.mx\/prensa\/files\/2017\/03\/17506459_615293812008231_161100400_n.jpg\"><img loading=\"lazy\" decoding=\"async\" aria-describedby=\"caption-attachment-23812\" class=\"size-full wp-image-23812\" src=\"https:\/\/www.uv.mx\/prensa\/files\/2017\/03\/17506459_615293812008231_161100400_n.jpg\" alt=\"\" width=\"722\" height=\"406\" srcset=\"https:\/\/www.uv.mx\/prensa\/files\/2017\/03\/17506459_615293812008231_161100400_n.jpg 722w, https:\/\/www.uv.mx\/prensa\/files\/2017\/03\/17506459_615293812008231_161100400_n-300x169.jpg 300w\" sizes=\"auto, (max-width: 722px) 100vw, 722px\" \/><\/a><p id=\"caption-attachment-23812\" class=\"wp-caption-text\">Alejandra Mart\u00ednez, representante estudiantil<\/p><\/div>\n<p>&nbsp;<\/p>\n<p>En tanto que Mart\u00edn del \u00c1ngel Leyva, alumno de nuevo ingreso de la Maestr\u00eda en Ecolog\u00eda y Pesquer\u00edas, resalt\u00f3 que la formaci\u00f3n de estudiantes para el desarrollo de la investigaci\u00f3n en el estado de Veracruz y de todo el pa\u00eds s\u00ed es prioridad ya que \u201clos temas de investigaci\u00f3n que desarrollamos brindan propuestas de soluci\u00f3n a problem\u00e1ticas que se presentan en los ecosistemas acu\u00e1ticos y litorales del estado\u201d.<\/p>\n<p>El grupo de estudiantes de posgrado mencionaron que esta situaci\u00f3n demuestra que la educaci\u00f3n no est\u00e1 siendo incluida como una prioridad en el pa\u00eds\u00a0 y que los recortes al rubro de ciencia y tecnolog\u00eda est\u00e1n dejando en clara desventaja a la investigaci\u00f3n formal en M\u00e9xico, pasando siempre a segundo plano.<\/p>\n<p>Cabe resaltar que los estudiantes estuvieron acompa\u00f1ados por investigadores del <em>Icimap<\/em> y del Instituto de Medicina Forense, quienes se sumaron a la preocupaci\u00f3n de los recortes y garantizar las becas en las pr\u00f3ximas convocatorias.<\/p>\n<p>Leonardo Ortiz, investigador del <em>Icimap<\/em>, subray\u00f3 la relevancia de los becarios para el desarrollo de la investigaci\u00f3n en el pa\u00eds.<\/p>\n<p>&nbsp;<\/p>\n<div id=\"attachment_23811\" style=\"width: 732px\" class=\"wp-caption aligncenter\"><a href=\"https:\/\/www.uv.mx\/prensa\/files\/2017\/03\/17496321_615293815341564_227195825_n.jpg\"><img loading=\"lazy\" decoding=\"async\" aria-describedby=\"caption-attachment-23811\" class=\"size-full wp-image-23811\" src=\"https:\/\/www.uv.mx\/prensa\/files\/2017\/03\/17496321_615293815341564_227195825_n.jpg\" alt=\"\" width=\"722\" height=\"406\" srcset=\"https:\/\/www.uv.mx\/prensa\/files\/2017\/03\/17496321_615293815341564_227195825_n.jpg 722w, https:\/\/www.uv.mx\/prensa\/files\/2017\/03\/17496321_615293815341564_227195825_n-300x169.jpg 300w\" sizes=\"auto, (max-width: 722px) 100vw, 722px\" \/><\/a><p id=\"caption-attachment-23811\" class=\"wp-caption-text\">Mart\u00edn del \u00c1ngel, estudiante afectado<\/p><\/div>\n<p>&nbsp;<\/p>\n<p>\u201cLos estudiantes representan el relevo generacional de los actuales investigadores, por lo que es un proceso que se debe garantizar. La participaci\u00f3n de los alumnos en estas investigaciones se convierte en un catalizador para que el conocimiento llegue a la sociedad; cuando limitamos el financiamiento se corta la cadena de beneficios que se genera socialmente\u201d, afirm\u00f3.<\/p>\n<p>C\u00e9sar Meiners, coordinador de la Maestr\u00eda en Ecolog\u00eda y Pesquer\u00edas, y Javier Bello, director del <em>Icimap<\/em>, subrayaron que un pa\u00eds que pretende crecer con base en sus posibilidades y capacidades instaladas debe invertir en ciencia y tecnolog\u00eda, m\u00e1s a\u00fan en una condici\u00f3n de restricci\u00f3n presupuestal.<\/p>\n","protected":false},"excerpt":{"rendered":"<p><strong><em>Alma Mart\u00ednez.-<\/em><\/strong>Estudiantes del Instituto de Ciencias Marinas y Pesquer\u00edas (Icimap) de la Universidad Veracruzana (UV) emitieron un pronunciamiento sobre la situaci\u00f3n que guardan las becas del Consejo Nacional de Ciencia y Tecnolog\u00eda (Conacyt).<\/p>\n","protected":false},"author":1810,"featured_media":23809,"comment_status":"closed","ping_status":"closed","sticky":false,"template":"","format":"standard","meta":{"footnotes":""},"categories":[32],"tags":[33],"class_list":["post-23807","post","type-post","status-publish","format-standard","has-post-thumbnail","hentry","category-regiones","tag-regiones"],"_links":{"self":[{"href":"https:\/\/www.uv.mx\/prensa\/wp-json\/wp\/v2\/posts\/23807","targetHints":{"allow":["GET"]}}],"collection":[{"href":"https:\/\/www.uv.mx\/prensa\/wp-json\/wp\/v2\/posts"}],"about":[{"href":"https:\/\/www.uv.mx\/prensa\/wp-json\/wp\/v2\/types\/post"}],"author":[{"embeddable":true,"href":"https:\/\/www.uv.mx\/prensa\/wp-json\/wp\/v2\/users\/1810"}],"replies":[{"embeddable":true,"href":"https:\/\/www.uv.mx\/prensa\/wp-json\/wp\/v2\/comments?post=23807"}],"version-history":[{"count":0,"href":"https:\/\/www.uv.mx\/prensa\/wp-json\/wp\/v2\/posts\/23807\/revisions"}],"wp:featuredmedia":[{"embeddable":true,"href":"https:\/\/www.uv.mx\/prensa\/wp-json\/wp\/v2\/media\/23809"}],"wp:attachment":[{"href":"https:\/\/www.uv.mx\/prensa\/wp-json\/wp\/v2\/media?parent=23807"}],"wp:term":[{"taxonomy":"category","embeddable":true,"href":"https:\/\/www.uv.mx\/prensa\/wp-json\/wp\/v2\/categories?post=23807"},{"taxonomy":"post_tag","embeddable":true,"href":"https:\/\/www.uv.mx\/prensa\/wp-json\/wp\/v2\/tags?post=23807"}],"curies":[{"name":"wp","href":"https:\/\/api.w.org\/{rel}","templated":true}]}}