{"id":23567,"date":"2017-03-21T12:49:56","date_gmt":"2017-03-21T18:49:56","guid":{"rendered":"https:\/\/www.uv.mx\/prensa\/?p=23567"},"modified":"2017-03-21T12:49:56","modified_gmt":"2017-03-21T18:49:56","slug":"pe-en-ingenieria-de-software-interesa-a-alumnos-del-cetis-146","status":"publish","type":"post","link":"https:\/\/www.uv.mx\/prensa\/regiones\/pe-en-ingenieria-de-software-interesa-a-alumnos-del-cetis-146\/","title":{"rendered":"PE en Ingenier\u00eda de Software interesa a alumnos del CETIS 146"},"content":{"rendered":"<ul>\n<li><i><em>Visitaron la Facultad de Contadur\u00eda y Administraci\u00f3n para conocer la nueva oferta educativa en la regi\u00f3n<\/em><\/i><\/li>\n<\/ul>\n<p>&nbsp;<\/p>\n<div id=\"attachment_23584\" style=\"width: 732px\" class=\"wp-caption aligncenter\"><a href=\"https:\/\/www.uv.mx\/prensa\/files\/2017\/03\/Ingenieria-de-software-1-210317.jpg\"><img loading=\"lazy\" decoding=\"async\" aria-describedby=\"caption-attachment-23584\" class=\"size-full wp-image-23584\" src=\"https:\/\/www.uv.mx\/prensa\/files\/2017\/03\/Ingenieria-de-software-1-210317.jpg\" alt=\"\" width=\"722\" height=\"407\" srcset=\"https:\/\/www.uv.mx\/prensa\/files\/2017\/03\/Ingenieria-de-software-1-210317.jpg 722w, https:\/\/www.uv.mx\/prensa\/files\/2017\/03\/Ingenieria-de-software-1-210317-300x169.jpg 300w\" sizes=\"auto, (max-width: 722px) 100vw, 722px\" \/><\/a><p id=\"caption-attachment-23584\" class=\"wp-caption-text\">Alumnos del CETIS 146 de R\u00edo Blanco recibiendo informaci\u00f3n<\/p><\/div>\n<p>&nbsp;<\/p>\n<p><strong><em>Francisco Javier Cha\u00edn Revuelta<\/em><\/strong><\/p>\n<p>&nbsp;<\/p>\n<p><strong><em>Ixtaczoquitl\u00e1n, Ver., 21\/03\/2017.-<\/em><\/strong> La Facultad de Contadur\u00eda y Administraci\u00f3n (FCA) de la Universidad Veracruzana (UV) recibi\u00f3 la visita de alumnos del \u00e1rea de programaci\u00f3n del Centro de Estudios Tecnol\u00f3gicos Industrial y de Servicios (CETIS) n\u00famero 146 de R\u00edo Blanco, Veracruz, con el fin de que los j\u00f3venes conocieran la nueva carrera de Ingenier\u00eda de <em>Software<\/em> que recibir\u00e1 a su primera generaci\u00f3n en agosto del presente a\u00f1o.<\/p>\n<p>Tania Yamel Pe\u00f1uela Mor\u00e1n, quien acompa\u00f1\u00f3 a los bachilleres, coment\u00f3 que asistieron a conocer la infraestructura de todo el <em>campus<\/em> y en especial el \u00e1rea de sistemas y programaci\u00f3n que es af\u00edn a la especialidad que cursan. Coment\u00f3 que su instituci\u00f3n se ocupa de que los muchachos est\u00e9n mejor orientados y tengan noci\u00f3n de la carrera que aspiran cursar en el pr\u00f3ximo periodo escolar, pues algunos alumnos han mostrado inter\u00e9s en la Licenciatura en Ingenier\u00eda de <em>Software<\/em>.<\/p>\n<p>En tanto, Adolfo Rodr\u00edguez Parada, profesor investigador de la FCA, dijo que trabajan en una estrategia para dar a conocer por medios digitales y tradicionales la oferta educativa, y en especial la nueva licenciatura: \u201cInvitamos a los muchachos a conocer las bondades y los beneficios que les ofrece este <em>campus<\/em> para continuar sus estudios profesionales\u201d.<\/p>\n<p>Los visitantes recorrieron jardines, aulas, auditorios y bibliotecas, conocieron las canchas y aparatos para ejercicio f\u00edsico, cafeter\u00edas, as\u00ed como las salas de c\u00f3mputo, exhibiciones, lectura y videoconferencias.<\/p>\n<p>&nbsp;<\/p>\n<div id=\"attachment_23585\" style=\"width: 732px\" class=\"wp-caption aligncenter\"><a href=\"https:\/\/www.uv.mx\/prensa\/files\/2017\/03\/Ingenieria-de-software-2-210317.jpg\"><img loading=\"lazy\" decoding=\"async\" aria-describedby=\"caption-attachment-23585\" class=\"size-full wp-image-23585\" src=\"https:\/\/www.uv.mx\/prensa\/files\/2017\/03\/Ingenieria-de-software-2-210317.jpg\" alt=\"\" width=\"722\" height=\"407\" srcset=\"https:\/\/www.uv.mx\/prensa\/files\/2017\/03\/Ingenieria-de-software-2-210317.jpg 722w, https:\/\/www.uv.mx\/prensa\/files\/2017\/03\/Ingenieria-de-software-2-210317-300x169.jpg 300w\" sizes=\"auto, (max-width: 722px) 100vw, 722px\" \/><\/a><p id=\"caption-attachment-23585\" class=\"wp-caption-text\">Grupo del CETIS 146 que visit\u00f3 el campus Ixtaczoquitl\u00e1n de la UV<\/p><\/div>\n<p>&nbsp;<\/p>\n<p>Tambi\u00e9n asistieron a sesiones informativas y como parte de \u00e9stas alumnos de la UV les compartieron sus experiencias, entre ellas los proyectos de empresas que han realizado, la vinculaci\u00f3n con empresas, el procedimiento para obtener becas y financiamiento, viajes de estudio efectuados, estancias de verano en centros nacionales de investigaci\u00f3n, posibilidad de movilidad nacional e internacional a otras universidades con las que la UV mantiene convenios, cursos de emprendedores, concursos, etc\u00e9tera.<\/p>\n<p>Asimismo, el cuerpo docente de las licenciaturas en Sistemas Computacionales y Administrativos y de Ingenier\u00eda de <em>Software<\/em> se present\u00f3 con los estudiantes del CETIS 146 para explicarles que no s\u00f3lo se desarrollar\u00e1n como programadores sino que se les proporcionar\u00e1n todas las herramientas que como profesionistas requieren para realizar <em>software<\/em> con calidad.<\/p>\n<p>La profesi\u00f3n les dar\u00e1 dominio de diferentes lenguajes, capacidad de participar en equipos de desarrollo de <em>software<\/em> y de asesorar empresas, habilidad para analizar y dise\u00f1ar proyectos para la industria, el comercio o el entretenimiento, adem\u00e1s del indispensable dominio del idioma ingl\u00e9s.<\/p>\n<p>Para mayor informaci\u00f3n sobre la Licenciatura en Ingenier\u00eda de <em>Software<\/em> consultar las p\u00e1ginas <a href=\"https:\/\/www.uv.mx\/orizaba\/contaduria\/\">https:\/\/www.uv.mx\/orizaba\/contaduria\/<\/a> y <a href=\"https:\/\/www.uv.mx\/docencia\/programa\/Creditos.aspx?Programa=ISOF-14-E-CR\">https:\/\/www.uv.mx\/docencia\/programa\/Creditos.aspx?Programa=ISOF-14-E-CR<\/a>, en <em>Facebook<\/em>: Ingenier\u00eda de Software UV campus Ixtac.<\/p>\n","protected":false},"excerpt":{"rendered":"<p><strong><em> Francisco Javier Cha\u00edn Revuelta.-<\/em><\/strong> La Facultad de Contadur\u00eda y Administraci\u00f3n (FCA) de la Universidad Veracruzana (UV) recibi\u00f3 la visita de alumnos del \u00e1rea de programaci\u00f3n del Centro de Estudios Tecnol\u00f3gicos Industrial y de Servicios (CETIS) n\u00famero 146 de R\u00edo Blanco, Veracruz, con el fin de que los j\u00f3venes conocieran la nueva carrera de Ingenier\u00eda de Software que recibir\u00e1 a su primera generaci\u00f3n en agosto del presente a\u00f1o.<\/p>\n","protected":false},"author":1809,"featured_media":23586,"comment_status":"closed","ping_status":"closed","sticky":false,"template":"","format":"standard","meta":{"footnotes":""},"categories":[32],"tags":[33],"class_list":["post-23567","post","type-post","status-publish","format-standard","has-post-thumbnail","hentry","category-regiones","tag-regiones"],"_links":{"self":[{"href":"https:\/\/www.uv.mx\/prensa\/wp-json\/wp\/v2\/posts\/23567","targetHints":{"allow":["GET"]}}],"collection":[{"href":"https:\/\/www.uv.mx\/prensa\/wp-json\/wp\/v2\/posts"}],"about":[{"href":"https:\/\/www.uv.mx\/prensa\/wp-json\/wp\/v2\/types\/post"}],"author":[{"embeddable":true,"href":"https:\/\/www.uv.mx\/prensa\/wp-json\/wp\/v2\/users\/1809"}],"replies":[{"embeddable":true,"href":"https:\/\/www.uv.mx\/prensa\/wp-json\/wp\/v2\/comments?post=23567"}],"version-history":[{"count":0,"href":"https:\/\/www.uv.mx\/prensa\/wp-json\/wp\/v2\/posts\/23567\/revisions"}],"wp:featuredmedia":[{"embeddable":true,"href":"https:\/\/www.uv.mx\/prensa\/wp-json\/wp\/v2\/media\/23586"}],"wp:attachment":[{"href":"https:\/\/www.uv.mx\/prensa\/wp-json\/wp\/v2\/media?parent=23567"}],"wp:term":[{"taxonomy":"category","embeddable":true,"href":"https:\/\/www.uv.mx\/prensa\/wp-json\/wp\/v2\/categories?post=23567"},{"taxonomy":"post_tag","embeddable":true,"href":"https:\/\/www.uv.mx\/prensa\/wp-json\/wp\/v2\/tags?post=23567"}],"curies":[{"name":"wp","href":"https:\/\/api.w.org\/{rel}","templated":true}]}}