{"id":23565,"date":"2017-03-21T12:40:42","date_gmt":"2017-03-21T18:40:42","guid":{"rendered":"https:\/\/www.uv.mx\/prensa\/?p=23565"},"modified":"2017-03-21T12:40:42","modified_gmt":"2017-03-21T18:40:42","slug":"el-arte-siempre-ha-tenido-presencia-femenina-gladys-villegas","status":"publish","type":"post","link":"https:\/\/www.uv.mx\/prensa\/regiones\/el-arte-siempre-ha-tenido-presencia-femenina-gladys-villegas\/","title":{"rendered":"El arte siempre ha tenido presencia femenina: Gladys Villegas"},"content":{"rendered":"<p>&nbsp;<\/p>\n<div id=\"attachment_23579\" style=\"width: 732px\" class=\"wp-caption aligncenter\"><a href=\"https:\/\/www.uv.mx\/prensa\/files\/2017\/03\/210317.-Arte-y-genero-1-ok.jpg\"><img loading=\"lazy\" decoding=\"async\" aria-describedby=\"caption-attachment-23579\" class=\"size-full wp-image-23579\" src=\"https:\/\/www.uv.mx\/prensa\/files\/2017\/03\/210317.-Arte-y-genero-1-ok.jpg\" alt=\"\" width=\"722\" height=\"542\" srcset=\"https:\/\/www.uv.mx\/prensa\/files\/2017\/03\/210317.-Arte-y-genero-1-ok.jpg 722w, https:\/\/www.uv.mx\/prensa\/files\/2017\/03\/210317.-Arte-y-genero-1-ok-300x225.jpg 300w\" sizes=\"auto, (max-width: 722px) 100vw, 722px\" \/><\/a><p id=\"caption-attachment-23579\" class=\"wp-caption-text\">Gladys Villegas, ganadora Premio al Decano 2016<\/p><\/div>\n<p>&nbsp;<\/p>\n<p><strong><em>Veracruz, Ver., 21\/03\/2017.-<\/em><\/strong> Gladys Villegas Morales, Premio al Decano 2016 otorgado por la Universidad Veracruzana (UV), afirm\u00f3 ante estudiantes de los Talleres Libres de Arte (TLA) que las mujeres siempre han tenido presencia en el arte, sin embargo su reconocimiento en este campo es reciente.<\/p>\n<p>En el marco de las actividades del programa \u201cLa Palabra y los Decanos\u201d, la egresada de la Facultad de Artes Pl\u00e1sticas mostr\u00f3 los proyectos de la l\u00ednea de investigaci\u00f3n \u201c<em>Arte y perspectiva de g\u00e9nero\u201d<\/em> que trabaja desde hace varios a\u00f1os.<\/p>\n<p>Villegas Morales coment\u00f3 que las investigaciones desde la perspectiva de g\u00e9nero en el campo del arte son m\u00faltiples y diversas, generalmente con un car\u00e1cter inter y multidisciplinario. Detall\u00f3 que a ra\u00edz de ellas se han generado libros, conferencias, exposiciones y presentaciones que dan cuenta del avance femenino en esta \u00e1rea.<\/p>\n<p>Mencion\u00f3 que en el medievo el arte se hac\u00eda principalmente en los conventos e incluso hay investigaciones que muestra que existieron alrededor de 263 monjas artistas.<\/p>\n<p>&nbsp;<\/p>\n<div id=\"attachment_23580\" style=\"width: 732px\" class=\"wp-caption aligncenter\"><a href=\"https:\/\/www.uv.mx\/prensa\/files\/2017\/03\/210317.-Arte-y-genero-2-ok.jpg\"><img loading=\"lazy\" decoding=\"async\" aria-describedby=\"caption-attachment-23580\" class=\"size-full wp-image-23580\" src=\"https:\/\/www.uv.mx\/prensa\/files\/2017\/03\/210317.-Arte-y-genero-2-ok.jpg\" alt=\"\" width=\"722\" height=\"337\" srcset=\"https:\/\/www.uv.mx\/prensa\/files\/2017\/03\/210317.-Arte-y-genero-2-ok.jpg 722w, https:\/\/www.uv.mx\/prensa\/files\/2017\/03\/210317.-Arte-y-genero-2-ok-300x140.jpg 300w\" sizes=\"auto, (max-width: 722px) 100vw, 722px\" \/><\/a><p id=\"caption-attachment-23580\" class=\"wp-caption-text\">Present\u00f3 sus trabajos ante estudiantes de los TLA<\/p><\/div>\n<p>&nbsp;<\/p>\n<p>\u201cEl objetivo de toda la producci\u00f3n realizada en los \u00faltimos a\u00f1os ha sido la realizaci\u00f3n de proyectos art\u00edstico-acad\u00e9micos sobre las manifestaciones visuales desde la perspectiva de g\u00e9nero, tanto en los \u00e1mbitos universitario como en el social, y hoy en d\u00eda el arte se ha vuelto m\u00e1s acad\u00e9mico, m\u00e1s metaf\u00edsico.\u201d<\/p>\n<p>Indic\u00f3 que en sus trabajos reflexiona y analiza la producci\u00f3n art\u00edstica de las mujeres artistas y particularmente de las veracruzanas, como es su \u00faltimo proyecto denominado EVAS (Espacio Virtual de Artistas Veracruzanas).<\/p>\n<p>Despu\u00e9s de platicar con los estudiantes, narrar an\u00e9cdotas y mostrar sus proyectos, Gladys Villegas fue felicitada por el secretario acad\u00e9mico regional, Carlos Lamothe Zavaleta, quien celebr\u00f3 el que compartiera sus experiencias con ellos.<\/p>\n","protected":false},"excerpt":{"rendered":"<p>Gladys Villegas Morales, Premio al Decano 2016 otorgado por la Universidad Veracruzana (UV), afirm\u00f3 ante estudiantes de los Talleres Libres de Arte (TLA) que las mujeres siempre han tenido presencia en el arte, sin embargo su reconocimiento en este campo es reciente.<\/p>\n","protected":false},"author":1809,"featured_media":23581,"comment_status":"closed","ping_status":"closed","sticky":false,"template":"","format":"standard","meta":{"footnotes":""},"categories":[32],"tags":[33],"class_list":["post-23565","post","type-post","status-publish","format-standard","has-post-thumbnail","hentry","category-regiones","tag-regiones"],"_links":{"self":[{"href":"https:\/\/www.uv.mx\/prensa\/wp-json\/wp\/v2\/posts\/23565","targetHints":{"allow":["GET"]}}],"collection":[{"href":"https:\/\/www.uv.mx\/prensa\/wp-json\/wp\/v2\/posts"}],"about":[{"href":"https:\/\/www.uv.mx\/prensa\/wp-json\/wp\/v2\/types\/post"}],"author":[{"embeddable":true,"href":"https:\/\/www.uv.mx\/prensa\/wp-json\/wp\/v2\/users\/1809"}],"replies":[{"embeddable":true,"href":"https:\/\/www.uv.mx\/prensa\/wp-json\/wp\/v2\/comments?post=23565"}],"version-history":[{"count":0,"href":"https:\/\/www.uv.mx\/prensa\/wp-json\/wp\/v2\/posts\/23565\/revisions"}],"wp:featuredmedia":[{"embeddable":true,"href":"https:\/\/www.uv.mx\/prensa\/wp-json\/wp\/v2\/media\/23581"}],"wp:attachment":[{"href":"https:\/\/www.uv.mx\/prensa\/wp-json\/wp\/v2\/media?parent=23565"}],"wp:term":[{"taxonomy":"category","embeddable":true,"href":"https:\/\/www.uv.mx\/prensa\/wp-json\/wp\/v2\/categories?post=23565"},{"taxonomy":"post_tag","embeddable":true,"href":"https:\/\/www.uv.mx\/prensa\/wp-json\/wp\/v2\/tags?post=23565"}],"curies":[{"name":"wp","href":"https:\/\/api.w.org\/{rel}","templated":true}]}}