{"id":23491,"date":"2017-03-18T07:00:58","date_gmt":"2017-03-18T13:00:58","guid":{"rendered":"https:\/\/www.uv.mx\/prensa\/?p=23491"},"modified":"2017-03-17T10:51:42","modified_gmt":"2017-03-17T16:51:42","slug":"comunicacion-de-la-ciencia-uv-se-integra-a-la-redpop","status":"publish","type":"post","link":"https:\/\/www.uv.mx\/prensa\/general\/comunicacion-de-la-ciencia-uv-se-integra-a-la-redpop\/","title":{"rendered":"Comunicaci\u00f3n de la Ciencia UV  se integra a la RedPOP"},"content":{"rendered":"<p>&nbsp;<\/p>\n<div id=\"attachment_23505\" style=\"width: 732px\" class=\"wp-caption aligncenter\"><a href=\"https:\/\/www.uv.mx\/prensa\/files\/2017\/03\/DCC-se-integra-a-la-Red-Pop-170317.jpg\"><img loading=\"lazy\" decoding=\"async\" aria-describedby=\"caption-attachment-23505\" class=\"size-full wp-image-23505\" src=\"https:\/\/www.uv.mx\/prensa\/files\/2017\/03\/DCC-se-integra-a-la-Red-Pop-170317.jpg\" alt=\"\" width=\"722\" height=\"725\" srcset=\"https:\/\/www.uv.mx\/prensa\/files\/2017\/03\/DCC-se-integra-a-la-Red-Pop-170317.jpg 722w, https:\/\/www.uv.mx\/prensa\/files\/2017\/03\/DCC-se-integra-a-la-Red-Pop-170317-150x150.jpg 150w, https:\/\/www.uv.mx\/prensa\/files\/2017\/03\/DCC-se-integra-a-la-Red-Pop-170317-300x300.jpg 300w\" sizes=\"auto, (max-width: 722px) 100vw, 722px\" \/><\/a><p id=\"caption-attachment-23505\" class=\"wp-caption-text\">Esta dependencia universitaria fue creada el 14 de marzo de 2011<\/p><\/div>\n<p>&nbsp;<\/p>\n<p><strong><em>Xalapa, Ver., 18\/03\/2017.-<\/em><\/strong> La Red de Popularizaci\u00f3n de la Ciencia y la Tecnolog\u00eda en Am\u00e9rica Latina y el Caribe (RedPOP) ha integrado como miembro titular a la Direcci\u00f3n de Comunicaci\u00f3n de la Ciencia de la Universidad Veracruzana (UV). Con ello se fortalecer\u00e1 el intercambio, los mecanismos de cooperaci\u00f3n y el aprovechamiento de recursos con otras instituciones de esta regi\u00f3n.<\/p>\n<p>La Direcci\u00f3n de Comunicaci\u00f3n de la Ciencia es un organismo dedicado a gestionar, crear, vincular y promocionar las iniciativas universitarias de comunicaci\u00f3n p\u00fablica de la ciencia en el estado de Veracruz. Fue creada el 14 de marzo de 2011 por el Consejo Universitario General y sus actividades se orientan a mejorar la percepci\u00f3n p\u00fablica de la ciencia bajo una perspectiva multidisciplinaria.<\/p>\n<p>Sus principales actividades se relacionan con la planeaci\u00f3n y desarrollo de talleres y ferias de ciencia, divulgaci\u00f3n en medios escritos, concursos de divulgaci\u00f3n, as\u00ed como talleres y cursos de capacitaci\u00f3n a investigadores y divulgadores.<\/p>\n<p>Dichas tareas est\u00e1n dirigidas a diferentes p\u00fablicos, incluyendo grupos sociales espec\u00edficos, estudiantes de posgrado, investigadores, tomadores de decisiones, medios de comunicaci\u00f3n y divulgadores.<\/p>\n<p>Para conocer m\u00e1s detalles sobre sus actividades, se puede visitar su p\u00e1gina <em>web<\/em>: <a href=\"https:\/\/www.uv.mx\/cienciauv\/\">https:\/\/www.uv.mx\/cienciauv\/<\/a><\/p>\n<p>&nbsp;<\/p>\n","protected":false},"excerpt":{"rendered":"<p>La Red de Popularizaci\u00f3n de la Ciencia y la Tecnolog\u00eda en Am\u00e9rica Latina y el Caribe (RedPOP) ha integrado como miembro titular a la Direcci\u00f3n de Comunicaci\u00f3n de la Ciencia de la Universidad Veracruzana (UV). Con ello se fortalecer\u00e1 el intercambio, los mecanismos de cooperaci\u00f3n y el aprovechamiento de recursos con otras instituciones de esta regi\u00f3n.<\/p>\n","protected":false},"author":1810,"featured_media":23506,"comment_status":"closed","ping_status":"closed","sticky":false,"template":"","format":"standard","meta":{"footnotes":""},"categories":[1],"tags":[3],"class_list":["post-23491","post","type-post","status-publish","format-standard","has-post-thumbnail","hentry","category-general","tag-secundarias"],"_links":{"self":[{"href":"https:\/\/www.uv.mx\/prensa\/wp-json\/wp\/v2\/posts\/23491","targetHints":{"allow":["GET"]}}],"collection":[{"href":"https:\/\/www.uv.mx\/prensa\/wp-json\/wp\/v2\/posts"}],"about":[{"href":"https:\/\/www.uv.mx\/prensa\/wp-json\/wp\/v2\/types\/post"}],"author":[{"embeddable":true,"href":"https:\/\/www.uv.mx\/prensa\/wp-json\/wp\/v2\/users\/1810"}],"replies":[{"embeddable":true,"href":"https:\/\/www.uv.mx\/prensa\/wp-json\/wp\/v2\/comments?post=23491"}],"version-history":[{"count":0,"href":"https:\/\/www.uv.mx\/prensa\/wp-json\/wp\/v2\/posts\/23491\/revisions"}],"wp:featuredmedia":[{"embeddable":true,"href":"https:\/\/www.uv.mx\/prensa\/wp-json\/wp\/v2\/media\/23506"}],"wp:attachment":[{"href":"https:\/\/www.uv.mx\/prensa\/wp-json\/wp\/v2\/media?parent=23491"}],"wp:term":[{"taxonomy":"category","embeddable":true,"href":"https:\/\/www.uv.mx\/prensa\/wp-json\/wp\/v2\/categories?post=23491"},{"taxonomy":"post_tag","embeddable":true,"href":"https:\/\/www.uv.mx\/prensa\/wp-json\/wp\/v2\/tags?post=23491"}],"curies":[{"name":"wp","href":"https:\/\/api.w.org\/{rel}","templated":true}]}}