{"id":23384,"date":"2017-03-15T19:57:34","date_gmt":"2017-03-16T01:57:34","guid":{"rendered":"https:\/\/www.uv.mx\/prensa\/?p=23384"},"modified":"2017-03-16T09:40:14","modified_gmt":"2017-03-16T15:40:14","slug":"abanderan-a-halcones-que-van-a-la-universiada-regional-2017","status":"publish","type":"post","link":"https:\/\/www.uv.mx\/prensa\/deportes\/abanderan-a-halcones-que-van-a-la-universiada-regional-2017\/","title":{"rendered":"Abanderan a Halcones que van a la Universiada Regional 2017"},"content":{"rendered":"<ul>\n<li><em>La secretaria Acad\u00e9mica, Leticia Rodr\u00edguez Audirac, felicit\u00f3 a los deportistas y <\/em><em>expres\u00f3 que son<\/em><em> un orgullo para la comunidad universitaria<\/em><\/li>\n<\/ul>\n<p><strong>\u00a0<\/strong><\/p>\n<div id=\"attachment_23385\" style=\"width: 1034px\" class=\"wp-caption aligncenter\"><a href=\"https:\/\/www.uv.mx\/prensa\/files\/2017\/03\/ABANDERAMIENTO-HALCONES-2-100k.jpg\"><img loading=\"lazy\" decoding=\"async\" aria-describedby=\"caption-attachment-23385\" class=\"size-large wp-image-23385\" src=\"https:\/\/www.uv.mx\/prensa\/files\/2017\/03\/ABANDERAMIENTO-HALCONES-2-100k-1024x683.jpg\" alt=\"Leticia Rodr\u00edguez Audirac, Secretaria Acad\u00e9mica, abander\u00f3 y felicit\u00f3 a los deportistas de la UV\" width=\"1024\" height=\"683\" srcset=\"https:\/\/www.uv.mx\/prensa\/files\/2017\/03\/ABANDERAMIENTO-HALCONES-2-100k.jpg 1024w, https:\/\/www.uv.mx\/prensa\/files\/2017\/03\/ABANDERAMIENTO-HALCONES-2-100k-300x200.jpg 300w, https:\/\/www.uv.mx\/prensa\/files\/2017\/03\/ABANDERAMIENTO-HALCONES-2-100k-768x512.jpg 768w\" sizes=\"auto, (max-width: 1024px) 100vw, 1024px\" \/><\/a><p id=\"caption-attachment-23385\" class=\"wp-caption-text\">Leticia Rodr\u00edguez Audirac, Secretaria Acad\u00e9mica, abander\u00f3 y felicit\u00f3 a los deportistas de la UV<\/p><\/div>\n<p>&nbsp;<\/p>\n<p>&nbsp;<\/p>\n<p><strong>Santiago Morales Ortiz<\/strong><\/p>\n<p>&nbsp;<\/p>\n<p><strong><em>Xalapa, Ver., 1<\/em><\/strong><strong><em>5\/03\/ 2017.-<\/em><\/strong> Leticia Rodr\u00edguez Audirac, secretaria Acad\u00e9mica de la Universidad Veracruzana (UV) abander\u00f3 a la delegaci\u00f3n deportiva que del 16 al 26 de este mes participar\u00e1 en la Universiada Regional de Tlaxcala, la antesala de la Universiada Nacional de Nuevo Le\u00f3n.<\/p>\n<p>\u201cSon un orgullo para los 90 mil universitarios que integran nuestra m\u00e1xima casa de estudios. Ustedes portan bien el uniforme y estoy segura que arrasar\u00e1n con las medallas\u201d, expres\u00f3 Rodr\u00edguez Audirac, a nombre de la rectora Sara Ladr\u00f3n de Guevara.<\/p>\n<p>Acompa\u00f1ada por el secretario de Administraci\u00f3n y Finanzas de la UV, Gerardo Garc\u00eda Ricardo, y por la titular de la Direcci\u00f3n de Actividades Deportivas de la UV (DADUV), Maribel Barradas Landa, entre otras autoridades, Rodr\u00edguez Audirac agreg\u00f3 que los <em>Halcones<\/em> son los m\u00e1ximos exponentes del deporte estudiantil veracruzano.<\/p>\n<p>&nbsp;<\/p>\n<div id=\"attachment_23386\" style=\"width: 1034px\" class=\"wp-caption aligncenter\"><a href=\"https:\/\/www.uv.mx\/prensa\/files\/2017\/03\/ABANDERAMIENTO-HALCONES-1-100k.jpg\"><img loading=\"lazy\" decoding=\"async\" aria-describedby=\"caption-attachment-23386\" class=\"size-large wp-image-23386\" src=\"https:\/\/www.uv.mx\/prensa\/files\/2017\/03\/ABANDERAMIENTO-HALCONES-1-100k-1024x683.jpg\" alt=\"\" width=\"1024\" height=\"683\" srcset=\"https:\/\/www.uv.mx\/prensa\/files\/2017\/03\/ABANDERAMIENTO-HALCONES-1-100k.jpg 1024w, https:\/\/www.uv.mx\/prensa\/files\/2017\/03\/ABANDERAMIENTO-HALCONES-1-100k-300x200.jpg 300w, https:\/\/www.uv.mx\/prensa\/files\/2017\/03\/ABANDERAMIENTO-HALCONES-1-100k-768x512.jpg 768w\" sizes=\"auto, (max-width: 1024px) 100vw, 1024px\" \/><\/a><p id=\"caption-attachment-23386\" class=\"wp-caption-text\">La delegaci\u00f3n que participar\u00e1 en la Universiada Regional de Tlaxcala<\/p><\/div>\n<p>&nbsp;<\/p>\n<p>La ceremonia de abanderamiento tuvo lugar en el Gimnasio \u201cMiguel \u00c1ngel R\u00edos Torres\u201d, con la presencia de los mejores exponentes de la delegaci\u00f3n de <em>Halcones<\/em>, que con 318 elementos entre deportistas, entrenadores y personal de apoyo, participar\u00e1n en la justa deportiva.<\/p>\n<p>Al hacer uso de la palabra, la titular de la DADUV agradeci\u00f3 el apoyo de las autoridades universitarias y aval\u00f3 la calidad, compromiso, disciplina y entrega de los deportistas.<\/p>\n<p>Las palabras de compromiso, a nombre de los entrenadores, estuvieron a cargo de Fernando Mart\u00ednez Okamura, de karate do; en tanto que el compromiso a nombre de los deportistas lo hizo la seleccionada de basquetbol femenil, Mar\u00eda Fernanda Garc\u00eda Aguilar.<\/p>\n<p>Recibieron el bander\u00edn los destacados deportistas Karen Amalinalli Cuevas Rodr\u00edguez (<em>handball<\/em>), Alejandra Soriano Beristain (futbol r\u00e1pido), Alejandro Camarillo P\u00e9rez (futbol soccer) y Enrique Hern\u00e1ndez Escobedo (tenis de mesa).<\/p>\n<p>Al final se tom\u00f3 la foto de toda la delegaci\u00f3n deportiva con las autoridades universitarias.<\/p>\n<p>&nbsp;<\/p>\n","protected":false},"excerpt":{"rendered":"<p> <strong><em>Santiago Morales Ortiz.-<\/em><\/strong>La secretaria Acad\u00e9mica Leticia Rodr\u00edguez Audirac, a nombre de la rectora Sara Ladr\u00f3n de Guevara, abander\u00f3 a la delegaci\u00f3n deportiva que del 16 al 26 de marzo participar\u00e1 en la Universiada Regional de Tlaxcala, antesala de la Universiada Nacional de Nuevo Le\u00f3n<\/p>\n","protected":false},"author":1508,"featured_media":23387,"comment_status":"closed","ping_status":"closed","sticky":false,"template":"","format":"standard","meta":{"footnotes":""},"categories":[12],"tags":[2],"class_list":["post-23384","post","type-post","status-publish","format-standard","has-post-thumbnail","hentry","category-deportes","tag-principal"],"_links":{"self":[{"href":"https:\/\/www.uv.mx\/prensa\/wp-json\/wp\/v2\/posts\/23384","targetHints":{"allow":["GET"]}}],"collection":[{"href":"https:\/\/www.uv.mx\/prensa\/wp-json\/wp\/v2\/posts"}],"about":[{"href":"https:\/\/www.uv.mx\/prensa\/wp-json\/wp\/v2\/types\/post"}],"author":[{"embeddable":true,"href":"https:\/\/www.uv.mx\/prensa\/wp-json\/wp\/v2\/users\/1508"}],"replies":[{"embeddable":true,"href":"https:\/\/www.uv.mx\/prensa\/wp-json\/wp\/v2\/comments?post=23384"}],"version-history":[{"count":0,"href":"https:\/\/www.uv.mx\/prensa\/wp-json\/wp\/v2\/posts\/23384\/revisions"}],"wp:featuredmedia":[{"embeddable":true,"href":"https:\/\/www.uv.mx\/prensa\/wp-json\/wp\/v2\/media\/23387"}],"wp:attachment":[{"href":"https:\/\/www.uv.mx\/prensa\/wp-json\/wp\/v2\/media?parent=23384"}],"wp:term":[{"taxonomy":"category","embeddable":true,"href":"https:\/\/www.uv.mx\/prensa\/wp-json\/wp\/v2\/categories?post=23384"},{"taxonomy":"post_tag","embeddable":true,"href":"https:\/\/www.uv.mx\/prensa\/wp-json\/wp\/v2\/tags?post=23384"}],"curies":[{"name":"wp","href":"https:\/\/api.w.org\/{rel}","templated":true}]}}