{"id":23210,"date":"2017-03-13T11:47:55","date_gmt":"2017-03-13T17:47:55","guid":{"rendered":"https:\/\/www.uv.mx\/prensa\/?p=23210"},"modified":"2017-03-13T11:47:55","modified_gmt":"2017-03-13T17:47:55","slug":"ceicah-convoca-al-doctorado-en-ciencias-del-comportamiento","status":"publish","type":"post","link":"https:\/\/www.uv.mx\/prensa\/general\/ceicah-convoca-al-doctorado-en-ciencias-del-comportamiento\/","title":{"rendered":"CEICAH convoca al Doctorado en Ciencias del Comportamiento"},"content":{"rendered":"<ul>\n<li><em>Busca formar investigadores competentes en los procesos b\u00e1sicos conductuales<\/em><\/li>\n<li><em>Es un posgrado consolidado y el <\/em>Conacyt<em> ofrece becas a los alumnos del mismo, pues requiere de tiempo completo<\/em><\/li>\n<\/ul>\n<p>&nbsp;<\/p>\n<div id=\"attachment_23216\" style=\"width: 732px\" class=\"wp-caption aligncenter\"><a href=\"https:\/\/www.uv.mx\/prensa\/files\/2017\/03\/CEICAH-1-130317-ok.jpg\"><img loading=\"lazy\" decoding=\"async\" aria-describedby=\"caption-attachment-23216\" class=\"size-full wp-image-23216\" src=\"https:\/\/www.uv.mx\/prensa\/files\/2017\/03\/CEICAH-1-130317-ok.jpg\" alt=\"\" width=\"722\" height=\"445\" srcset=\"https:\/\/www.uv.mx\/prensa\/files\/2017\/03\/CEICAH-1-130317-ok.jpg 722w, https:\/\/www.uv.mx\/prensa\/files\/2017\/03\/CEICAH-1-130317-ok-300x185.jpg 300w\" sizes=\"auto, (max-width: 722px) 100vw, 722px\" \/><\/a><p id=\"caption-attachment-23216\" class=\"wp-caption-text\">En M\u00e9xico s\u00f3lo existen tres programas doctorales con esta vocaci\u00f3n y en la regi\u00f3n sureste la UV es la \u00fanica IES que lo imparte<\/p><\/div>\n<p>&nbsp;<\/p>\n<p><strong><em>Jos\u00e9 Luis Couttolenc Soto<\/em><\/strong><\/p>\n<p>&nbsp;<\/p>\n<p><strong><em>Xalapa, Ver., 13\/03\/2017.<\/em><\/strong><em>&#8211; <\/em>El Centro de Estudios e Investigaciones en Conocimientos y Aprendizaje Humano (CEICAH) de la Universidad Veracruzana (UV) lanz\u00f3 su convocatoria para cursar el Doctorado en Ciencias del Comportamiento, con el que busca formar cient\u00edficos de los procesos b\u00e1sicos del comportamiento a trav\u00e9s de la investigaci\u00f3n experimental y laboratorio, inform\u00f3 el coordinador de este posgrado, Ricardo P\u00e9rez Almonacid.<\/p>\n<p>Tras precisar que \u00e9ste no es un posgrado \u201cpara aprender a hacer terapias ni atender asuntos escolares\u201d, el tambi\u00e9n investigador explic\u00f3: \u201cEs un doctorado directo en el que se pretende entender la din\u00e1mica y los procesos del comportamiento pertinentes\u201d, por lo que los aspirantes deber\u00e1n contar con disciplina de trabajo tanto individual como acad\u00e9mica, ya que durante su formaci\u00f3n doctoral no recibir\u00e1n clases magistrales, sino una formaci\u00f3n autorregulada y supervisada por tutores.<\/p>\n<p>La relaci\u00f3n de las ciencias del comportamiento con la soluci\u00f3n de los problemas sociales se da de manera indirecta puesto que busca, en primera instancia, atender los problemas de la ciencia y el comportamiento como disciplina, lo que hace que las aplicaciones sociales sean indirectas.<\/p>\n<p>Es deseable que se cuente con investigadores especialmente formados en los procesos b\u00e1sicos del comportamiento, y que no s\u00f3lo reproduzcan lo que saben, sino que lideren la producci\u00f3n novedosa y rigurosa de conocimientos psicol\u00f3gicos.<\/p>\n<p>&nbsp;<\/p>\n<div id=\"attachment_23219\" style=\"width: 693px\" class=\"wp-caption aligncenter\"><a href=\"https:\/\/www.uv.mx\/prensa\/files\/2017\/03\/CEICAH-2-130317-ok.jpg\"><img loading=\"lazy\" decoding=\"async\" aria-describedby=\"caption-attachment-23219\" class=\"size-large wp-image-23219\" src=\"https:\/\/www.uv.mx\/prensa\/files\/2017\/03\/CEICAH-2-130317-ok-683x1024.jpg\" alt=\"\" width=\"683\" height=\"1024\" srcset=\"https:\/\/www.uv.mx\/prensa\/files\/2017\/03\/CEICAH-2-130317-ok-683x1024.jpg 683w, https:\/\/www.uv.mx\/prensa\/files\/2017\/03\/CEICAH-2-130317-ok-200x300.jpg 200w, https:\/\/www.uv.mx\/prensa\/files\/2017\/03\/CEICAH-2-130317-ok.jpg 722w\" sizes=\"auto, (max-width: 683px) 100vw, 683px\" \/><\/a><p id=\"caption-attachment-23219\" class=\"wp-caption-text\">Ricardo P\u00e9rez Almonacid, coordinador del Doctorado en Ciencias del Comportamiento que ofrece el CEICAH de la UV<\/p><\/div>\n<p>&nbsp;<\/p>\n<p>En M\u00e9xico s\u00f3lo existen tres programas doctorales con vocaci\u00f3n orientada hacia la ciencia del comportamiento, y en la regi\u00f3n sureste la UV es la \u00fanica instituci\u00f3n de educaci\u00f3n superior que lo imparte, de tal forma que se tiene la responsabilidad de impactar la formaci\u00f3n de psic\u00f3logos con relaci\u00f3n a esta tem\u00e1tica.<\/p>\n<p>El Doctorado en Ciencias del Comportamiento puede proveer de herramientas para el desarrollo de proyectos y pol\u00edticas p\u00fablicas mejor fundamentadas en lo concerniente al comportamiento humano, y ofrece la posibilidad de incidir en el desarrollo de proyectos sociales oportunos, especialmente en el \u00e1mbito educativo.<\/p>\n<p>Finalmente, P\u00e9rez Almonacid destac\u00f3 que por ser un programa consolidado, el Consejo Nacional de Ciencia y Tecnolog\u00eda (<em>Conacyt<\/em>) ofrece becas a los alumnos del mismo ya que \u00e9ste requiere de tiempo completo, para lo cual \u00fanicamente hay que demostrar excelente desempe\u00f1o acad\u00e9mico.<\/p>\n<p>Para mayor informaci\u00f3n, los interesados pueden acudir a la Avenida Orizaba n\u00famero 203, Fraccionamiento Veracruz, en Xalapa; ingresar a la p\u00e1gina <a href=\"https:\/\/www.uv.mx\/dcc\">www.uv.mx\/dcc<\/a>, o bien contactar al coordinador Ricardo P\u00e9rez Almonacid en <a href=\"mailto:riperez@uv.mx\">riperez@uv.mx<\/a><\/p>\n<p>&nbsp;<\/p>\n","protected":false},"excerpt":{"rendered":"<p><strong><em>Jos\u00e9 Luis Couttolenc .-<\/em><\/strong>El Centro de Estudios e Investigaciones en Conocimientos y Aprendizaje Humano (CEICAH) de la Universidad Veracruzana (UV) lanz\u00f3 su convocatoria para cursar el Doctorado en Ciencias del Comportamiento, con el que busca formar cient\u00edficos de los procesos b\u00e1sicos del comportamiento a trav\u00e9s de la investigaci\u00f3n experimental y laboratorio, inform\u00f3 el coordinador de este posgrado, Ricardo P\u00e9rez Almonacid.<\/p>\n","protected":false},"author":1810,"featured_media":23212,"comment_status":"closed","ping_status":"closed","sticky":false,"template":"","format":"standard","meta":{"footnotes":""},"categories":[1],"tags":[3],"class_list":["post-23210","post","type-post","status-publish","format-standard","has-post-thumbnail","hentry","category-general","tag-secundarias"],"_links":{"self":[{"href":"https:\/\/www.uv.mx\/prensa\/wp-json\/wp\/v2\/posts\/23210","targetHints":{"allow":["GET"]}}],"collection":[{"href":"https:\/\/www.uv.mx\/prensa\/wp-json\/wp\/v2\/posts"}],"about":[{"href":"https:\/\/www.uv.mx\/prensa\/wp-json\/wp\/v2\/types\/post"}],"author":[{"embeddable":true,"href":"https:\/\/www.uv.mx\/prensa\/wp-json\/wp\/v2\/users\/1810"}],"replies":[{"embeddable":true,"href":"https:\/\/www.uv.mx\/prensa\/wp-json\/wp\/v2\/comments?post=23210"}],"version-history":[{"count":0,"href":"https:\/\/www.uv.mx\/prensa\/wp-json\/wp\/v2\/posts\/23210\/revisions"}],"wp:featuredmedia":[{"embeddable":true,"href":"https:\/\/www.uv.mx\/prensa\/wp-json\/wp\/v2\/media\/23212"}],"wp:attachment":[{"href":"https:\/\/www.uv.mx\/prensa\/wp-json\/wp\/v2\/media?parent=23210"}],"wp:term":[{"taxonomy":"category","embeddable":true,"href":"https:\/\/www.uv.mx\/prensa\/wp-json\/wp\/v2\/categories?post=23210"},{"taxonomy":"post_tag","embeddable":true,"href":"https:\/\/www.uv.mx\/prensa\/wp-json\/wp\/v2\/tags?post=23210"}],"curies":[{"name":"wp","href":"https:\/\/api.w.org\/{rel}","templated":true}]}}