{"id":23121,"date":"2017-03-10T12:12:42","date_gmt":"2017-03-10T18:12:42","guid":{"rendered":"https:\/\/www.uv.mx\/prensa\/?p=23121"},"modified":"2017-03-10T12:37:25","modified_gmt":"2017-03-10T18:37:25","slug":"uv-promueve-tutorias-para-la-apreciacion-artistica","status":"publish","type":"post","link":"https:\/\/www.uv.mx\/prensa\/general\/uv-promueve-tutorias-para-la-apreciacion-artistica\/","title":{"rendered":"UV promueve Tutor\u00edas  para la Apreciaci\u00f3n Art\u00edstica"},"content":{"rendered":"<ul>\n<li><em>La DGDAIE convoca a estudiantes, docentes y personal administrativo a participar<\/em><\/li>\n<li><em>La inscripci\u00f3n est\u00e1 abierta hasta el 13 de marzo<\/em><\/li>\n<\/ul>\n<p>&nbsp;<\/p>\n<div id=\"attachment_23141\" style=\"width: 732px\" class=\"wp-caption aligncenter\"><a href=\"https:\/\/www.uv.mx\/prensa\/files\/2017\/03\/Tutorias-Apreciacion-1-100317.jpg\"><img loading=\"lazy\" decoding=\"async\" aria-describedby=\"caption-attachment-23141\" class=\"size-full wp-image-23141\" src=\"https:\/\/www.uv.mx\/prensa\/files\/2017\/03\/Tutorias-Apreciacion-1-100317.jpg\" alt=\"\" width=\"722\" height=\"481\" srcset=\"https:\/\/www.uv.mx\/prensa\/files\/2017\/03\/Tutorias-Apreciacion-1-100317.jpg 722w, https:\/\/www.uv.mx\/prensa\/files\/2017\/03\/Tutorias-Apreciacion-1-100317-300x200.jpg 300w\" sizes=\"auto, (max-width: 722px) 100vw, 722px\" \/><\/a><p id=\"caption-attachment-23141\" class=\"wp-caption-text\">Carlos IV Escudero Campo, responsable de las Tutor\u00edas para la Apreciaci\u00f3n Art\u00edstica<\/p><\/div>\n<p>&nbsp;<\/p>\n<p><strong><em>Melissa Monta\u00f1o P\u00e9rez<\/em><\/strong><\/p>\n<p>&nbsp;<\/p>\n<p><strong><em>Xalapa, Ver., 10\/03\/2017.-<\/em><\/strong> Las direcciones generales de Desarrollo Acad\u00e9mico e Innovaci\u00f3n Educativa (DGDAIE) y de Difusi\u00f3n Cultural (DGDC) de la Universidad Veracruzana (UV), invitan a la comunidad universitaria a participar en las Tutor\u00edas para la Apreciaci\u00f3n Art\u00edstica, las cuales ofrecen hasta seis cr\u00e9ditos en el \u00c1rea de Formaci\u00f3n de Elecci\u00f3n Libre (AFEL) en el caso de los alumnos, y una constancia para docentes y personal administrativo por parte del Programa de Formaci\u00f3n de Acad\u00e9micos (<em>ProFA<\/em>).<\/p>\n<p>Carlos IV Escudero Campo, adscrito a la DGDAIE y responsable de las Tutor\u00edas para la Apreciaci\u00f3n Art\u00edstica, explic\u00f3 que \u00e9stas nacieron en 2009 y \u201cse convirtieron en un complemento de la formaci\u00f3n integral del estudiante, son muy importantes ya que los que imparten estas clases son ejecutantes de los grupos art\u00edsticos de la UV, entre ellos la Orquesta Sinf\u00f3nica de Xalapa. Su experiencia la transmiten a los estudiantes, acad\u00e9micos y personal administrativo, lo cual fortalece la educaci\u00f3n de los alumnos, la hace completa, \u00edntegra. Y es que las artes son fundamentales en el aprendizaje de los estudiantes\u201d, expres\u00f3.<\/p>\n<p>Para el periodo Febrero-Julio 2017 se ofrecen 48 experiencias educativas: 18 en Veracruz, uno en Poza Rica, otro en Coatzacoalcos y los restantes en Xalapa. Entre \u00e9stas pueden encontrarse tutor\u00edas como Solfeo Express; M\u00e9xico y su m\u00fasica; El arpa veracruzana; La imagen visual; Apreciaci\u00f3n y ejecuci\u00f3n del arpa en la m\u00fasica folkl\u00f3rica latinoamericana, y La m\u00fasica orquestal y violin\u00edstica.<\/p>\n<p>Las tutor\u00edas est\u00e1n abiertas para toda la comunidad universitaria, incluyendo acad\u00e9micos y personal administrativo; \u201clas experiencias se dividen en dos periodos: el primero aparece como Apreciaci\u00f3n Art\u00edstica, y el segundo como Apreciaci\u00f3n de las Artes Esc\u00e9nicas\u201d, mencion\u00f3 Carlos Escudero.<\/p>\n<p>&nbsp;<\/p>\n<div id=\"attachment_23132\" style=\"width: 732px\" class=\"wp-caption aligncenter\"><a href=\"https:\/\/www.uv.mx\/prensa\/files\/2017\/03\/Tutorias-Apreciacion-2-100317.jpg\"><img loading=\"lazy\" decoding=\"async\" aria-describedby=\"caption-attachment-23132\" class=\"size-full wp-image-23132\" src=\"https:\/\/www.uv.mx\/prensa\/files\/2017\/03\/Tutorias-Apreciacion-2-100317.jpg\" alt=\"\" width=\"722\" height=\"481\" srcset=\"https:\/\/www.uv.mx\/prensa\/files\/2017\/03\/Tutorias-Apreciacion-2-100317.jpg 722w, https:\/\/www.uv.mx\/prensa\/files\/2017\/03\/Tutorias-Apreciacion-2-100317-300x200.jpg 300w\" sizes=\"auto, (max-width: 722px) 100vw, 722px\" \/><\/a><p id=\"caption-attachment-23132\" class=\"wp-caption-text\">UV Ensamble, conformado por m\u00fasicos de los diferentes grupos art\u00edsticos de esta casa de estudios, se present\u00f3 en FCAS<\/p><\/div>\n<p>&nbsp;<\/p>\n<p>Cada uno equivale a tres cr\u00e9ditos del AFEL para el estudiante que participe de las mismas, obteniendo un m\u00e1ximo de seis cr\u00e9ditos si cursa ambos periodos. En el caso de los acad\u00e9micos y personal administrativo, ser\u00e1n acreedores a una constancia <em>ProFA<\/em> que valide su participaci\u00f3n.<\/p>\n<p>Cabe mencionar que quien desee participar como ejecutante debe tomar un curso que se da a trav\u00e9s del <em>ProFA<\/em> para que sea capacitado y acreditado para impartir dichas clases.<\/p>\n<p>Como parte de la promoci\u00f3n de las tutor\u00edas, el mi\u00e9rcoles 8 de marzo se present\u00f3 el grupo musical UV Ensamble, conformado por m\u00fasicos de los diferentes grupos de la Universidad, en la Facultad de Ciencias Administrativas y Sociales (FCAS), con el fin de invitar a los estudiantes a acercarse y participar.<\/p>\n<p>\u201cLa UV es pionera cultural a nivel nacional\u201d, afirm\u00f3 Carlos Escudero y exhort\u00f3 a la comunidad universitaria a aprovechar la oportunidad de convivir con los m\u00fasicos de la Universidad. Finalmente, agradeci\u00f3 el apoyo brindado para la implementaci\u00f3n de este programa a Alejandra Yamel Assad Meza, jefa del Departamento de Apoyo a la Formaci\u00f3n Integral del Estudiante de la DGDAIE; Jos\u00e9 Antonio Hernanz Moral, titular de la misma dependencia, y Guadalupe Maldonado Berea, directora de Innovaci\u00f3n Educativa.<\/p>\n<p>La inscripci\u00f3n a las Tutor\u00edas para la Apreciaci\u00f3n Art\u00edstica est\u00e1 abierta hasta el 13 de marzo. Para m\u00e1s informaci\u00f3n consultar la p\u00e1gina <a href=\"https:\/\/www.uv.mx\/dgdaie\/tutorias-para-la-apreciacion-artistica\/iltaaa\">https:\/\/www.uv.mx\/dgdaie\/tutorias-para-la-apreciacion-artistica\/iltaaa<\/a>, en <em>Twitter:<\/em> @tutoriasuv o en <em>Facebook<\/em>: Tutor\u00edas UV.<\/p>\n<p><a href=\"https:\/\/www.uv.mx\/prensa\/files\/2017\/03\/Solo-portales_agregar-al-final-y-sin-pie-100317.jpg\"><img loading=\"lazy\" decoding=\"async\" class=\"size-large wp-image-23161 aligncenter\" src=\"https:\/\/www.uv.mx\/prensa\/files\/2017\/03\/Solo-portales_agregar-al-final-y-sin-pie-100317-597x1024.jpg\" alt=\"\" width=\"597\" height=\"1024\" srcset=\"https:\/\/www.uv.mx\/prensa\/files\/2017\/03\/Solo-portales_agregar-al-final-y-sin-pie-100317-597x1024.jpg 597w, https:\/\/www.uv.mx\/prensa\/files\/2017\/03\/Solo-portales_agregar-al-final-y-sin-pie-100317-175x300.jpg 175w, https:\/\/www.uv.mx\/prensa\/files\/2017\/03\/Solo-portales_agregar-al-final-y-sin-pie-100317.jpg 722w\" sizes=\"auto, (max-width: 597px) 100vw, 597px\" \/><\/a><\/p>\n<p>&nbsp;<\/p>\n","protected":false},"excerpt":{"rendered":"<p><\/strong><\/em>Melissa Monta\u00f1o.-<\/em><\/strong>Las direcciones generales de Desarrollo Acad\u00e9mico e Innovaci\u00f3n Educativa (DGDAIE) y de Difusi\u00f3n Cultural (DGDC) de la Universidad Veracruzana (UV), invitan a la comunidad universitaria a participar en las Tutor\u00edas para la Apreciaci\u00f3n Art\u00edstica, las cuales ofrecen hasta seis cr\u00e9ditos en el \u00c1rea de Formaci\u00f3n de Elecci\u00f3n Libre (AFEL) en el caso de los alumnos, y una constancia para docentes y personal administrativo por parte del Programa de Formaci\u00f3n de Acad\u00e9micos (ProFA).<\/p>\n","protected":false},"author":1810,"featured_media":23159,"comment_status":"closed","ping_status":"closed","sticky":false,"template":"","format":"standard","meta":{"footnotes":""},"categories":[1],"tags":[3],"class_list":["post-23121","post","type-post","status-publish","format-standard","has-post-thumbnail","hentry","category-general","tag-secundarias"],"_links":{"self":[{"href":"https:\/\/www.uv.mx\/prensa\/wp-json\/wp\/v2\/posts\/23121","targetHints":{"allow":["GET"]}}],"collection":[{"href":"https:\/\/www.uv.mx\/prensa\/wp-json\/wp\/v2\/posts"}],"about":[{"href":"https:\/\/www.uv.mx\/prensa\/wp-json\/wp\/v2\/types\/post"}],"author":[{"embeddable":true,"href":"https:\/\/www.uv.mx\/prensa\/wp-json\/wp\/v2\/users\/1810"}],"replies":[{"embeddable":true,"href":"https:\/\/www.uv.mx\/prensa\/wp-json\/wp\/v2\/comments?post=23121"}],"version-history":[{"count":0,"href":"https:\/\/www.uv.mx\/prensa\/wp-json\/wp\/v2\/posts\/23121\/revisions"}],"wp:featuredmedia":[{"embeddable":true,"href":"https:\/\/www.uv.mx\/prensa\/wp-json\/wp\/v2\/media\/23159"}],"wp:attachment":[{"href":"https:\/\/www.uv.mx\/prensa\/wp-json\/wp\/v2\/media?parent=23121"}],"wp:term":[{"taxonomy":"category","embeddable":true,"href":"https:\/\/www.uv.mx\/prensa\/wp-json\/wp\/v2\/categories?post=23121"},{"taxonomy":"post_tag","embeddable":true,"href":"https:\/\/www.uv.mx\/prensa\/wp-json\/wp\/v2\/tags?post=23121"}],"curies":[{"name":"wp","href":"https:\/\/api.w.org\/{rel}","templated":true}]}}