{"id":22944,"date":"2017-03-08T13:44:01","date_gmt":"2017-03-08T19:44:01","guid":{"rendered":"https:\/\/www.uv.mx\/prensa\/?p=22944"},"modified":"2017-03-08T15:13:10","modified_gmt":"2017-03-08T21:13:10","slug":"usbi-cordoba-cuenta-con-andador-ecologico-e-iluminado","status":"publish","type":"post","link":"https:\/\/www.uv.mx\/prensa\/regiones\/usbi-cordoba-cuenta-con-andador-ecologico-e-iluminado\/","title":{"rendered":"USBI C\u00f3rdoba cuenta con andador ecol\u00f3gico e iluminado"},"content":{"rendered":"<p>&nbsp;<\/p>\n<div id=\"attachment_22962\" style=\"width: 732px\" class=\"wp-caption aligncenter\"><a href=\"https:\/\/www.uv.mx\/prensa\/files\/2017\/03\/Inauor-1.jpg\"><img loading=\"lazy\" decoding=\"async\" aria-describedby=\"caption-attachment-22962\" class=\"size-full wp-image-22962\" src=\"https:\/\/www.uv.mx\/prensa\/files\/2017\/03\/Inauor-1.jpg\" alt=\"\" width=\"722\" height=\"406\" \/><\/a><p id=\"caption-attachment-22962\" class=\"wp-caption-text\">Vista del andador de la USBI C\u00f3rdoba<\/p><\/div>\n<p>&nbsp;<\/p>\n<p><strong><em>Francisco Javier Cha\u00edn Revuelta<\/em><\/strong><\/p>\n<p>&nbsp;<\/p>\n<p><strong><em>C\u00f3rdoba, Ver. 08\/03\/2017.-<\/em><\/strong> Autoridades de la Universidad Veracruzana (UV) y del Ayuntamiento cordob\u00e9s inauguraron el andador de acceso a la Unidad de Servicios Bibliotecarios y de Informaci\u00f3n (USBI) de esta casa de estudio, destac\u00f3 Beatriz Rodr\u00edguez Villafuerte, vicerrectora de la regi\u00f3n Orizaba-C\u00f3rdoba.<\/p>\n<p>La funcionaria se congratul\u00f3 por la conjunci\u00f3n de esfuerzos entre esta casa de estudio y el ayuntamiento, que redunda en mejoras de infraestructura en la USBI, entre ellas el nuevo andador de acceso a esta entidad, que en el futuro se llamar\u00e1 Centro para la Cultura, la Ciencia y las Artes.<\/p>\n<p>Rodr\u00edguez Villafuerte detall\u00f3 que actualmente la USBI-C\u00f3rdoba alberga a cerca de 400 estudiantes de los Talleres Libres de Arte (TLA); alumnos de dos diplomados; la Coordinaci\u00f3n Regional de Posgrado e Investigaci\u00f3n, y pr\u00f3ximamente recibir\u00e1 a la primera generaci\u00f3n de estudiantes de la Licenciatura en Ense\u00f1anza de las Artes.<\/p>\n<p>&nbsp;<\/p>\n<div id=\"attachment_22965\" style=\"width: 732px\" class=\"wp-caption aligncenter\"><a href=\"https:\/\/www.uv.mx\/prensa\/files\/2017\/03\/Iador-2.jpg\"><img loading=\"lazy\" decoding=\"async\" aria-describedby=\"caption-attachment-22965\" class=\"size-full wp-image-22965\" src=\"https:\/\/www.uv.mx\/prensa\/files\/2017\/03\/Iador-2.jpg\" alt=\"\" width=\"722\" height=\"406\" srcset=\"https:\/\/www.uv.mx\/prensa\/files\/2017\/03\/Iador-2.jpg 722w, https:\/\/www.uv.mx\/prensa\/files\/2017\/03\/Iador-2-300x169.jpg 300w\" sizes=\"auto, (max-width: 722px) 100vw, 722px\" \/><\/a><p id=\"caption-attachment-22965\" class=\"wp-caption-text\">Corte del list\u00f3n inaugural del camino construido con concreto 100 por ciento permeable<\/p><\/div>\n<p>&nbsp;<\/p>\n<p>El director de Obras P\u00fablicas de la ciudad de C\u00f3rdoba y responsable de la construcci\u00f3n del andador, Hugo Fern\u00e1ndez Bernal, coment\u00f3 que esta obra dar\u00e1 seguridad a los estudiantes porque tienen ya un camino de cerca de mil metros cuadrados con un amplio sentido ecologista, que posee concreto ecol\u00f3gico 100 por ciento permeable y 19 luminarias.<\/p>\n<p>Mencion\u00f3 que para esta obra el ayuntamiento invirti\u00f3 casi un mill\u00f3n de pesos y expres\u00f3 que tener mejor infraestructura permite a la USBI ofrecer algo que es primordial para la sociedad: espacios universitarios dignos y carreras que permitan encauzar esa vocaci\u00f3n de muchos por los altos estudios y adem\u00e1s por las bellas artes (en alusi\u00f3n al nuevo programa educativo en Ense\u00f1anza de las Artes).<\/p>\n<p>En la inauguraci\u00f3n del andador estuvieron presentes Jaime Tom\u00e1s R\u00edos Bernal, presidente municipal de C\u00f3rdoba; Miguel Flores Covarrubias, director general del \u00c1rea Acad\u00e9mica de Artes (DGAAA); Mar\u00eda de los \u00c1ngeles Sahag\u00fan Morales, directora municipal de Desarrollo Social; Jos\u00e9 Eduardo Mart\u00ednez Canales, secretario acad\u00e9mico regional; Mar\u00eda de Lourdes Cid Garz\u00f3n, coordinadora de Educaci\u00f3n del ayuntamiento; Deyanira Guillermina Guzm\u00e1n Moreno, coordinadora acad\u00e9mica de Docencia en Investigaci\u00f3n de la Direcci\u00f3n General del \u00c1rea Acad\u00e9mica de Artes, y Claudia Ivonne Espinoza Herrera, alumna de los TLA y de Arquitectura.<\/p>\n<p>&nbsp;<\/p>\n","protected":false},"excerpt":{"rendered":"<p><strong><em>Francisco Javier Cha\u00edn.-<\/em><\/strong>Autoridades de la Universidad Veracruzana (UV) y del Ayuntamiento cordob\u00e9s inauguraron el andador de acceso a la Unidad de Servicios Bibliotecarios y de Informaci\u00f3n (USBI) de esta casa de estudio, destac\u00f3 Beatriz Rodr\u00edguez Villafuerte, vicerrectora de la regi\u00f3n Orizaba-C\u00f3rdoba.<\/p>\n","protected":false},"author":1810,"featured_media":22969,"comment_status":"closed","ping_status":"closed","sticky":false,"template":"","format":"standard","meta":{"footnotes":""},"categories":[32],"tags":[33],"class_list":["post-22944","post","type-post","status-publish","format-standard","has-post-thumbnail","hentry","category-regiones","tag-regiones"],"_links":{"self":[{"href":"https:\/\/www.uv.mx\/prensa\/wp-json\/wp\/v2\/posts\/22944","targetHints":{"allow":["GET"]}}],"collection":[{"href":"https:\/\/www.uv.mx\/prensa\/wp-json\/wp\/v2\/posts"}],"about":[{"href":"https:\/\/www.uv.mx\/prensa\/wp-json\/wp\/v2\/types\/post"}],"author":[{"embeddable":true,"href":"https:\/\/www.uv.mx\/prensa\/wp-json\/wp\/v2\/users\/1810"}],"replies":[{"embeddable":true,"href":"https:\/\/www.uv.mx\/prensa\/wp-json\/wp\/v2\/comments?post=22944"}],"version-history":[{"count":0,"href":"https:\/\/www.uv.mx\/prensa\/wp-json\/wp\/v2\/posts\/22944\/revisions"}],"wp:featuredmedia":[{"embeddable":true,"href":"https:\/\/www.uv.mx\/prensa\/wp-json\/wp\/v2\/media\/22969"}],"wp:attachment":[{"href":"https:\/\/www.uv.mx\/prensa\/wp-json\/wp\/v2\/media?parent=22944"}],"wp:term":[{"taxonomy":"category","embeddable":true,"href":"https:\/\/www.uv.mx\/prensa\/wp-json\/wp\/v2\/categories?post=22944"},{"taxonomy":"post_tag","embeddable":true,"href":"https:\/\/www.uv.mx\/prensa\/wp-json\/wp\/v2\/tags?post=22944"}],"curies":[{"name":"wp","href":"https:\/\/api.w.org\/{rel}","templated":true}]}}