{"id":22903,"date":"2017-03-08T13:11:03","date_gmt":"2017-03-08T19:11:03","guid":{"rendered":"https:\/\/www.uv.mx\/prensa\/?p=22903"},"modified":"2017-03-08T13:11:03","modified_gmt":"2017-03-08T19:11:03","slug":"bernardo-garcia-presento-en-la-uvi-libro-sobre-tlacotalpan-y-el-son","status":"publish","type":"post","link":"https:\/\/www.uv.mx\/prensa\/regiones\/bernardo-garcia-presento-en-la-uvi-libro-sobre-tlacotalpan-y-el-son\/","title":{"rendered":"Bernardo Garc\u00eda present\u00f3 en la UVI Libro sobre Tlacotalpan y el son"},"content":{"rendered":"<ul>\n<li><em>El Premio al Decano 2016 <\/em>comparti\u00f3 en la sede Las Selvas su m\u00e1s reciente publicaci\u00f3n<\/li>\n<li><em>El universitario expres\u00f3 que su labor principal es hacer aportaciones a la historia gr\u00e1fica regional, relatar lo vivido y compartir saberes<\/em><\/li>\n<\/ul>\n<p>&nbsp;<\/p>\n<div id=\"attachment_22906\" style=\"width: 732px\" class=\"wp-caption aligncenter\"><a href=\"https:\/\/www.uv.mx\/prensa\/files\/2017\/03\/Decano-1-ok.jpg\"><img loading=\"lazy\" decoding=\"async\" aria-describedby=\"caption-attachment-22906\" class=\"size-full wp-image-22906\" src=\"https:\/\/www.uv.mx\/prensa\/files\/2017\/03\/Decano-1-ok.jpg\" alt=\"\" width=\"722\" height=\"542\" srcset=\"https:\/\/www.uv.mx\/prensa\/files\/2017\/03\/Decano-1-ok.jpg 722w, https:\/\/www.uv.mx\/prensa\/files\/2017\/03\/Decano-1-ok-300x225.jpg 300w\" sizes=\"auto, (max-width: 722px) 100vw, 722px\" \/><\/a><p id=\"caption-attachment-22906\" class=\"wp-caption-text\">Bernardo Garc\u00eda D\u00edaz durante la presentaci\u00f3n de su libro<\/p><\/div>\n<p>&nbsp;<\/p>\n<p><strong><em>Cecilia Escribano<\/em><\/strong><\/p>\n<p>&nbsp;<\/p>\n<p><strong><em>Huazuntl\u00e1n, Ver. 08\/03\/2017.-<\/em><\/strong> Bernardo Garc\u00eda D\u00edaz, Premio al Decano 2016 de la Universidad Veracruzana (UV), present\u00f3 en la Universidad Veracruzana Intercultural (UVI), sede Las Selvas, su libro m\u00e1s reciente <em>Tlacotalpan y el renacimiento del son jarocho en Sotavento<\/em> y don\u00f3 a la biblioteca de esa instituci\u00f3n algunos de los t\u00edtulos que ha publicado.<\/p>\n<p>Garc\u00eda D\u00edaz es investigador, licenciado y maestro en Historia por la UV; especialista en disciplinas hist\u00f3ricas y geogr\u00e1ficas por la Universidad de Tur\u00edn, Italia; tiene el grado de doctor en Historia de M\u00e9xico por la Benem\u00e9rita Universidad Aut\u00f3noma de Puebla.<\/p>\n<p>La presentaci\u00f3n del libro se realiz\u00f3 en el sal\u00f3n de usos m\u00faltiples de la UVI, y la bienvenida estuvo a cargo del gestor acad\u00e9mico, Ren\u00e9 Hern\u00e1ndez Luis, quien present\u00f3 al decano y se\u00f1al\u00f3 que en 2013 public\u00f3 el libro <em>La construcci\u00f3n de La Escuela Esfuerzo Obrero <\/em>junto con Horacio Guadarrama; en 2012 hizo lo propio con la <em>Breve Historia del Instituto Veracruzano de la Cultura<\/em> tomo I y <em>Los primeros XV a\u00f1os<\/em>; en 2011, <em>Los trabajadores del valle de Orizaba<\/em> <em>y la Revoluci\u00f3n Mexicana, retrato de grupo<\/em>, entre otros.<\/p>\n<p>&nbsp;<\/p>\n<div id=\"attachment_22907\" style=\"width: 732px\" class=\"wp-caption aligncenter\"><a href=\"https:\/\/www.uv.mx\/prensa\/files\/2017\/03\/Decano-2-ok.jpg\"><img loading=\"lazy\" decoding=\"async\" aria-describedby=\"caption-attachment-22907\" class=\"size-full wp-image-22907\" src=\"https:\/\/www.uv.mx\/prensa\/files\/2017\/03\/Decano-2-ok.jpg\" alt=\"\" width=\"722\" height=\"431\" srcset=\"https:\/\/www.uv.mx\/prensa\/files\/2017\/03\/Decano-2-ok.jpg 722w, https:\/\/www.uv.mx\/prensa\/files\/2017\/03\/Decano-2-ok-300x179.jpg 300w\" sizes=\"auto, (max-width: 722px) 100vw, 722px\" \/><\/a><p id=\"caption-attachment-22907\" class=\"wp-caption-text\">El decano con la comunidad de la UVI Las Selvas<\/p><\/div>\n<p>&nbsp;<\/p>\n<p>Bernardo Garc\u00eda es miembro del Instituto de Investigaciones Hist\u00f3rico-Sociales (IIH-S), con extensa experiencia en la historia regional, misma que comparti\u00f3 con los universitarios, motiv\u00e1ndolos a investigar, escribir y plasmar la cultura.<\/p>\n<p>El decano mencion\u00f3 que su principal trabajo es hacer aportaciones a la historia gr\u00e1fica regional, crear libros con fotograf\u00eda hist\u00f3rica, relatar lo vivido y compartir los saberes.<\/p>\n<p>Cabe se\u00f1alar que la visita del decano a la regi\u00f3n se desarroll\u00f3 en el marco del programa \u201cLa palabra y los decanos\u201d, que continu\u00f3 el 7 de marzo en la UVI Grandes Monta\u00f1as; los d\u00edas 13 y 14 de marzo se presentar\u00e1 en las UVI Huasteca y Totonacapan, respectivamente, continuando en Veracruz el 4 de abril, para concluir en Xalapa el 6 del mismo mes.<\/p>\n<p>&nbsp;<\/p>\n","protected":false},"excerpt":{"rendered":"<p><strong><em>Cecilia Escribano.-<\/em><\/strong>Bernardo Garc\u00eda D\u00edaz, Premio al Decano 2016 de la Universidad Veracruzana (UV), present\u00f3 en la Universidad Veracruzana Intercultural (UVI), sede Las Selvas, su libro m\u00e1s reciente Tlacotalpan y el renacimiento del son jarocho en Sotavento y don\u00f3 a la biblioteca de esa instituci\u00f3n algunos de los t\u00edtulos que ha publicado.<\/p>\n","protected":false},"author":1810,"featured_media":22908,"comment_status":"closed","ping_status":"closed","sticky":false,"template":"","format":"standard","meta":{"footnotes":""},"categories":[32],"tags":[33],"class_list":["post-22903","post","type-post","status-publish","format-standard","has-post-thumbnail","hentry","category-regiones","tag-regiones"],"_links":{"self":[{"href":"https:\/\/www.uv.mx\/prensa\/wp-json\/wp\/v2\/posts\/22903","targetHints":{"allow":["GET"]}}],"collection":[{"href":"https:\/\/www.uv.mx\/prensa\/wp-json\/wp\/v2\/posts"}],"about":[{"href":"https:\/\/www.uv.mx\/prensa\/wp-json\/wp\/v2\/types\/post"}],"author":[{"embeddable":true,"href":"https:\/\/www.uv.mx\/prensa\/wp-json\/wp\/v2\/users\/1810"}],"replies":[{"embeddable":true,"href":"https:\/\/www.uv.mx\/prensa\/wp-json\/wp\/v2\/comments?post=22903"}],"version-history":[{"count":0,"href":"https:\/\/www.uv.mx\/prensa\/wp-json\/wp\/v2\/posts\/22903\/revisions"}],"wp:featuredmedia":[{"embeddable":true,"href":"https:\/\/www.uv.mx\/prensa\/wp-json\/wp\/v2\/media\/22908"}],"wp:attachment":[{"href":"https:\/\/www.uv.mx\/prensa\/wp-json\/wp\/v2\/media?parent=22903"}],"wp:term":[{"taxonomy":"category","embeddable":true,"href":"https:\/\/www.uv.mx\/prensa\/wp-json\/wp\/v2\/categories?post=22903"},{"taxonomy":"post_tag","embeddable":true,"href":"https:\/\/www.uv.mx\/prensa\/wp-json\/wp\/v2\/tags?post=22903"}],"curies":[{"name":"wp","href":"https:\/\/api.w.org\/{rel}","templated":true}]}}