{"id":22741,"date":"2017-03-06T10:09:33","date_gmt":"2017-03-06T16:09:33","guid":{"rendered":"https:\/\/www.uv.mx\/prensa\/?p=22741"},"modified":"2017-03-08T15:10:55","modified_gmt":"2017-03-08T21:10:55","slug":"estudiantes-de-medicina-aprobaron-el-egel-ceneval","status":"publish","type":"post","link":"https:\/\/www.uv.mx\/prensa\/regiones\/estudiantes-de-medicina-aprobaron-el-egel-ceneval\/","title":{"rendered":"Estudiantes de Medicina aprobaron el EGEL-Ceneval"},"content":{"rendered":"<p>&nbsp;<\/p>\n<ul>\n<li><em>Un total de 18 alumnos recibieron su constancia de acreditaci\u00f3n por parte del organismo<\/em><\/li>\n<\/ul>\n<p>&nbsp;<\/p>\n<div id=\"attachment_22748\" style=\"width: 732px\" class=\"wp-caption aligncenter\"><a href=\"https:\/\/www.uv.mx\/prensa\/files\/2017\/03\/MEL.jpg\"><img loading=\"lazy\" decoding=\"async\" aria-describedby=\"caption-attachment-22748\" class=\"size-full wp-image-22748\" src=\"https:\/\/www.uv.mx\/prensa\/files\/2017\/03\/MEL.jpg\" alt=\"\" width=\"722\" height=\"511\" srcset=\"https:\/\/www.uv.mx\/prensa\/files\/2017\/03\/MEL.jpg 722w, https:\/\/www.uv.mx\/prensa\/files\/2017\/03\/MEL-300x212.jpg 300w\" sizes=\"auto, (max-width: 722px) 100vw, 722px\" \/><\/a><p id=\"caption-attachment-22748\" class=\"wp-caption-text\">Egresados de la Facultad de Medicina recibieron su acreditaci\u00f3n por haber aprobado el EGEL<\/p><\/div>\n<p>&nbsp;<\/p>\n<p><strong><em>Alma Celia San Mart\u00edn<\/em><\/strong><\/p>\n<p>&nbsp;<\/p>\n<p><strong><em>Poza Rica, Ver., 06\/03\/2017.-<\/em><\/strong> Estudiantes de la Facultad de Medicina de la Universidad Veracruzana (UV) recibieron acreditaciones por aprobar de manera satisfactoria el Examen General para el Egreso de Licenciatura (EGEL) que aplica el Centro Nacional de Evaluaci\u00f3n para la Educaci\u00f3n Superior (<em>Ceneval<\/em>).<\/p>\n<p>Por primera vez en la historia de la Facultad de Medicina, 18 egresados presentaron el EGEL, lo que les permiti\u00f3 obtener de manera autom\u00e1tica su t\u00edtulo y para la instituci\u00f3n representa una medici\u00f3n del aprendizaje de los alumnos a su paso por las aulas.<\/p>\n<p>En ceremonia realizada en la sala de videoconferencias de la Unidad de Servicios Bibliotecarios y de Informaci\u00f3n (USBI), el vicerrector de la regi\u00f3n Poza Rica-Tuxpan, Jos\u00e9 Luis Alan\u00eds M\u00e9ndez, reconoci\u00f3 el esfuerzo y dedicaci\u00f3n de los egresados que recibieron el 22 de febrero la constancia de acreditaci\u00f3n del <em>Ceneval<\/em>.<\/p>\n<p>\u201cSin duda alguna fue uno de los m\u00e1s grandes retos para ustedes, primero como estudiantes y actualmente como egresados de Medicina, los felicito pero tambi\u00e9n reconozco el apoyo de sus familias para lograr esta importante meta en su vida profesional\u201d, expres\u00f3 el Vicerrector.<\/p>\n<p>Se\u00f1al\u00f3 que el examen es una prueba de conocimientos y habilidades que emite el <em>Ceneval<\/em>, ello represent\u00f3 sin duda un gran reto para todos los egresados de Medicina, quienes como estudiantes obtuvieron buenos promedios.<\/p>\n<p>Por su parte, el director de la Facultad, Fidencio Gaspar Fern\u00e1ndez P\u00e9rez, dijo que esta celebraci\u00f3n es memorable ya que es la primera ocasi\u00f3n que el total de egresados que present\u00f3 el EGEL obtuvo su titulaci\u00f3n de manera autom\u00e1tica a trav\u00e9s del <em>Ceneval<\/em>.<\/p>\n<p>Y destac\u00f3 que desde el quinto semestre los estudiantes cursan una experiencia educativa para realizar una investigaci\u00f3n que presentan para titularse.<\/p>\n<p>\u201cEs satisfactorio que hasta el momento todos los egresados que han presentado el EGEL han aprobado satisfactoriamente, ello les ha permitido medir los conocimientos adquiridos en las aulas y que han puesto en pr\u00e1ctica en el servicio social y posteriormente en las residencias.<\/p>\n<p>Por \u00faltimo, Fern\u00e1ndez P\u00e9rez coment\u00f3 que en mayo cuatro estudiantes presentar\u00e1n el EGEL.<\/p>\n","protected":false},"excerpt":{"rendered":"<p><strong><em>Alma Celia San Mart\u00edn.-<\/em><\/strong>Estudiantes de la Facultad de Medicina de la Universidad Veracruzana (UV) recibieron acreditaciones por aprobar de manera satisfactoria el Examen General para el Egreso de Licenciatura (EGEL) que aplica el Centro Nacional de Evaluaci\u00f3n para la Educaci\u00f3n Superior (Ceneval).<\/p>\n","protected":false},"author":1810,"featured_media":22998,"comment_status":"closed","ping_status":"closed","sticky":false,"template":"","format":"standard","meta":{"footnotes":""},"categories":[32],"tags":[33],"class_list":["post-22741","post","type-post","status-publish","format-standard","has-post-thumbnail","hentry","category-regiones","tag-regiones"],"_links":{"self":[{"href":"https:\/\/www.uv.mx\/prensa\/wp-json\/wp\/v2\/posts\/22741","targetHints":{"allow":["GET"]}}],"collection":[{"href":"https:\/\/www.uv.mx\/prensa\/wp-json\/wp\/v2\/posts"}],"about":[{"href":"https:\/\/www.uv.mx\/prensa\/wp-json\/wp\/v2\/types\/post"}],"author":[{"embeddable":true,"href":"https:\/\/www.uv.mx\/prensa\/wp-json\/wp\/v2\/users\/1810"}],"replies":[{"embeddable":true,"href":"https:\/\/www.uv.mx\/prensa\/wp-json\/wp\/v2\/comments?post=22741"}],"version-history":[{"count":0,"href":"https:\/\/www.uv.mx\/prensa\/wp-json\/wp\/v2\/posts\/22741\/revisions"}],"wp:featuredmedia":[{"embeddable":true,"href":"https:\/\/www.uv.mx\/prensa\/wp-json\/wp\/v2\/media\/22998"}],"wp:attachment":[{"href":"https:\/\/www.uv.mx\/prensa\/wp-json\/wp\/v2\/media?parent=22741"}],"wp:term":[{"taxonomy":"category","embeddable":true,"href":"https:\/\/www.uv.mx\/prensa\/wp-json\/wp\/v2\/categories?post=22741"},{"taxonomy":"post_tag","embeddable":true,"href":"https:\/\/www.uv.mx\/prensa\/wp-json\/wp\/v2\/tags?post=22741"}],"curies":[{"name":"wp","href":"https:\/\/api.w.org\/{rel}","templated":true}]}}