{"id":22720,"date":"2017-03-06T08:29:12","date_gmt":"2017-03-06T14:29:12","guid":{"rendered":"https:\/\/www.uv.mx\/prensa\/?p=22720"},"modified":"2017-03-06T08:29:12","modified_gmt":"2017-03-06T14:29:12","slug":"paisajes-suenos-y-otras-meditaciones-en-la-usbi-veracruz","status":"publish","type":"post","link":"https:\/\/www.uv.mx\/prensa\/regiones\/paisajes-suenos-y-otras-meditaciones-en-la-usbi-veracruz\/","title":{"rendered":"Paisajes, sue\u00f1os y otras meditaciones, en la USBI Veracruz"},"content":{"rendered":"<ul>\n<li><em>Se exponen obras de las artistas veracruzanas Leticia Tarrag\u00f3, Mariana y Paulina Vilchis<\/em><\/li>\n<\/ul>\n<p>&nbsp;<\/p>\n<div id=\"attachment_22723\" style=\"width: 732px\" class=\"wp-caption aligncenter\"><a href=\"https:\/\/www.uv.mx\/prensa\/files\/2017\/03\/Exs-1.jpg\"><img aria-describedby=\"caption-attachment-22723\" decoding=\"async\" loading=\"lazy\" class=\"size-full wp-image-22723\" src=\"https:\/\/www.uv.mx\/prensa\/files\/2017\/03\/Exs-1.jpg\" alt=\"\" width=\"722\" height=\"406\" srcset=\"https:\/\/www.uv.mx\/prensa\/files\/2017\/03\/Exs-1.jpg 722w, https:\/\/www.uv.mx\/prensa\/files\/2017\/03\/Exs-1-300x169.jpg 300w\" sizes=\"(max-width: 722px) 100vw, 722px\" \/><\/a><p id=\"caption-attachment-22723\" class=\"wp-caption-text\">Las piezas de las tres artistas dialogan entre s\u00ed<\/p><\/div>\n<p>&nbsp;<\/p>\n<p><strong><em>Boca del R\u00edo, Ver., 06\/03\/17.-<\/em><\/strong> Durante febrero y marzo, la Galer\u00eda de Arte de la Unidad de Servicios Bibliotecarios y de Informaci\u00f3n (USBI) expone <em>Paisajes, sue\u00f1os y otras meditaciones<\/em>, una serie de pinturas y obras pl\u00e1sticas que representan la esencia de cada una de las artistas veracruzanas.<\/p>\n<p>La exposici\u00f3n organizada por la coordinaci\u00f3n regional de Difusi\u00f3n Cultural es una muestra de los trabajos de Leticia Tarrag\u00f3 y sus hijas, Mariana y Paulina Vilchis.<\/p>\n<p>Durante la inauguraci\u00f3n, Carlos Lamothe Zavaleta, secretario acad\u00e9mico regional, manifest\u00f3: \u201cPara la Universidad Veracruzana, los artistas Leticia Tarrag\u00f3 y Fernando Vilchis han significado mucho\u201d. Expres\u00f3 que a trav\u00e9s de esta exposici\u00f3n se aprecia la influencia que ambos tuvieron en sus hijas, misma que es posible observar en las obras que integran la exposici\u00f3n.<\/p>\n<p>\u201cLa tem\u00e1tica no es la misma pero tenemos que ver con los sue\u00f1os, con la magia; por mi parte, reun\u00ed una serie de cuadros que tienen que ver con el tema teatral, estamos muy contentas en este espacio al que entran muchos j\u00f3venes\u201d, expres\u00f3 Leticia Tarrag\u00f3.<\/p>\n<p>&nbsp;<\/p>\n<div id=\"attachment_22721\" style=\"width: 732px\" class=\"wp-caption aligncenter\"><a href=\"https:\/\/www.uv.mx\/prensa\/files\/2017\/03\/Exjes-2.jpg\"><img aria-describedby=\"caption-attachment-22721\" decoding=\"async\" loading=\"lazy\" class=\"size-full wp-image-22721\" src=\"https:\/\/www.uv.mx\/prensa\/files\/2017\/03\/Exjes-2.jpg\" alt=\"\" width=\"722\" height=\"406\" srcset=\"https:\/\/www.uv.mx\/prensa\/files\/2017\/03\/Exjes-2.jpg 722w, https:\/\/www.uv.mx\/prensa\/files\/2017\/03\/Exjes-2-300x169.jpg 300w\" sizes=\"(max-width: 722px) 100vw, 722px\" \/><\/a><p id=\"caption-attachment-22721\" class=\"wp-caption-text\">Obras de Leticia Tarrag\u00f3, Mariana y Paulina Vilchis<\/p><\/div>\n<p>&nbsp;<\/p>\n<p>Y detall\u00f3: \u201cPara m\u00ed, el pintar es como escribir cuentos, contar vivencias que he tenido de mi ni\u00f1ez y juventud, pues en mi familia siempre vivimos muy apegados al arte, a la m\u00fasica\u201d.<\/p>\n<p>Por su parte, Paulina Vilchis explic\u00f3 que la selecci\u00f3n de las piezas que expondr\u00edan se hizo para coincidir con el juego de las esculturas y \u00f3leos de su madre.<\/p>\n<p>\u201cLo que yo estoy exponiendo es t\u00e9cnica mixta sobre papel, porque es dibujo, acr\u00edlico y <em>collage<\/em> sobre papel, de algod\u00f3n. Tambi\u00e9n tengo cuatro grabados no tan recientes pues son de 2013\u201d, a\u00f1adi\u00f3.<\/p>\n<p>La artista comparti\u00f3: \u201cMe gustan varias disciplinas y en mis obras mezclo la arquitectura, la foto y el dise\u00f1o, mezclo mis personajes y los inserto en una composici\u00f3n con texturas, me gusta jugar con el color y el blanco y negro, la naturaleza siempre est\u00e1 presente\u201d.<\/p>\n<p>Por su parte Mariana Vilchis coment\u00f3 que ella eligi\u00f3 exponer algo m\u00e1s teatral: \u201cMe sal\u00ed un poco de lo urbano para pasar a lo teatral\u201d.<\/p>\n<p>Agreg\u00f3 que se considera una artista muy visual, \u201ctrabajo muchas im\u00e1genes y vol\u00famenes, b\u00e1sicamente la tercera dimensi\u00f3n\u201d.<\/p>\n<p>Respecto a la exposici\u00f3n en conjunto con su familia, sostuvo: \u201cPara m\u00ed, exponer con mi madre y mi hermana es un placer, adem\u00e1s de que significa buscar di\u00e1logo entre las tres para comunicar la obra. Creo que el montaje est\u00e1 hecho para que se pueda dar una lectura f\u00e1cil y pasar de mi puente al otro espacio, que es el de Paulina\u201d.<\/p>\n<p>&nbsp;<\/p>\n","protected":false},"excerpt":{"rendered":"<p>Durante febrero y marzo, la Galer\u00eda de Arte de la Unidad de Servicios Bibliotecarios y de Informaci\u00f3n (USBI) expone Paisajes, sue\u00f1os y otras meditaciones, una serie de pinturas y obras pl\u00e1sticas que representan la esencia de cada una de las artistas veracruzanas.<\/p>\n","protected":false},"author":1810,"featured_media":22724,"comment_status":"closed","ping_status":"closed","sticky":false,"template":"","format":"standard","meta":[],"categories":[32],"tags":[33],"_links":{"self":[{"href":"https:\/\/www.uv.mx\/prensa\/wp-json\/wp\/v2\/posts\/22720"}],"collection":[{"href":"https:\/\/www.uv.mx\/prensa\/wp-json\/wp\/v2\/posts"}],"about":[{"href":"https:\/\/www.uv.mx\/prensa\/wp-json\/wp\/v2\/types\/post"}],"author":[{"embeddable":true,"href":"https:\/\/www.uv.mx\/prensa\/wp-json\/wp\/v2\/users\/1810"}],"replies":[{"embeddable":true,"href":"https:\/\/www.uv.mx\/prensa\/wp-json\/wp\/v2\/comments?post=22720"}],"version-history":[{"count":0,"href":"https:\/\/www.uv.mx\/prensa\/wp-json\/wp\/v2\/posts\/22720\/revisions"}],"wp:featuredmedia":[{"embeddable":true,"href":"https:\/\/www.uv.mx\/prensa\/wp-json\/wp\/v2\/media\/22724"}],"wp:attachment":[{"href":"https:\/\/www.uv.mx\/prensa\/wp-json\/wp\/v2\/media?parent=22720"}],"wp:term":[{"taxonomy":"category","embeddable":true,"href":"https:\/\/www.uv.mx\/prensa\/wp-json\/wp\/v2\/categories?post=22720"},{"taxonomy":"post_tag","embeddable":true,"href":"https:\/\/www.uv.mx\/prensa\/wp-json\/wp\/v2\/tags?post=22720"}],"curies":[{"name":"wp","href":"https:\/\/api.w.org\/{rel}","templated":true}]}}