{"id":22608,"date":"2017-03-03T11:33:11","date_gmt":"2017-03-03T17:33:11","guid":{"rendered":"https:\/\/www.uv.mx\/prensa\/?p=22608"},"modified":"2017-03-03T11:33:11","modified_gmt":"2017-03-03T17:33:11","slug":"aumenta-participacion-de-alumnos-en-cursos-del-afel","status":"publish","type":"post","link":"https:\/\/www.uv.mx\/prensa\/deportes\/aumenta-participacion-de-alumnos-en-cursos-del-afel\/","title":{"rendered":"Aumenta participaci\u00f3n de alumnos en cursos del AFEL"},"content":{"rendered":"<ul>\n<li><em>La oferta deportiva Febrero-Junio 2017 tiene actividad en diferentes disciplinas y con grupos completos<\/em><\/li>\n<\/ul>\n<p>&nbsp;<\/p>\n<div id=\"attachment_22609\" style=\"width: 732px\" class=\"wp-caption aligncenter\"><a href=\"https:\/\/www.uv.mx\/prensa\/files\/2017\/03\/030317.-Cursos-AFEL-1-ok.jpg\"><img loading=\"lazy\" decoding=\"async\" aria-describedby=\"caption-attachment-22609\" class=\"size-full wp-image-22609\" src=\"https:\/\/www.uv.mx\/prensa\/files\/2017\/03\/030317.-Cursos-AFEL-1-ok.jpg\" alt=\"\" width=\"722\" height=\"440\" srcset=\"https:\/\/www.uv.mx\/prensa\/files\/2017\/03\/030317.-Cursos-AFEL-1-ok.jpg 722w, https:\/\/www.uv.mx\/prensa\/files\/2017\/03\/030317.-Cursos-AFEL-1-ok-300x183.jpg 300w\" sizes=\"auto, (max-width: 722px) 100vw, 722px\" \/><\/a><p id=\"caption-attachment-22609\" class=\"wp-caption-text\">El Futbol Asociaci\u00f3n, con buena participaci\u00f3n<\/p><\/div>\n<p>&nbsp;<\/p>\n<p><strong><em>Santiago Morales Ortiz <\/em><\/strong><\/p>\n<p>&nbsp;<\/p>\n<p><strong><em>Xalapa, Ver. 3\/03\/17- <\/em><\/strong>La participaci\u00f3n de los alumnos de la Universidad Veracruzana (UV) en los cursos deportivos del \u00c1rea de Formaci\u00f3n de Elecci\u00f3n Libre (AFEL) que oferta la Direcci\u00f3n de Actividades Deportivas (DADUV) registra un notable aumento.<\/p>\n<p>Se trata de 19 disciplinas que ofrecen entre cinco y cuatro cr\u00e9ditos acad\u00e9micos, de acuerdo al deporte, dirigidas por reconocidos instructores de la DADUV.<\/p>\n<p>&nbsp;<\/p>\n<div id=\"attachment_22615\" style=\"width: 732px\" class=\"wp-caption aligncenter\"><a href=\"https:\/\/www.uv.mx\/prensa\/files\/2017\/03\/030317.-cursos-afel-2.jpg\"><img loading=\"lazy\" decoding=\"async\" aria-describedby=\"caption-attachment-22615\" class=\"size-full wp-image-22615\" src=\"https:\/\/www.uv.mx\/prensa\/files\/2017\/03\/030317.-cursos-afel-2.jpg\" alt=\"\" width=\"722\" height=\"425\" srcset=\"https:\/\/www.uv.mx\/prensa\/files\/2017\/03\/030317.-cursos-afel-2.jpg 722w, https:\/\/www.uv.mx\/prensa\/files\/2017\/03\/030317.-cursos-afel-2-300x177.jpg 300w\" sizes=\"auto, (max-width: 722px) 100vw, 722px\" \/><\/a><p id=\"caption-attachment-22615\" class=\"wp-caption-text\">Handball, de los deportes nuevos en el AFEL<\/p><\/div>\n<p>&nbsp;<\/p>\n<p>Los cursos correspondientes al periodo Febrero-Junio 2017 registran grupos completos en todas las disciplinas, pues el inter\u00e9s de los j\u00f3venes, aparte de los cr\u00e9ditos, es realizar actividad f\u00edsica como parte de su formaci\u00f3n integral.<\/p>\n<p>Las experiencias educativas que se ofertan son: Acondicionamiento F\u00edsico y Salud; Actividad F\u00edsica; Nutrici\u00f3n y Desarrollo Humano en la Salud; Ajedrez; Atletismo; Baile Moderno Competitivo; Basquetbol; <em>Handball;<\/em> Beisbol; Futbol Asociaci\u00f3n; Futbol R\u00e1pido; Gimnasia Aer\u00f3bica; Halterofilia; Iniciaci\u00f3n a la Gimnasia Art\u00edstica; Judo; Nataci\u00f3n; Softbol; Taekwondo; Tenis; Tenis de Mesa, y Voleibol.<\/p>\n<p>&nbsp;<\/p>\n<div id=\"attachment_22617\" style=\"width: 732px\" class=\"wp-caption aligncenter\"><a href=\"https:\/\/www.uv.mx\/prensa\/files\/2017\/03\/030317.-cursos-afel-3.jpg\"><img loading=\"lazy\" decoding=\"async\" aria-describedby=\"caption-attachment-22617\" class=\"size-full wp-image-22617\" src=\"https:\/\/www.uv.mx\/prensa\/files\/2017\/03\/030317.-cursos-afel-3.jpg\" alt=\"\" width=\"722\" height=\"432\" srcset=\"https:\/\/www.uv.mx\/prensa\/files\/2017\/03\/030317.-cursos-afel-3.jpg 722w, https:\/\/www.uv.mx\/prensa\/files\/2017\/03\/030317.-cursos-afel-3-300x180.jpg 300w\" sizes=\"auto, (max-width: 722px) 100vw, 722px\" \/><\/a><p id=\"caption-attachment-22617\" class=\"wp-caption-text\">Futbol R\u00e1pido, siempre en los cursos del AFEL<\/p><\/div>\n<p>&nbsp;<\/p>\n<p>Los alumnos aprenden fundamentos b\u00e1sicos del deporte (historia y reglas), as\u00ed como la pr\u00e1ctica, donde desarrollan actividad que mejora su condici\u00f3n f\u00edsica y salud.<\/p>\n","protected":false},"excerpt":{"rendered":"<p><strong><em> Santiago Morales Ortiz.-<\/em><\/strong> La participaci\u00f3n de los alumnos de la Universidad Veracruzana (UV) en los cursos deportivos del \u00c1rea de Formaci\u00f3n de Elecci\u00f3n Libre (AFEL) que oferta la Direcci\u00f3n de Actividades Deportivas (DADUV) registra un notable aumento.<\/p>\n","protected":false},"author":1809,"featured_media":22618,"comment_status":"closed","ping_status":"closed","sticky":false,"template":"","format":"standard","meta":{"footnotes":""},"categories":[12],"tags":[17],"class_list":["post-22608","post","type-post","status-publish","format-standard","has-post-thumbnail","hentry","category-deportes","tag-deportes"],"_links":{"self":[{"href":"https:\/\/www.uv.mx\/prensa\/wp-json\/wp\/v2\/posts\/22608","targetHints":{"allow":["GET"]}}],"collection":[{"href":"https:\/\/www.uv.mx\/prensa\/wp-json\/wp\/v2\/posts"}],"about":[{"href":"https:\/\/www.uv.mx\/prensa\/wp-json\/wp\/v2\/types\/post"}],"author":[{"embeddable":true,"href":"https:\/\/www.uv.mx\/prensa\/wp-json\/wp\/v2\/users\/1809"}],"replies":[{"embeddable":true,"href":"https:\/\/www.uv.mx\/prensa\/wp-json\/wp\/v2\/comments?post=22608"}],"version-history":[{"count":0,"href":"https:\/\/www.uv.mx\/prensa\/wp-json\/wp\/v2\/posts\/22608\/revisions"}],"wp:featuredmedia":[{"embeddable":true,"href":"https:\/\/www.uv.mx\/prensa\/wp-json\/wp\/v2\/media\/22618"}],"wp:attachment":[{"href":"https:\/\/www.uv.mx\/prensa\/wp-json\/wp\/v2\/media?parent=22608"}],"wp:term":[{"taxonomy":"category","embeddable":true,"href":"https:\/\/www.uv.mx\/prensa\/wp-json\/wp\/v2\/categories?post=22608"},{"taxonomy":"post_tag","embeddable":true,"href":"https:\/\/www.uv.mx\/prensa\/wp-json\/wp\/v2\/tags?post=22608"}],"curies":[{"name":"wp","href":"https:\/\/api.w.org\/{rel}","templated":true}]}}