{"id":22364,"date":"2017-02-22T13:30:03","date_gmt":"2017-02-22T19:30:03","guid":{"rendered":"https:\/\/www.uv.mx\/prensa\/?p=22364"},"modified":"2017-02-22T13:30:03","modified_gmt":"2017-02-22T19:30:03","slug":"investigadora-uv-pide-disminuir-trafico-y-velocidad-de-embarcaciones-en-veracruz","status":"publish","type":"post","link":"https:\/\/www.uv.mx\/prensa\/general\/investigadora-uv-pide-disminuir-trafico-y-velocidad-de-embarcaciones-en-veracruz\/","title":{"rendered":"Investigadora UV pide disminuir tr\u00e1fico y velocidad de embarcaciones en Veracruz"},"content":{"rendered":"<ul>\n<li><em>En colaboraci\u00f3n con <\/em><em>Profepa<\/em><em>, Acuario de Veracruz y Parque Nacional Sistema Arrecifal Veracruzano, trabajan para proteger a manat\u00edes que se han avistado en <\/em><em>esta zona mar\u00edtima<\/em><\/li>\n<\/ul>\n<p><em>\u00a0<\/em><\/p>\n<div id=\"attachment_22373\" style=\"width: 732px\" class=\"wp-caption aligncenter\"><a href=\"https:\/\/www.uv.mx\/prensa\/files\/2017\/02\/Bl-manay.jpg\"><img loading=\"lazy\" decoding=\"async\" aria-describedby=\"caption-attachment-22373\" class=\"size-full wp-image-22373\" src=\"https:\/\/www.uv.mx\/prensa\/files\/2017\/02\/Bl-manay.jpg\" alt=\"\" width=\"722\" height=\"541\" srcset=\"https:\/\/www.uv.mx\/prensa\/files\/2017\/02\/Bl-manay.jpg 722w, https:\/\/www.uv.mx\/prensa\/files\/2017\/02\/Bl-manay-300x225.jpg 300w\" sizes=\"auto, (max-width: 722px) 100vw, 722px\" \/><\/a><p id=\"caption-attachment-22373\" class=\"wp-caption-text\">Blanca Elizabeth Cortina, con una cr\u00eda de manat\u00ed<\/p><\/div>\n<p>&nbsp;<\/p>\n<p><em><strong>Carlos Hugo Hermida Rosales<\/strong><\/em><\/p>\n<p><em>\u00a0<\/em><\/p>\n<p><em><strong>Xalapa, Ver., 22\/02\/2017.- <\/strong><\/em><em>La Universidad Veracruzana (UV) participa activamente en la protecci\u00f3n del manat\u00ed, en colaboraci\u00f3n con la Procuradur\u00eda Federal de Protecci\u00f3n al Ambiente (<\/em><em>Profepa<\/em><em>), <\/em>el Acuario de Veracruz, <em>el Parque Nacional Sistema Arrecifal Veracruzano <\/em>(PNSAV) y la Secretar\u00eda de Marina; en conjunto, trabajan para proteger a tres ejemplares de esta especie que han sido avistados en el puerto de Veracruz.<\/p>\n<p><em>Blanca Elizabeth Cortina Julio, integrante del Instituto de Investigaciones Biol\u00f3gicas (IIB) de la UV, coment\u00f3 que los primeros avistamientos de estos ejemplares \u2500por parte de trabajadores del PNSAV y el Acuario de Veracruz\u2500 comenzaron el 6 de enero del presente a\u00f1o. <\/em><\/p>\n<p><em>Mencion\u00f3 que observar manat\u00edes en esta zona no es com\u00fan, por lo que se considera que su presencia puede ser por cambios de temperatura del agua por los efectos del cambio clim\u00e1tico, o a que provengan de una zona que presente un alto grado de contaminaci\u00f3n, por lo que hacen desplazamientos temporales tratando de buscar mejores condiciones.<\/em><\/p>\n<p><em>La investigadora explic\u00f3 que el riesgo que los animales corren all\u00ed es alto, debido a que es zona de alto tr\u00e1fico de embarcaciones, las cuales van desde motos acu\u00e1ticas, yates, lanchas de pesca, hasta grandes barcos mercantes.<\/em><\/p>\n<p><em>\u201cCualquiera de estas embarcaciones puede no avistar a estos manat\u00edes y golpearlos por accidente, y si llegan a recibir un golpe de las propelas de alguna embarcaci\u00f3n de gran tama\u00f1o, se pone en riesgo su vida\u201d, asegur\u00f3.<\/em><\/p>\n<p><em>Blanca Cortina declar\u00f3 que en acuerdo con el equipo de trabajo, se espera reubicar a estos animales en el sistema lagunar de Alvarado, zona en que la Universidad desde hace 20 a\u00f1os lleva a cabo trabajos de concienciaci\u00f3n <\/em><em>con la poblaci\u00f3n local, sobre la importancia de proteger a esta especie.<\/em><\/p>\n<p><em>\u201cA ra\u00edz de que la UV trabaja con los pobladores de la regi\u00f3n, el cambio de actitud en ellos hacia esta especie ha sido notable; incluso en recientes d\u00edas se constituy\u00f3 el comit\u00e9 local para la protecci\u00f3n del manat\u00ed, el cual se encuentra formado por pescadores y habitantes de la zona, avalados por <\/em><em>Profepa<\/em><em>, cuya misi\u00f3n es proteger este esp\u00e9cimen\u201d, manifest\u00f3.\u00a0 <\/em><\/p>\n<p><em>\u00a0Respecto de la presencia de los manat\u00edes en el puerto, a\u00f1adi\u00f3: \u201cSe pide a la ciudadan\u00eda que corra la voz para que, en la medida de lo posible, se disminuya el tr\u00e1fico y velocidad de embarcaciones particulares en esta zona; asimismo, se les hace un llamado a que no tiren basura en la calle, ya que muchos de esos desechos van a dar al mar, que es el h\u00e1bitat de una gran variedad de seres vivos\u201d.<\/em><\/p>\n<p><em>\u00a0<\/em><\/p>\n","protected":false},"excerpt":{"rendered":"<p><strong><em>Carlos Hugo Hermida.-<\/em><\/strong>La Universidad Veracruzana (UV) participa activamente en la protecci\u00f3n del manat\u00ed, en colaboraci\u00f3n con la Procuradur\u00eda Federal de Protecci\u00f3n al Ambiente (Profepa), el Acuario de Veracruz, el Parque Nacional Sistema Arrecifal Veracruzano (PNSAV) y la Secretar\u00eda de Marina; en conjunto, trabajan para proteger a tres ejemplares de esta especie que han sido avistados en el puerto de Veracruz.<\/p>\n","protected":false},"author":1810,"featured_media":22370,"comment_status":"closed","ping_status":"closed","sticky":false,"template":"","format":"standard","meta":{"footnotes":""},"categories":[1],"tags":[2],"class_list":["post-22364","post","type-post","status-publish","format-standard","has-post-thumbnail","hentry","category-general","tag-principal"],"_links":{"self":[{"href":"https:\/\/www.uv.mx\/prensa\/wp-json\/wp\/v2\/posts\/22364","targetHints":{"allow":["GET"]}}],"collection":[{"href":"https:\/\/www.uv.mx\/prensa\/wp-json\/wp\/v2\/posts"}],"about":[{"href":"https:\/\/www.uv.mx\/prensa\/wp-json\/wp\/v2\/types\/post"}],"author":[{"embeddable":true,"href":"https:\/\/www.uv.mx\/prensa\/wp-json\/wp\/v2\/users\/1810"}],"replies":[{"embeddable":true,"href":"https:\/\/www.uv.mx\/prensa\/wp-json\/wp\/v2\/comments?post=22364"}],"version-history":[{"count":0,"href":"https:\/\/www.uv.mx\/prensa\/wp-json\/wp\/v2\/posts\/22364\/revisions"}],"wp:featuredmedia":[{"embeddable":true,"href":"https:\/\/www.uv.mx\/prensa\/wp-json\/wp\/v2\/media\/22370"}],"wp:attachment":[{"href":"https:\/\/www.uv.mx\/prensa\/wp-json\/wp\/v2\/media?parent=22364"}],"wp:term":[{"taxonomy":"category","embeddable":true,"href":"https:\/\/www.uv.mx\/prensa\/wp-json\/wp\/v2\/categories?post=22364"},{"taxonomy":"post_tag","embeddable":true,"href":"https:\/\/www.uv.mx\/prensa\/wp-json\/wp\/v2\/tags?post=22364"}],"curies":[{"name":"wp","href":"https:\/\/api.w.org\/{rel}","templated":true}]}}