{"id":22252,"date":"2017-02-21T11:49:30","date_gmt":"2017-02-21T17:49:30","guid":{"rendered":"https:\/\/www.uv.mx\/prensa\/?p=22252"},"modified":"2017-02-21T11:49:30","modified_gmt":"2017-02-21T17:49:30","slug":"uv-e-ibero-suman-esfuerzos-en-defensa-de-los-derechos-humanos","status":"publish","type":"post","link":"https:\/\/www.uv.mx\/prensa\/general\/uv-e-ibero-suman-esfuerzos-en-defensa-de-los-derechos-humanos\/","title":{"rendered":"UV e Ibero suman esfuerzos en defensa de los derechos humanos"},"content":{"rendered":"<ul>\n<li><em>Realizaron el Foro \u201cIgualdad, inclusi\u00f3n y Estado laico\u201d<\/em><\/li>\n<li><em>La rectora Sara Ladr\u00f3n de Guevara destac\u00f3 la formaci\u00f3n en valores que promueve el Modelo Educativo Integral y Flexible<\/em><\/li>\n<li><em>Es muy relevante que dos instituciones cuya vocaci\u00f3n es velar por el horizonte ut\u00f3pico se sumen a la campa\u00f1a, dijo Juan Carlos Henr\u00edquez de la Ibero<\/em><\/li>\n<\/ul>\n<p>&nbsp;<\/p>\n<div id=\"attachment_22253\" style=\"width: 732px\" class=\"wp-caption aligncenter\"><a href=\"https:\/\/www.uv.mx\/prensa\/files\/2017\/02\/Faico.jpg\"><img loading=\"lazy\" decoding=\"async\" aria-describedby=\"caption-attachment-22253\" class=\"size-full wp-image-22253\" src=\"https:\/\/www.uv.mx\/prensa\/files\/2017\/02\/Faico.jpg\" alt=\"\" width=\"722\" height=\"481\" srcset=\"https:\/\/www.uv.mx\/prensa\/files\/2017\/02\/Faico.jpg 722w, https:\/\/www.uv.mx\/prensa\/files\/2017\/02\/Faico-300x200.jpg 300w\" sizes=\"auto, (max-width: 722px) 100vw, 722px\" \/><\/a><p id=\"caption-attachment-22253\" class=\"wp-caption-text\">Sara Ladr\u00f3n de Guevara, Amaranta G\u00f3mez, Mar\u00eda Jos\u00e9 Garc\u00eda Oramas y Katia D\u2019Artigues<\/p><\/div>\n<p>&nbsp;<\/p>\n<p><strong><em>David Sandoval Rodr\u00edguez<\/em><\/strong><\/p>\n<p>&nbsp;<\/p>\n<p><strong><em>Xalapa, Ver., 22\/02\/2017.-<\/em><\/strong> El derecho a la familia y a las diversidades de familia es un derecho humano y tenemos que defenderlo, por ello la Universidad Veracruzana (UV) y la Universidad Iberoamericana (Ibero) se sumaron a la campa\u00f1a ciudadana \u201cS\u00ed Acepto. Un M\u00e9xico para todos\u201d, manifest\u00f3 la rectora Sara Ladr\u00f3n de Guevara al inaugurar el Foro Acad\u00e9mico \u201cIgualdad, inclusi\u00f3n y Estado laico\u201d, celebrado el lunes 20 de febrero en el Museo de Antropolog\u00eda de Xalapa (MAX).<\/p>\n<p>En esta casa de estudio se propicia el respeto, la comunicaci\u00f3n y reflexi\u00f3n sobre los derechos humanos como son la equidad y la diversidad de g\u00e9nero, porque en esta administraci\u00f3n se se\u00f1alaron los valores que integran el eje axiol\u00f3gico del Modelo Educativo Integral y Flexible (MEIF) relativos a la defensa de los derechos humanos, agreg\u00f3.<\/p>\n<p>Ante el panorama mundial adverso, \u201clas instituciones educativas tenemos mucho por hacer: como celebrar la diversidad, valorar y reivindicar los derechos humanos; por eso festejo mucho la presencia de la Universidad Iberoamericana en la UV, porque es una universidad que tambi\u00e9n se ha distinguido por la defensa de los derechos humanos\u201d, dijo.<\/p>\n<p>Sara Ladr\u00f3n de Guevara se\u00f1al\u00f3 que el foro acad\u00e9mico contribuy\u00f3 al conocimiento y mayor difusi\u00f3n del tema entre la comunidad universitaria y la sociedad, por lo cual agradeci\u00f3 la presencia de los ponentes: Katia D\u2019Artigues, periodista; \u00c1ngel Francisco M\u00e9ndez Montoya, acad\u00e9mico de la Ibero, el p\u00e1rroco Juli\u00e1n Andr\u00e9s Ver\u00f3nica Fern\u00e1ndez y Ren\u00e9 Cancino Barffus\u00f3n, acad\u00e9mico del Centro de Estudios de G\u00e9nero de la UV.<\/p>\n<p>En representaci\u00f3n de la Universidad Iberoamericana, Juan Carlos Henr\u00edquez Mendoza, acad\u00e9mico del Departamento de Comunicaci\u00f3n, calific\u00f3 como muy relevante el hecho de que dos instituciones cuya vocaci\u00f3n \u00faltima es velar por el horizonte ut\u00f3pico del colectivo, se sumen a la campa\u00f1a \u201cS\u00ed Acepto\u201d.<\/p>\n<p>Con su adhesi\u00f3n, la UV y la Ibero afirman \u201cla necesaria construcci\u00f3n de un M\u00e9xico que sea inclusivo, que sea justo y en donde todos recibamos los derechos y beneficios de la convivencia incluyente\u201d.<\/p>\n<p>Henr\u00edquez Mendoza dijo que meditar sobre el Estado es condici\u00f3n para poder imaginar una democracia posible, \u201choy en d\u00eda en que parece que los poderes en nuestro pa\u00eds dejan de reflejar fielmente las aspiraciones del Estado, nos toca a nosotros los ciudadanos recrearla, recordarla, reimaginarla y reinventarnos en estos aspectos en instituciones donde sus paredes cobijan el pensamiento y el sue\u00f1o; la universidad es ese espacio\u201d.<\/p>\n<p>Mar\u00eda Jos\u00e9 Garc\u00eda Oramas, coordinadora de la Unidad de G\u00e9nero de la UV, record\u00f3 que en noviembre pasado la instituci\u00f3n se sum\u00f3 a la campa\u00f1a \u201cS\u00ed Acepto. Un M\u00e9xico para todos\u201d y con el presente foro se crea un espacio de reflexi\u00f3n acad\u00e9mica sobre estos temas.<\/p>\n<p>La agenda de la campa\u00f1a es completamente ciudadana, record\u00f3, por lo cual hay una responsabilidad individual para promover los temas; por otra parte, coment\u00f3 que los expertos invitados hablar\u00e1n sobre qu\u00e9 significa \u201cel M\u00e9xico incluyente que queremos construir\u201d.<\/p>\n<p>En el acto inaugural tambi\u00e9n estuvieron Juan Capetillo Hern\u00e1ndez, coordinador de Asuntos Estudiantiles de la UV, y \u00c1ngel Francisco M\u00e9ndez Montoya, acad\u00e9mico de la Universidad Iberoamericana, y como moderadora Amaranta G\u00f3mez Regalado.<\/p>\n<p>&nbsp;<\/p>\n","protected":false},"excerpt":{"rendered":"<p><strong><em>David Sandoval .-<\/em><\/strong> El derecho a la familia y a las diversidades de familia es un derecho humano y tenemos que defenderlo, por ello la Universidad Veracruzana (UV) y la Universidad Iberoamericana (Ibero) se sumaron a la campa\u00f1a ciudadana \u201cS\u00ed Acepto. Un M\u00e9xico para todos\u201d, manifest\u00f3 la rectora Sara Ladr\u00f3n de Guevara al inaugurar el Foro Acad\u00e9mico \u201cIgualdad, inclusi\u00f3n y Estado laico\u201d, celebrado el lunes 20 de febrero en el Museo de Antropolog\u00eda de Xalapa (MAX).<\/p>\n","protected":false},"author":1810,"featured_media":22254,"comment_status":"closed","ping_status":"closed","sticky":false,"template":"","format":"standard","meta":{"footnotes":""},"categories":[1],"tags":[3],"class_list":["post-22252","post","type-post","status-publish","format-standard","has-post-thumbnail","hentry","category-general","tag-secundarias"],"_links":{"self":[{"href":"https:\/\/www.uv.mx\/prensa\/wp-json\/wp\/v2\/posts\/22252","targetHints":{"allow":["GET"]}}],"collection":[{"href":"https:\/\/www.uv.mx\/prensa\/wp-json\/wp\/v2\/posts"}],"about":[{"href":"https:\/\/www.uv.mx\/prensa\/wp-json\/wp\/v2\/types\/post"}],"author":[{"embeddable":true,"href":"https:\/\/www.uv.mx\/prensa\/wp-json\/wp\/v2\/users\/1810"}],"replies":[{"embeddable":true,"href":"https:\/\/www.uv.mx\/prensa\/wp-json\/wp\/v2\/comments?post=22252"}],"version-history":[{"count":0,"href":"https:\/\/www.uv.mx\/prensa\/wp-json\/wp\/v2\/posts\/22252\/revisions"}],"wp:featuredmedia":[{"embeddable":true,"href":"https:\/\/www.uv.mx\/prensa\/wp-json\/wp\/v2\/media\/22254"}],"wp:attachment":[{"href":"https:\/\/www.uv.mx\/prensa\/wp-json\/wp\/v2\/media?parent=22252"}],"wp:term":[{"taxonomy":"category","embeddable":true,"href":"https:\/\/www.uv.mx\/prensa\/wp-json\/wp\/v2\/categories?post=22252"},{"taxonomy":"post_tag","embeddable":true,"href":"https:\/\/www.uv.mx\/prensa\/wp-json\/wp\/v2\/tags?post=22252"}],"curies":[{"name":"wp","href":"https:\/\/api.w.org\/{rel}","templated":true}]}}