{"id":22206,"date":"2017-02-20T15:59:35","date_gmt":"2017-02-20T21:59:35","guid":{"rendered":"https:\/\/www.uv.mx\/prensa\/?p=22206"},"modified":"2021-04-23T07:27:02","modified_gmt":"2021-04-23T12:27:02","slug":"a-60-anos-el-prestigio-de-la-editorial-uv-se-consolida-en-el-pais-y-en-el-extranjero","status":"publish","type":"post","link":"https:\/\/www.uv.mx\/prensa\/general\/a-60-anos-el-prestigio-de-la-editorial-uv-se-consolida-en-el-pais-y-en-el-extranjero\/","title":{"rendered":"A 60 a\u00f1os, el prestigio de la Editorial UV se consolida en el pa\u00eds y en el extranjero"},"content":{"rendered":"<ul>\n<li><em>Las bases sobre las que la fund\u00f3 Sergio Galindo se han fortalecido con quienes le han sucedido en la Direcci\u00f3n<\/em><\/li>\n<li><i><em>Es una instancia emblem\u00e1tica y de las m\u00e1s representativas de la Universidad, destac\u00f3 la rectora Sara Ladr\u00f3n de Guevara<\/em><\/i><\/li>\n<li><em>La historia nos dignifica y compromete, dijo su actual director, Edgar Garc\u00eda Valencia<\/em><\/li>\n<\/ul>\n<p>&nbsp;<\/p>\n<div id=\"attachment_22212\" style=\"width: 732px\" class=\"wp-caption aligncenter\"><a href=\"https:\/\/www.uv.mx\/prensa\/files\/2017\/02\/Edi-1.jpg\"><img loading=\"lazy\" decoding=\"async\" aria-describedby=\"caption-attachment-22212\" class=\"size-full wp-image-22212\" src=\"https:\/\/www.uv.mx\/prensa\/files\/2017\/02\/Edi-1.jpg\" alt=\"\" width=\"722\" height=\"482\" srcset=\"https:\/\/www.uv.mx\/prensa\/files\/2017\/02\/Edi-1.jpg 722w, https:\/\/www.uv.mx\/prensa\/files\/2017\/02\/Edi-1-300x200.jpg 300w\" sizes=\"auto, (max-width: 722px) 100vw, 722px\" \/><\/a><p id=\"caption-attachment-22212\" class=\"wp-caption-text\">La Editorial inici\u00f3 labores un 20 de febrero de 1957 y por ello se revel\u00f3 una placa conmemorativa en su primera sede<\/p><\/div>\n<p>&nbsp;<\/p>\n<p><strong><em>Karina de la Paz Reyes D\u00edaz <\/em><\/strong><\/p>\n<p>&nbsp;<\/p>\n<p><strong><em>Xalapa, Ver., 20\/02\/2017.-<\/em><\/strong> El 20 de febrero de 1957 inici\u00f3 labores el Departamento Editorial de la Universidad Veracruzana (UV) y la revista <em>La Palabra y el Hombre<\/em>, en un edificio ubicado en la calle Benito Ju\u00e1rez n\u00famero 55 en el centro de la capital estatal. En ese lugar se conmemoraron los 60 a\u00f1os de labor ininterrumpida de una de las instancias que la rectora Sara Ladr\u00f3n de Guevara describi\u00f3 como una de las m\u00e1s \u201cemblem\u00e1ticas\u201d y \u201crepresentativas\u201d de la instituci\u00f3n.<\/p>\n<p>La ceremonia, que se realiz\u00f3 precisamente este lunes 20 de febrero, fue presidida por la Rectora; la secretaria acad\u00e9mica, Leticia Rodr\u00edguez Audirac; el secretario de la Rector\u00eda, Octavio Ochoa Contreras; el director de la Editorial, Edgar Garc\u00eda Valencia, y la presidenta del Consejo Editorial, Celia del Palacio Montiel.<\/p>\n<p>En dicho edificio se devel\u00f3 una placa con la frase: \u201cSomos nuestro lenguaje, estamos hechos de palabras; las palabras son condici\u00f3n de nuestro ser y su \u00fanico testimonio\u201d, cuyo autor es Fernando Salmer\u00f3n y fue publicada en la edici\u00f3n n\u00famero 1 de <em>La Palabra y el Hombre<\/em>.<\/p>\n<p>Dicha placa precisa que fue en ese sitio donde inici\u00f3 labores la Editorial de la UV \u2500en ese entonces Departamento Editorial\u2500 fundada por el escritor Sergio Galindo. Adem\u00e1s, detalla qui\u00e9nes conformaron el primer Consejo Editorial: Gonzalo Aguirre Beltr\u00e1n, Fernando Salmer\u00f3n, Xavier Tavera Alfaro, Jos\u00e9 Pascual Bux\u00f3, Adolfo Garc\u00eda D\u00edaz, Ram\u00f3n Rodr\u00edguez, Alfonso Medell\u00edn Zenil, Dagoberto Guillaumin y Luis Xim\u00e9nez Caballero.<\/p>\n<p>A prop\u00f3sito de la fecha, la Rectora trajo a colaci\u00f3n la \u00e9poca en que Sergio Galindo fund\u00f3 la Editorial, cuando el pa\u00eds estaba en b\u00fasqueda de identidad. \u201c\u00bfNo creen ustedes que en medio de ese marco social, Sergio Galindo, un joven escritor de 31 a\u00f1os, pudo dejarse llevar por la ola de nacionalismo que signaba a esos a\u00f1os y que, literalmente, imbu\u00eda el accionar de pr\u00e1cticamente todas nuestras instituciones? \u00bfNo creen ustedes, entonces, que el autor de <em>Otilia Rauda<\/em> pudo haber fundado la Editorial de la UV atendiendo las demandas que la agenda nacionalista hab\u00eda puesto en el orden del d\u00eda?\u201d.<\/p>\n<p>Para ella, Sergio Galindo supo ir m\u00e1s all\u00e1 de las demandas nacionales y nacionalistas, y fund\u00f3 una editorial de alientos y alcances universales.<\/p>\n<p>&nbsp;<\/p>\n<div id=\"attachment_22213\" style=\"width: 732px\" class=\"wp-caption aligncenter\"><a href=\"https:\/\/www.uv.mx\/prensa\/files\/2017\/02\/Edi-2.jpg\"><img loading=\"lazy\" decoding=\"async\" aria-describedby=\"caption-attachment-22213\" class=\"size-full wp-image-22213\" src=\"https:\/\/www.uv.mx\/prensa\/files\/2017\/02\/Edi-2.jpg\" alt=\"\" width=\"722\" height=\"482\" srcset=\"https:\/\/www.uv.mx\/prensa\/files\/2017\/02\/Edi-2.jpg 722w, https:\/\/www.uv.mx\/prensa\/files\/2017\/02\/Edi-2-300x200.jpg 300w\" sizes=\"auto, (max-width: 722px) 100vw, 722px\" \/><\/a><p id=\"caption-attachment-22213\" class=\"wp-caption-text\">La Rectora destac\u00f3 que se fund\u00f3 una editorial de alientos y alcances universales<\/p><\/div>\n<p>&nbsp;<\/p>\n<p>Sara Ladr\u00f3n de Guevara cit\u00f3 que en aquella primera \u00e9poca el cat\u00e1logo de la Editorial lo conformaron nombres de destacados intelectuales no s\u00f3lo del pa\u00eds, sino del mundo como Luis Villoro, Vladimir Yankel\u00e9vitch, Jos\u00e9 Gaos, Mar\u00eda Zambrano, Luis Cernuda, Rosa Chacel, Jerzy Kaval\u00e9rovicz, Dylan Thomas y E. M. Forster.<\/p>\n<p>Adem\u00e1s, impuls\u00f3 a j\u00f3venes escritores, hoy internacionalmente conocidos pero que en aquel entonces apenas eran le\u00eddos por unos cuantos iniciados: Gabriel Garc\u00eda M\u00e1rquez, Juan Carlos Onetti, \u00c1lvaro Mutis, Octavio Paz, Elena Garro, Juan Garc\u00eda Ponce, Elena Poniatowska, Eraclio Zepeda, Vicente Le\u00f1ero, Rosario Castellanos, Sergio Pitol, entre muchos otros.<\/p>\n<p>\u201cLa Editorial de la Universidad Veracruzana hoy cumple 60 a\u00f1os de vida. Es y no es la misma editorial que Galindo fund\u00f3. No lo es porque los nuevos tiempos plantean nuevas demandas. Y es la misma editorial porque las bases sobre las que Galindo la asent\u00f3 siguen en pie y porque los sucesivos directores de esta instancia (y hablo de personajes como Sergio Pitol, Luis Arturo Ramos y Jos\u00e9 Luis Rivas) han sabido estar a la altura de las circunstancias y han sabido darle continuidad a la labor, la orientaci\u00f3n y el sello que desde 1957 le imprimi\u00f3 el autor de <em>Polvos de arroz<\/em>\u201d, dijo la Rectora.<\/p>\n<p>En su intervenci\u00f3n, Edgar Valencia destac\u00f3 el compromiso por honrar el cat\u00e1logo de la Editorial de la UV, \u201csobre todo en tiempos dif\u00edciles\u201d; resalt\u00f3 que \u201cla historia nos dignifica y compromete\u201d, y sobre todo habl\u00f3 de la nueva \u00e9poca, en la que el libro electr\u00f3nico toma un papel relevante.<\/p>\n<p>Garc\u00eda Valencia detall\u00f3 que los 60 a\u00f1os ser\u00e1n pretexto para hablar sobre la Editorial en mesas redondas en la Feria Internacional del Libro del Palacio de Miner\u00eda, la Feria del Libro de la Benem\u00e9rita Universidad Aut\u00f3noma de Puebla, la Feria Internacional del Libro de Guadalajara y la de esta casa de estudio, la Feria Internacional del Libro Universitario (FILU); adem\u00e1s, tendr\u00e1n presentaciones, con una mesa de novedades en las librer\u00edas m\u00e1s importantes del Fondo de Cultura Econom\u00eda, ubicadas en M\u00e9xico, Monterrey y Guadalajara.<\/p>\n<p>Adelant\u00f3 que en breve se exhibir\u00e1 un documental de la Editorial, elaborado por Tele UV en coproducci\u00f3n con Canal 22, del cual se present\u00f3 un avance ante los presentes.<\/p>\n<p>Es m\u00e1s, dijo que en la FILU de este a\u00f1o har\u00e1n el lanzamiento del cat\u00e1logo electr\u00f3nico que albergar\u00e1 la historia editorial de la UV, con fichas completas de m\u00e1s de dos mil t\u00edtulos.<\/p>\n<p>&nbsp;<\/p>\n<div id=\"attachment_22215\" style=\"width: 732px\" class=\"wp-caption aligncenter\"><a href=\"https:\/\/www.uv.mx\/prensa\/files\/2017\/02\/EditUV-3.jpg\"><img loading=\"lazy\" decoding=\"async\" aria-describedby=\"caption-attachment-22215\" class=\"wp-image-22215 size-full\" src=\"https:\/\/www.uv.mx\/prensa\/files\/2017\/02\/EditUV-3.jpg\" alt=\"En la conmemoraci\u00f3n estuvieron presentes autoridades universitarias, la viuda de Sergio Galindo y ex directores de la Editorial\" width=\"722\" height=\"482\" srcset=\"https:\/\/www.uv.mx\/prensa\/files\/2017\/02\/EditUV-3.jpg 722w, https:\/\/www.uv.mx\/prensa\/files\/2017\/02\/EditUV-3-300x200.jpg 300w\" sizes=\"auto, (max-width: 722px) 100vw, 722px\" \/><\/a><p id=\"caption-attachment-22215\" class=\"wp-caption-text\">En la conmemoraci\u00f3n estuvieron presentes autoridades universitarias, la viuda de Sergio Galindo y ex directores de la Editorial<\/p><\/div>\n<p>&nbsp;<\/p>\n<p>Cabe citar que en la ceremonia se entregaron reconocimientos por servicio y colaboraci\u00f3n ininterrumpida a: Patricia Maldonado, Alberto Toval\u00edn Ahumada y Ang\u00e9lica Mar\u00eda Guerra Dauz\u00f3n, por 20 a\u00f1os; Jes\u00fas Ezequiel Rodr\u00edguez Moreno, por 25 a\u00f1os; Silvia Sosa S\u00e1nchez, por 26 a\u00f1os; Mar\u00eda Lilia Calatayud Duhalt, por 35 a\u00f1os; Oscar Rafael Ochoa L\u00f3pez, por 30 a\u00f1os; Israel Acosta Guevara, por 32 a\u00f1os, y Marco Tulio Aguilera Garramu\u00f1o y Magdalena Cabrera Hern\u00e1ndez, por 36 a\u00f1os.<\/p>\n<p>Tambi\u00e9n se otorgaron reconocimientos especiales a Mario Mu\u00f1oz por 40 a\u00f1os de colaboraci\u00f3n con la Editorial, pues actualmente es director de <em>La Palabra y el Hombre<\/em>; a la revista <em>Tramoya,<\/em> por su aportaci\u00f3n durante 42 a\u00f1os, y el Instituto de Investigaciones Ling\u00fc\u00edstico-Literarias, por hacer lo propio durante 41 a\u00f1os. Adem\u00e1s, se reconocieron a los autores cuyos libros han sido los m\u00e1s le\u00eddos en la plataforma <a href=\"http:\/\/ebooks.uv.mx\/\">http:\/\/ebooks.uv.mx<\/a><\/p>\n<p>En la ceremonia tambi\u00e9n estuvo presente la viuda de Sergio Galindo, \u00c1ngela Gonz\u00e1lez, as\u00ed como los ex directores de la Editorial Agust\u00edn del Moral Tejeda y Jos\u00e9 Luis Rivas, por mencionar s\u00f3lo a algunas de las personalidades que se sumaron a esta celebraci\u00f3n.<\/p>\n","protected":false},"excerpt":{"rendered":"<p><strong><em> Karina de la Paz Reyes.-<\/em><\/strong> El 20 de febrero de 1957 inici\u00f3 labores el Departamento Editorial de la Universidad Veracruzana (UV) y la revista La Palabra y el Hombre, en un edificio ubicado en la calle Benito Ju\u00e1rez n\u00famero 55 en el centro de la capital estatal. En ese lugar se conmemoraron los 60 a\u00f1os de labor ininterrumpida de una de las instancias que la rectora Sara Ladr\u00f3n de Guevara describi\u00f3 como una de las m\u00e1s \u201cemblem\u00e1ticas\u201d y \u201crepresentativas\u201d de la instituci\u00f3n.<\/p>\n","protected":false},"author":1810,"featured_media":22211,"comment_status":"closed","ping_status":"closed","sticky":false,"template":"","format":"standard","meta":{"footnotes":""},"categories":[1],"tags":[2],"class_list":["post-22206","post","type-post","status-publish","format-standard","has-post-thumbnail","hentry","category-general","tag-principal"],"_links":{"self":[{"href":"https:\/\/www.uv.mx\/prensa\/wp-json\/wp\/v2\/posts\/22206","targetHints":{"allow":["GET"]}}],"collection":[{"href":"https:\/\/www.uv.mx\/prensa\/wp-json\/wp\/v2\/posts"}],"about":[{"href":"https:\/\/www.uv.mx\/prensa\/wp-json\/wp\/v2\/types\/post"}],"author":[{"embeddable":true,"href":"https:\/\/www.uv.mx\/prensa\/wp-json\/wp\/v2\/users\/1810"}],"replies":[{"embeddable":true,"href":"https:\/\/www.uv.mx\/prensa\/wp-json\/wp\/v2\/comments?post=22206"}],"version-history":[{"count":1,"href":"https:\/\/www.uv.mx\/prensa\/wp-json\/wp\/v2\/posts\/22206\/revisions"}],"predecessor-version":[{"id":96080,"href":"https:\/\/www.uv.mx\/prensa\/wp-json\/wp\/v2\/posts\/22206\/revisions\/96080"}],"wp:featuredmedia":[{"embeddable":true,"href":"https:\/\/www.uv.mx\/prensa\/wp-json\/wp\/v2\/media\/22211"}],"wp:attachment":[{"href":"https:\/\/www.uv.mx\/prensa\/wp-json\/wp\/v2\/media?parent=22206"}],"wp:term":[{"taxonomy":"category","embeddable":true,"href":"https:\/\/www.uv.mx\/prensa\/wp-json\/wp\/v2\/categories?post=22206"},{"taxonomy":"post_tag","embeddable":true,"href":"https:\/\/www.uv.mx\/prensa\/wp-json\/wp\/v2\/tags?post=22206"}],"curies":[{"name":"wp","href":"https:\/\/api.w.org\/{rel}","templated":true}]}}