{"id":21487,"date":"2017-02-04T07:00:39","date_gmt":"2017-02-04T13:00:39","guid":{"rendered":"https:\/\/www.uv.mx\/prensa\/?p=21487"},"modified":"2017-02-03T14:01:37","modified_gmt":"2017-02-03T20:01:37","slug":"vinculacion-universitaria-esencial-para-el-analisis-de-realidades-hector-cruz","status":"publish","type":"post","link":"https:\/\/www.uv.mx\/prensa\/general\/vinculacion-universitaria-esencial-para-el-analisis-de-realidades-hector-cruz\/","title":{"rendered":"Vinculaci\u00f3n universitaria, esencial para el an\u00e1lisis de realidades: H\u00e9ctor Cruz"},"content":{"rendered":"<ul>\n<li><em>Incita a los estudiantes a reconocer la pertinencia social de sus investigaciones, afirm\u00f3<\/em><\/li>\n<\/ul>\n<p>&nbsp;<\/p>\n<div id=\"attachment_21489\" style=\"width: 732px\" class=\"wp-caption aligncenter\"><a href=\"https:\/\/www.uv.mx\/prensa\/files\/2017\/02\/Vinculacion-Universitaria-1-okl.jpg\"><img loading=\"lazy\" decoding=\"async\" aria-describedby=\"caption-attachment-21489\" class=\"size-full wp-image-21489\" src=\"https:\/\/www.uv.mx\/prensa\/files\/2017\/02\/Vinculacion-Universitaria-1-okl.jpg\" alt=\"H\u00e9ctor Cruz Gonz\u00e1lez, jefe del Departamento de Vinculaci\u00f3n Comunitaria\" width=\"722\" height=\"481\" \/><\/a><p id=\"caption-attachment-21489\" class=\"wp-caption-text\">H\u00e9ctor Cruz Gonz\u00e1lez, jefe del Departamento de Vinculaci\u00f3n Comunitaria<\/p><\/div>\n<p>&nbsp;<\/p>\n<p><strong><em>Lucero Mercedes Cruz Porras<\/em><\/strong><\/p>\n<p>&nbsp;<\/p>\n<p><strong><em>Xalapa, Ver., 04\/02\/2017.-<\/em><\/strong> Desde su creaci\u00f3n en 1995, la Direcci\u00f3n de Vinculaci\u00f3n General de la Universidad Veracruzana (UV) ha permeado las funciones sustantivas universitarias con la cultura de la vinculaci\u00f3n. A trav\u00e9s de las Casas UV asume un gran compromiso con el medio rural y suburbano de la entidad, que actualmente se manifiesta en las actividades de siete sedes ubicadas en cuatro regiones distintas: Xalapa, Veracruz-Boca del R\u00edo, Orizaba-C\u00f3rdoba y Coatzacoalcos-Minatitl\u00e1n.<\/p>\n<p>\u201cLas Casas Molino de San Roque, El Conejo, El Paisano, Coyopolan, Vecinos del Manglar, Atlahuilco y La Chinantla, desde su origen, mantienen la tendencia de abrir espacios para que los universitarios puedan realizar sus quehaceres acad\u00e9micos, de investigaci\u00f3n y de extensi\u00f3n, con la intenci\u00f3n de que las comunidades reciban apoyo en diferentes \u00e1reas como salud, ambiente, educaci\u00f3n, infraestructura, cultura y deporte\u201d, expres\u00f3 H\u00e9ctor Cruz Gonz\u00e1lez, jefe del Departamento de Vinculaci\u00f3n Comunitaria.<\/p>\n<p>&nbsp;<\/p>\n<div id=\"attachment_21493\" style=\"width: 732px\" class=\"wp-caption aligncenter\"><a href=\"https:\/\/www.uv.mx\/prensa\/files\/2017\/02\/Vin-k-a-2.jpg\"><img loading=\"lazy\" decoding=\"async\" aria-describedby=\"caption-attachment-21493\" class=\"size-full wp-image-21493\" src=\"https:\/\/www.uv.mx\/prensa\/files\/2017\/02\/Vin-k-a-2.jpg\" alt=\"La consolidaci\u00f3n del proyecto de producci\u00f3n de huevos org\u00e1nicos, uno de los logros de la Casa de Coyopolan\" width=\"722\" height=\"482\" srcset=\"https:\/\/www.uv.mx\/prensa\/files\/2017\/02\/Vin-k-a-2.jpg 722w, https:\/\/www.uv.mx\/prensa\/files\/2017\/02\/Vin-k-a-2-300x200.jpg 300w\" sizes=\"auto, (max-width: 722px) 100vw, 722px\" \/><\/a><p id=\"caption-attachment-21493\" class=\"wp-caption-text\">La consolidaci\u00f3n del proyecto de producci\u00f3n de huevos org\u00e1nicos, uno de los logros de la Casa de Coyopolan<\/p><\/div>\n<p>&nbsp;<\/p>\n<p>El sistema de trabajo de estos espacios se articula en la actualidad a partir de una estrategia de cuatro niveles: altruismo, asistencia, asesor\u00eda y autogesti\u00f3n, los cuales permiten identificar cu\u00e1l es la actuaci\u00f3n de la Universidad en la sociedad, en comunidades rurales e ind\u00edgenas y en algunas urbanas. Dicho sistema se organiza bajo el t\u00e9rmino \u201calianza\u201d, que consiste en que los procesos de las Casas sean gestionados por tres actores esenciales \u2013la Universidad, la comunidad y las instituciones de gobierno o no gubernamentales\u2013, los cuales disponen de sus recursos para impulsar el desarrollo de la poblaci\u00f3n.<\/p>\n<p>Sin embargo, \u201cuno de los objetivos m\u00e1s importantes de esta estrategia es la participaci\u00f3n de los estudiantes, enfocada a entrar en contacto con estas realidades para que las conozcan, analicen y regresen al aula, a los institutos y laboratorios con la oportunidad de evaluar si los procesos que llevan en la Universidad son pertinentes con la sociedad\u201d, agreg\u00f3 H\u00e9ctor Cruz.<\/p>\n<p>En este sentido, record\u00f3 las diversas modalidades de sumarse al cuerpo de labores de las Casas UV: a trav\u00e9s del servicio social, con la integraci\u00f3n de experiencias educativas (EE) de manera inter y multidisciplinar (en las \u00c1reas de Formaci\u00f3n Terminal y de Elecci\u00f3n Libre del Modelo Educativo Integral y Flexible) o con el curso de Experiencia Recepcional; adem\u00e1s de la colaboraci\u00f3n por residencias comunitarias y estancias de investigaci\u00f3n acad\u00e9mica.<\/p>\n<p>&nbsp;<\/p>\n<p>&nbsp;<\/p>\n<div id=\"attachment_21492\" style=\"width: 732px\" class=\"wp-caption aligncenter\"><a href=\"https:\/\/www.uv.mx\/prensa\/files\/2017\/02\/rsitaria-3-olk.jpg\"><img loading=\"lazy\" decoding=\"async\" aria-describedby=\"caption-attachment-21492\" class=\"size-full wp-image-21492\" src=\"https:\/\/www.uv.mx\/prensa\/files\/2017\/02\/rsitaria-3-olk.jpg\" alt=\"Karla Ivonne Hern\u00e1ndez Ortega ha dado continuidad a su iniciativa\" width=\"722\" height=\"482\" srcset=\"https:\/\/www.uv.mx\/prensa\/files\/2017\/02\/rsitaria-3-olk.jpg 722w, https:\/\/www.uv.mx\/prensa\/files\/2017\/02\/rsitaria-3-olk-300x200.jpg 300w\" sizes=\"auto, (max-width: 722px) 100vw, 722px\" \/><\/a><p id=\"caption-attachment-21492\" class=\"wp-caption-text\">Karla Ivonne Hern\u00e1ndez Ortega ha dado continuidad a su iniciativa<\/p><\/div>\n<p>&nbsp;<\/p>\n<p><strong>Mujeres al rescate de recursos locales<\/strong><\/p>\n<p>Una de las m\u00faltiples iniciativas estudiantiles que han obtenido valiosos resultados en las Casas de la Universidad, es la de Karla Ivonne Hern\u00e1ndez Ortega, quien consolid\u00f3 su proyecto de servicio social en la comunidad de Coyopolan, del municipio de Ixhuac\u00e1n de los Reyes.<\/p>\n<p>La egresada de la Facultad de Biolog\u00eda comenz\u00f3 como brigadista en la Casa de Coyopolan, donde trabajaba con grupos de mujeres de comunidades cercanas que contaban con aves de traspatio, un recurso local. A partir de capacitaciones recibidas, estas mujeres identificaron las necesidades que presentaban sus gallinas criollas, que debido al espacio reducido en el que se encontraban deten\u00edan por temporadas su producci\u00f3n de huevos o se enfermaban.<\/p>\n<p>Con el objetivo de apoyarlas en la construcci\u00f3n de un espacio que tuviera las dimensiones adecuadas para la crianza de las gallinas, Karla Ivonne emprendi\u00f3 la gesti\u00f3n de un recurso econ\u00f3mico otorgado por la Secretar\u00eda de Desarrollo Social (<em>Sedesol<\/em>) para la introducci\u00f3n de m\u00f3dulos de producci\u00f3n sustentable de aves de traspatio. El incentivo obtenido fue de m\u00e1s de 500 mil pesos, dirigido a dos grupos\u00a0 provenientes de las localidades de Atecaxi y Tlalchi, quienes titularon su proyecto \u201cGallinas al rescate\u201d y \u201cPoniendo los huevos en la mesa\u201d, respectivamente; adem\u00e1s de ser beneficiados con 16 m\u00f3dulos de producci\u00f3n.<\/p>\n<p>Actualmente, la ahora estudiante de la Maestr\u00eda en Gesti\u00f3n Ambiental para la Sustentabilidad sigue colaborando con las mujeres de la Casa de Coyopolan en la investigaci\u00f3n de nuevas alternativas de mercado para la comercializaci\u00f3n de la producci\u00f3n de huevo ecol\u00f3gico.<\/p>\n","protected":false},"excerpt":{"rendered":"<p><strong><em>Lucero Mercedes Cruz.-<\/em><\/strong>Desde su creaci\u00f3n en 1995, la Direcci\u00f3n de Vinculaci\u00f3n General de la Universidad Veracruzana (UV) ha permeado las funciones sustantivas universitarias con la cultura de la vinculaci\u00f3n. A trav\u00e9s de las Casas UV asume un gran compromiso con el medio rural y suburbano de la entidad, que actualmente se manifiesta en las actividades de siete sedes ubicadas en cuatro regiones distintas: Xalapa, Veracruz-Boca del R\u00edo, Orizaba-C\u00f3rdoba y Coatzacoalcos-Minatitl\u00e1n.<\/p>\n","protected":false},"author":1810,"featured_media":21488,"comment_status":"closed","ping_status":"closed","sticky":false,"template":"","format":"standard","meta":{"footnotes":""},"categories":[1],"tags":[2],"class_list":["post-21487","post","type-post","status-publish","format-standard","has-post-thumbnail","hentry","category-general","tag-principal"],"_links":{"self":[{"href":"https:\/\/www.uv.mx\/prensa\/wp-json\/wp\/v2\/posts\/21487","targetHints":{"allow":["GET"]}}],"collection":[{"href":"https:\/\/www.uv.mx\/prensa\/wp-json\/wp\/v2\/posts"}],"about":[{"href":"https:\/\/www.uv.mx\/prensa\/wp-json\/wp\/v2\/types\/post"}],"author":[{"embeddable":true,"href":"https:\/\/www.uv.mx\/prensa\/wp-json\/wp\/v2\/users\/1810"}],"replies":[{"embeddable":true,"href":"https:\/\/www.uv.mx\/prensa\/wp-json\/wp\/v2\/comments?post=21487"}],"version-history":[{"count":0,"href":"https:\/\/www.uv.mx\/prensa\/wp-json\/wp\/v2\/posts\/21487\/revisions"}],"wp:featuredmedia":[{"embeddable":true,"href":"https:\/\/www.uv.mx\/prensa\/wp-json\/wp\/v2\/media\/21488"}],"wp:attachment":[{"href":"https:\/\/www.uv.mx\/prensa\/wp-json\/wp\/v2\/media?parent=21487"}],"wp:term":[{"taxonomy":"category","embeddable":true,"href":"https:\/\/www.uv.mx\/prensa\/wp-json\/wp\/v2\/categories?post=21487"},{"taxonomy":"post_tag","embeddable":true,"href":"https:\/\/www.uv.mx\/prensa\/wp-json\/wp\/v2\/tags?post=21487"}],"curies":[{"name":"wp","href":"https:\/\/api.w.org\/{rel}","templated":true}]}}