{"id":20975,"date":"2017-01-23T14:16:43","date_gmt":"2017-01-23T20:16:43","guid":{"rendered":"https:\/\/www.uv.mx\/prensa\/?p=20975"},"modified":"2017-01-27T13:14:53","modified_gmt":"2017-01-27T19:14:53","slug":"uv-se-integra-a-comite-nacional-de-meteorologia","status":"publish","type":"post","link":"https:\/\/www.uv.mx\/prensa\/general\/uv-se-integra-a-comite-nacional-de-meteorologia\/","title":{"rendered":"UV se integra a Comit\u00e9 Nacional de Meteorolog\u00eda"},"content":{"rendered":"<ul>\n<li><em>Participan el SMN, CICESE y CFE<\/em><\/li>\n<li><em>Acad\u00e9micos de Ciencias Atmosf\u00e9ricas participar\u00e1n en la elaboraci\u00f3n de las predicciones clim\u00e1ticas a nivel nacional<\/em><\/li>\n<\/ul>\n<p>&nbsp;<\/p>\n<div id=\"attachment_20976\" style=\"width: 732px\" class=\"wp-caption aligncenter\"><a href=\"https:\/\/www.uv.mx\/prensa\/files\/2017\/01\/Coe-Meteorologia-1-ok.jpg\"><img loading=\"lazy\" decoding=\"async\" aria-describedby=\"caption-attachment-20976\" class=\"size-full wp-image-20976\" src=\"https:\/\/www.uv.mx\/prensa\/files\/2017\/01\/Coe-Meteorologia-1-ok.jpg\" alt=\"Jorge Luis V\u00e1zquez Aguirre, acad\u00e9mico de la Facultad de Ciencias Atmosf\u00e9ricas\" width=\"722\" height=\"485\" srcset=\"https:\/\/www.uv.mx\/prensa\/files\/2017\/01\/Coe-Meteorologia-1-ok.jpg 722w, https:\/\/www.uv.mx\/prensa\/files\/2017\/01\/Coe-Meteorologia-1-ok-300x202.jpg 300w\" sizes=\"auto, (max-width: 722px) 100vw, 722px\" \/><\/a><p id=\"caption-attachment-20976\" class=\"wp-caption-text\">Jorge Luis V\u00e1zquez Aguirre, acad\u00e9mico de la Facultad de Ciencias Atmosf\u00e9ricas<\/p><\/div>\n<p>&nbsp;<\/p>\n<p><strong><em>David Sandoval Rodr\u00edguez<\/em><\/strong><\/p>\n<p>&nbsp;<\/p>\n<p><strong><em>Xalapa, Ver., 23\/01\/2017.-<\/em><\/strong> En noviembre de 2016, la Universidad Veracruzana (UV) se uni\u00f3 al Grupo T\u00e9cnico de Predicci\u00f3n Clim\u00e1tica Estacional integrado por el Servicio Meteorol\u00f3gico Nacional (SMN), la Comisi\u00f3n Nacional del Agua (<em>Conagua<\/em>), el Centro de Investigaci\u00f3n Cient\u00edfica y de Educaci\u00f3n Superior de Ensenada, Baja California (CICESE), y la Comisi\u00f3n Federal de Electricidad (CFE).<\/p>\n<p>Jorge Luis V\u00e1zquez Aguirre, acad\u00e9mico de la Facultad de Ciencias Atmosf\u00e9ricas, explic\u00f3 que en dicho grupo \u201cse discuten las condiciones clim\u00e1ticas recientes y, en funci\u00f3n de los pron\u00f3sticos que est\u00e1n disponibles de los centros mundiales y regionales de prevenci\u00f3n, se trata de emitir un acuerdo t\u00e9cnico sobre qu\u00e9 suceder\u00e1 en la siguiente temporada\u201d.<\/p>\n<p>La m\u00e1xima casa de estudio participar\u00e1 dos veces al a\u00f1o en la elaboraci\u00f3n clim\u00e1tica de la predicci\u00f3n nacional: antes de las temporadas de lluvias y de ciclones tropicales; asimismo, se impulsa la participaci\u00f3n de estudiantes que realicen su experiencia recepcional sobre el tema.<\/p>\n<p>Asimismo, la instituci\u00f3n forma parte del \u201cComit\u00e9 de Meteorolog\u00eda del Estado de Veracruz\u201d, integrado por la Secretar\u00eda de Protecci\u00f3n Civil, <em>Conagua<\/em>, la Secretar\u00eda de la Defensa Nacional (<em>Sedena<\/em>) y la Secretar\u00eda de Marina (<em>Semar<\/em>), en el que se participa activamente cada viernes.<\/p>\n<p>Como parte de dicho comit\u00e9 se busc\u00f3 actualizar la informaci\u00f3n existente de la entidad y especificar para los diversos sectores, las temporadas que ocurren en Veracruz (de incendios forestales, de granizadas y de la can\u00edcula).<\/p>\n<p>La Organizaci\u00f3n Meteorol\u00f3gica Mundial (OMM) promueve los foros de predicci\u00f3n clim\u00e1tica que agrupan varios pa\u00edses, como el de Am\u00e9rica Central, en el que participa M\u00e9xico, \u201cpero se tendr\u00eda que impulsar un foro semejante a niveles regionales o estatales, enfocados en un foro veracruzano del clima\u201d, opin\u00f3 el investigador.<\/p>\n<p>Adem\u00e1s existen los centros mundiales de vigilancia y predicci\u00f3n del clima o centros de pron\u00f3stico global, designados por la Organizaci\u00f3n de las Naciones Unidas (ONU), los cuales tienen la misi\u00f3n de vigilar c\u00f3mo est\u00e1 evolucionando el clima y sus expectativas.<\/p>\n<p>La Administraci\u00f3n Nacional Oce\u00e1nica y Atmosf\u00e9rica Oc\u00e9ano (NOAA, por sus siglas en ingl\u00e9s) estadounidense y la Agencia Ambiental de Canad\u00e1 son las instancias oficiales para Norteam\u00e9rica y son las fuentes de informaci\u00f3n del clima global, que a su vez se traducen para el clima regional o local.<\/p>\n<p>Ante el cambio de presidencia en Estados Unidos existe la posibilidad de que esta informaci\u00f3n deje de compartirse, advirti\u00f3, por lo que se hace necesario generar capacidades propias y en ese sentido se fomenta la vinculaci\u00f3n de los estudiantes, como el hecho de participar con Televisi\u00f3n Universitaria (Tele UV) en las c\u00e1psulas del estado del tiempo (www.uv.mx\/estado-tiempo\/) y se cuenta con el laboratorio de modelaci\u00f3n del clima \u201cJuli\u00e1n Adem\u201d.<\/p>\n<p>Juan Cervantes P\u00e9rez, coordinador del Centro de Ciencias de la Tierra (CCT), se\u00f1al\u00f3 que gracias al apoyo de Tele UV se busca que los universitarios apliquen los t\u00e9rminos que aprenden y los interpreten para el p\u00fablico en general. \u201cUn elemento importante a considerar con los egresados de Ciencias Atmosf\u00e9ricas es que deben interpretar sus conocimientos para ser \u00fatiles, estableciendo un canal de comunicaci\u00f3n\u201d.<\/p>\n<p>&nbsp;<\/p>\n<div id=\"attachment_20977\" style=\"width: 732px\" class=\"wp-caption aligncenter\"><a href=\"https:\/\/www.uv.mx\/prensa\/files\/2017\/01\/N-l-gia-2.jpg\"><img loading=\"lazy\" decoding=\"async\" aria-describedby=\"caption-attachment-20977\" class=\"size-full wp-image-20977\" src=\"https:\/\/www.uv.mx\/prensa\/files\/2017\/01\/N-l-gia-2.jpg\" alt=\"Juan Cervantes P\u00e9rez, coordinador del Centro de Ciencias de la Tierra\" width=\"722\" height=\"485\" srcset=\"https:\/\/www.uv.mx\/prensa\/files\/2017\/01\/N-l-gia-2.jpg 722w, https:\/\/www.uv.mx\/prensa\/files\/2017\/01\/N-l-gia-2-300x202.jpg 300w\" sizes=\"auto, (max-width: 722px) 100vw, 722px\" \/><\/a><p id=\"caption-attachment-20977\" class=\"wp-caption-text\">Juan Cervantes P\u00e9rez, coordinador del Centro de Ciencias de la Tierra<\/p><\/div>\n<p>&nbsp;<\/p>\n<p>En ese sentido, V\u00e1zquez Aguirre coment\u00f3 que forma parte de dos grupos de expertos de la OMM: el grupo de expertos de detecci\u00f3n e \u00edndices de cambio clim\u00e1tico y el grupo de trabajo para la implementaci\u00f3n del marco mundial de servicios clim\u00e1ticos para la regi\u00f3n cuarta, que comprende Canad\u00e1, Estados Unidos, M\u00e9xico, Centroam\u00e9rica y el Caribe.<\/p>\n<p>Actualmente buscan fondos para que los alumnos participen en el Foro del Clima de Am\u00e9rica Central, con la intenci\u00f3n de que observen las necesidades y las posibilidades reales de aplicaci\u00f3n de su programa educativo m\u00e1s all\u00e1 del territorio mexicano.<\/p>\n<p>En materia de vinculaci\u00f3n se trabaja la creaci\u00f3n de un convenio espec\u00edfico con la Secretar\u00eda de Protecci\u00f3n Civil para formalizar la participaci\u00f3n de los estudiantes, que incluso sea parte de las experiencias educativas.<\/p>\n<p>Con la Secretar\u00eda de Salud se tienen programadas reuniones durante el a\u00f1o para actualizar el diagn\u00f3stico de vulnerabilidad en salud ante el cambio clim\u00e1tico en el estado, y est\u00e1n por definir agenda con la Direcci\u00f3n General del \u00c1rea Acad\u00e9mica Biol\u00f3gico-Agropecuaria, que fue designada como representante acad\u00e9mico ante el Comit\u00e9 Estatal Forestal para comenzar a aportar informaci\u00f3n y explorar las necesidades del sector forestal, con reuniones mensuales en las que se buscar\u00e1 vincular a la licenciatura con las necesidades del mismo.<\/p>\n<p>\u201cAhora lo m\u00e1s importante es la vinculaci\u00f3n con los sectores que pueden ser usuarios de la informaci\u00f3n, aunque la investigaci\u00f3n tambi\u00e9n es importante\u201d, a\u00f1adi\u00f3, \u201cpara pasar del modelo de generar informaci\u00f3n \u00fanicamente a generarla con una utilidad pr\u00e1ctica\u201d.<\/p>\n<p>En el sector agua se trabaja con el Consejo de Cuenca de los r\u00edos Tuxpan al Jamapa para iniciar un monitoreo de la sequ\u00eda basado en el \u00edndice estandarizado de precipitaci\u00f3n en escalas menores a un mes, con el objetivo de monitorear las rachas secas y h\u00famedas para informar a quienes administran el agua y finalmente se ha iniciado contacto con la Universidad de Arizona para trabajar el tema del calor extremo.<\/p>\n<p>&nbsp;<\/p>\n","protected":false},"excerpt":{"rendered":"<p><strong><em>David Sandoval.-<\/em><\/strong>En noviembre de 2016, la Universidad Veracruzana (UV) se uni\u00f3 a un Comit\u00e9 Nacional de Meteorolog\u00eda integrado por el Servicio Meteorol\u00f3gico Nacional (SMN), el Centro de Investigaci\u00f3n Cient\u00edfica y de Educaci\u00f3n Superior de Ensenada, Baja California (CICESE), y la Comisi\u00f3n Federal de Electricidad (CFE).<\/p>\n","protected":false},"author":1810,"featured_media":20978,"comment_status":"closed","ping_status":"closed","sticky":false,"template":"","format":"standard","meta":{"footnotes":""},"categories":[1],"tags":[2],"class_list":["post-20975","post","type-post","status-publish","format-standard","has-post-thumbnail","hentry","category-general","tag-principal"],"_links":{"self":[{"href":"https:\/\/www.uv.mx\/prensa\/wp-json\/wp\/v2\/posts\/20975","targetHints":{"allow":["GET"]}}],"collection":[{"href":"https:\/\/www.uv.mx\/prensa\/wp-json\/wp\/v2\/posts"}],"about":[{"href":"https:\/\/www.uv.mx\/prensa\/wp-json\/wp\/v2\/types\/post"}],"author":[{"embeddable":true,"href":"https:\/\/www.uv.mx\/prensa\/wp-json\/wp\/v2\/users\/1810"}],"replies":[{"embeddable":true,"href":"https:\/\/www.uv.mx\/prensa\/wp-json\/wp\/v2\/comments?post=20975"}],"version-history":[{"count":0,"href":"https:\/\/www.uv.mx\/prensa\/wp-json\/wp\/v2\/posts\/20975\/revisions"}],"wp:featuredmedia":[{"embeddable":true,"href":"https:\/\/www.uv.mx\/prensa\/wp-json\/wp\/v2\/media\/20978"}],"wp:attachment":[{"href":"https:\/\/www.uv.mx\/prensa\/wp-json\/wp\/v2\/media?parent=20975"}],"wp:term":[{"taxonomy":"category","embeddable":true,"href":"https:\/\/www.uv.mx\/prensa\/wp-json\/wp\/v2\/categories?post=20975"},{"taxonomy":"post_tag","embeddable":true,"href":"https:\/\/www.uv.mx\/prensa\/wp-json\/wp\/v2\/tags?post=20975"}],"curies":[{"name":"wp","href":"https:\/\/api.w.org\/{rel}","templated":true}]}}