{"id":20946,"date":"2017-01-23T12:23:06","date_gmt":"2017-01-23T18:23:06","guid":{"rendered":"https:\/\/www.uv.mx\/prensa\/?p=20946"},"modified":"2017-01-23T12:23:06","modified_gmt":"2017-01-23T18:23:06","slug":"universitaria-trabaja-en-la-conservacion-de-aves","status":"publish","type":"post","link":"https:\/\/www.uv.mx\/prensa\/regiones\/universitaria-trabaja-en-la-conservacion-de-aves\/","title":{"rendered":"Universitaria trabaja en la conservaci\u00f3n de aves"},"content":{"rendered":"<ul>\n<li><em>Con su trabajo recepcional, Isela Morales encontr\u00f3 que a nivel municipal hay 155 especies de aves y a trav\u00e9s de un an\u00e1lisis de complementariedad registr\u00f3 232 en la regi\u00f3n<\/em><\/li>\n<li><em>Cursar\u00e1 una especializaci\u00f3n en la Facultad de Ciencias Biol\u00f3gicas y Agropecuarias de Tuxpan<\/em><\/li>\n<\/ul>\n<p>&nbsp;<\/p>\n<div id=\"attachment_20948\" style=\"width: 732px\" class=\"wp-caption aligncenter\"><a href=\"https:\/\/www.uv.mx\/prensa\/files\/2017\/01\/16251339_.jpg\"><img loading=\"lazy\" decoding=\"async\" aria-describedby=\"caption-attachment-20948\" class=\"size-full wp-image-20948\" src=\"https:\/\/www.uv.mx\/prensa\/files\/2017\/01\/16251339_.jpg\" alt=\"Isela Morales Mart\u00ednez, egresada de la FCBA de la regi\u00f3n Poza Rica-Tuxpan\" width=\"722\" height=\"482\" srcset=\"https:\/\/www.uv.mx\/prensa\/files\/2017\/01\/16251339_.jpg 722w, https:\/\/www.uv.mx\/prensa\/files\/2017\/01\/16251339_-300x200.jpg 300w\" sizes=\"auto, (max-width: 722px) 100vw, 722px\" \/><\/a><p id=\"caption-attachment-20948\" class=\"wp-caption-text\">Isela Morales Mart\u00ednez, egresada de la FCBA de la regi\u00f3n Poza Rica-Tuxpan<\/p><\/div>\n<p>&nbsp;<\/p>\n<p><strong><em>Paola Cort\u00e9s P\u00e9rez<\/em><\/strong><\/p>\n<p>&nbsp;<\/p>\n<p><strong><em>Xalapa, Ver., 23\/01\/2017.-<\/em><\/strong> Isela Morales Mart\u00ednez egres\u00f3 de la Facultad de Ciencias Biol\u00f3gicas y Agropecuarias (FCBA) de la Universidad Veracruzana (UV), regi\u00f3n Poza Rica-Tuxpan, y se titul\u00f3 con una investigaci\u00f3n sobre las especies de aves a niveles municipal y regional, lo cual le vali\u00f3 el Premio \u201cArte, Ciencia, Luz\u201d 2016, en la categor\u00eda licenciatura.<\/p>\n<p>Al explicar por qu\u00e9 se interes\u00f3 en este tema, Isela record\u00f3 que desde ni\u00f1a ten\u00eda un gusto especial por los animales, especialmente sent\u00eda curiosidad por sus comportamientos. Fue durante la telesecundaria y el bachillerato que se dio cuenta de que le agradaban mucho las materias relacionadas con la biolog\u00eda.<\/p>\n<p>Por ello, decidi\u00f3 ingresar a la FCBA para cursar la Licenciatura en Biolog\u00eda, donde su estad\u00eda fue muy grata. \u201cAprend\u00ed mucho de los profesores y mis compa\u00f1eros, estoy agradecida con la Universidad por la oportunidad de formarme como profesionista\u201d.<\/p>\n<p>Ahora est\u00e1 interesada en continuar con su formaci\u00f3n acad\u00e9mica, quiz\u00e1s en alg\u00fan posgrado o especializaci\u00f3n que ofrece la FCBA, ya que su objetivo principal es continuar con el trabajo de conservaci\u00f3n de las aves.<\/p>\n<p>Con relaci\u00f3n al premio, dijo que se sinti\u00f3 muy feliz y agradecida por haberlo recibido, pero tambi\u00e9n orgullosa pues los jueces consideraron que el tema de la conservaci\u00f3n de las aves es de relevancia.<\/p>\n<p>\u201cAhora mi trabajo, que estar\u00e1 en el Repositorio Institucional de la UV, podr\u00e1 ser consultado por muchos estudiantes y quiz\u00e1s ayude a desarrollar investigaciones futuras sobre el grupos de aves.\u201d<\/p>\n<p>&nbsp;<\/p>\n<p><strong>Conservaci\u00f3n de las aves<\/strong><\/p>\n<p>Respecto a su trabajo intitulado \u201cAves del municipio de Tuxpan, Veracruz: diversidad y complementariedad\u201d, dijo que surgi\u00f3 del inter\u00e9s particular que tiene por las aves, ya que son un grupo biol\u00f3gico que presta diferentes servicios ambientales como el control de plagas, roedores e insectos, as\u00ed como dispersor de semillas, entre otros.<\/p>\n<p>Reconoci\u00f3 que cuando inici\u00f3 la licenciatura no ten\u00eda claro qu\u00e9 tema desarrollar\u00eda para su trabajo de titulaci\u00f3n, hasta que curs\u00f3 la experiencia educativa (EE) Biolog\u00eda Animal se interes\u00f3 por las aves.<\/p>\n<p>\u201cCuando vimos su estructura biol\u00f3gica, inmediatamente sent\u00ed inter\u00e9s por c\u00f3mo se desarrollan y el comportamiento que tienen; las aves han sido afectadas por aspectos antropog\u00e9nicos (resultado de actividades humanas), por eso mi mayor inter\u00e9s es su conservaci\u00f3n.\u201d<\/p>\n<p>En cuanto a los aportes, Isela Morales especific\u00f3 que en el municipio de Tuxpan realiz\u00f3 un an\u00e1lisis de la diversidad de aves, dado que no hab\u00eda investigaciones previas sobre ambientes diferentes no costeros.<\/p>\n<p>\u201cEn este trabajo utilic\u00e9 varios ambientes para dar una perspectiva m\u00e1s amplia de la diversidad que hay en el municipio.\u201d<\/p>\n<p>Mientras que a nivel regional hizo un an\u00e1lisis de complementariedad, en el que utiliz\u00f3 el n\u00famero de especies encontradas en Tuxpan y lo compar\u00f3 con ocho estudios realizados en el norte de Veracruz.<\/p>\n<p>\u201cMe di cuenta que mi trabajo aport\u00f3 el mayor n\u00famero de especies, debido al recambio de h\u00e1bitat, a diferencia de los otros ambientes\u201d, explic\u00f3.<\/p>\n<p>Para el municipio registr\u00f3 un total de 155 especies de aves, y a nivel regional fueron 232, esta \u00faltima cifra equivale al 32 por ciento de la totalidad que hay en la entidad.<\/p>\n<p>Por \u00faltimo, enfatiz\u00f3 que su investigaci\u00f3n servir\u00e1 para desarrollar estrategias de conservaci\u00f3n de este grupo biol\u00f3gico, ya que algunas est\u00e1n en peligro debido al cambio de uso de suelo.<\/p>\n","protected":false},"excerpt":{"rendered":"<p><strong><em>Paola Cort\u00e9s.-<\/em><\/strong>Isela Morales Mart\u00ednez egres\u00f3 de la Facultad de Ciencias Biol\u00f3gicas y Agropecuarias (FCBA) de la Universidad Veracruzana (UV), regi\u00f3n Poza Rica-Tuxpan, y se titul\u00f3 con una investigaci\u00f3n sobre las especies de aves a niveles municipal y regional, lo cual le vali\u00f3 el Premio \u201cArte, Ciencia, Luz\u201d 2016, en la categor\u00eda licenciatura.<\/p>\n","protected":false},"author":1810,"featured_media":20947,"comment_status":"closed","ping_status":"closed","sticky":false,"template":"","format":"standard","meta":{"footnotes":""},"categories":[32],"tags":[33],"class_list":["post-20946","post","type-post","status-publish","format-standard","has-post-thumbnail","hentry","category-regiones","tag-regiones"],"_links":{"self":[{"href":"https:\/\/www.uv.mx\/prensa\/wp-json\/wp\/v2\/posts\/20946","targetHints":{"allow":["GET"]}}],"collection":[{"href":"https:\/\/www.uv.mx\/prensa\/wp-json\/wp\/v2\/posts"}],"about":[{"href":"https:\/\/www.uv.mx\/prensa\/wp-json\/wp\/v2\/types\/post"}],"author":[{"embeddable":true,"href":"https:\/\/www.uv.mx\/prensa\/wp-json\/wp\/v2\/users\/1810"}],"replies":[{"embeddable":true,"href":"https:\/\/www.uv.mx\/prensa\/wp-json\/wp\/v2\/comments?post=20946"}],"version-history":[{"count":0,"href":"https:\/\/www.uv.mx\/prensa\/wp-json\/wp\/v2\/posts\/20946\/revisions"}],"wp:featuredmedia":[{"embeddable":true,"href":"https:\/\/www.uv.mx\/prensa\/wp-json\/wp\/v2\/media\/20947"}],"wp:attachment":[{"href":"https:\/\/www.uv.mx\/prensa\/wp-json\/wp\/v2\/media?parent=20946"}],"wp:term":[{"taxonomy":"category","embeddable":true,"href":"https:\/\/www.uv.mx\/prensa\/wp-json\/wp\/v2\/categories?post=20946"},{"taxonomy":"post_tag","embeddable":true,"href":"https:\/\/www.uv.mx\/prensa\/wp-json\/wp\/v2\/tags?post=20946"}],"curies":[{"name":"wp","href":"https:\/\/api.w.org\/{rel}","templated":true}]}}