{"id":20895,"date":"2017-01-20T11:40:02","date_gmt":"2017-01-20T17:40:02","guid":{"rendered":"https:\/\/www.uv.mx\/prensa\/?p=20895"},"modified":"2017-01-20T11:43:38","modified_gmt":"2017-01-20T17:43:38","slug":"voluntariado-uv-entrego-obsequios-en-la-region-orizaba-cordoba","status":"publish","type":"post","link":"https:\/\/www.uv.mx\/prensa\/regiones\/voluntariado-uv-entrego-obsequios-en-la-region-orizaba-cordoba\/","title":{"rendered":"Voluntariado UV entreg\u00f3 obsequios en la regi\u00f3n Orizaba-C\u00f3rdoba"},"content":{"rendered":"<p>&nbsp;<\/p>\n<div id=\"attachment_20898\" style=\"width: 732px\" class=\"wp-caption aligncenter\"><a href=\"https:\/\/www.uv.mx\/prensa\/files\/2017\/01\/200117.-Apadrina-una-carta-1-ok.jpg\"><img loading=\"lazy\" decoding=\"async\" aria-describedby=\"caption-attachment-20898\" class=\"size-full wp-image-20898\" src=\"https:\/\/www.uv.mx\/prensa\/files\/2017\/01\/200117.-Apadrina-una-carta-1-ok.jpg\" alt=\"Un total de 182 cartas se apadrinaron este a\u00f1o en la regi\u00f3n\" width=\"722\" height=\"481\" srcset=\"https:\/\/www.uv.mx\/prensa\/files\/2017\/01\/200117.-Apadrina-una-carta-1-ok.jpg 722w, https:\/\/www.uv.mx\/prensa\/files\/2017\/01\/200117.-Apadrina-una-carta-1-ok-300x200.jpg 300w\" sizes=\"auto, (max-width: 722px) 100vw, 722px\" \/><\/a><p id=\"caption-attachment-20898\" class=\"wp-caption-text\">Un total de 182 cartas se apadrinaron este a\u00f1o en la regi\u00f3n<\/p><\/div>\n<p>&nbsp;<\/p>\n<p><strong><em>Eduardo Ca\u00f1edo Lom\u00e1n<\/em><\/strong><\/p>\n<p>&nbsp;<\/p>\n<p><strong><em>Tequila, Ver., 20\/01\/2017.- <\/em><\/strong>Con gran entusiasmo y alegr\u00eda, ni\u00f1os de escuelas primarias y preescolar de los municipios de Tequila y Atlahuilco, recibieron juguetes por el D\u00eda de Reyes Magos, los cuales fueron donados por la comunidad de la Universidad Veracruzana (UV) a trav\u00e9s de las campa\u00f1as \u201cApadrina una carta\u201d y \u201cDona un juguete\u201d, impulsadas por el Voluntariado de esta casa de estudio.<\/p>\n<p>Por tercer a\u00f1o consecutivo, los universitarios de la regi\u00f3n Orizaba-C\u00f3rdoba respondieron a la convocatoria del Voluntariado, a trav\u00e9s de la cual se benefici\u00f3 a las comunidades de Xochitepec y Ocotlajapa en el municipio de Atlahuilco, as\u00ed como Ocotempa y Tolapa, en el municipio de Tequila.<\/p>\n<p>&nbsp;<\/p>\n<div id=\"attachment_20899\" style=\"width: 732px\" class=\"wp-caption aligncenter\"><a href=\"https:\/\/www.uv.mx\/prensa\/files\/2017\/01\/200117.-Apadrina-una-carta-2-ok.jpg\"><img loading=\"lazy\" decoding=\"async\" aria-describedby=\"caption-attachment-20899\" class=\"size-full wp-image-20899\" src=\"https:\/\/www.uv.mx\/prensa\/files\/2017\/01\/200117.-Apadrina-una-carta-2-ok.jpg\" alt=\"Bicicletas, mu\u00f1ecas, coches y peluches, fueron algunos regalos que los Reyes Magos trajeron a los ni\u00f1os\" width=\"722\" height=\"481\" srcset=\"https:\/\/www.uv.mx\/prensa\/files\/2017\/01\/200117.-Apadrina-una-carta-2-ok.jpg 722w, https:\/\/www.uv.mx\/prensa\/files\/2017\/01\/200117.-Apadrina-una-carta-2-ok-300x200.jpg 300w\" sizes=\"auto, (max-width: 722px) 100vw, 722px\" \/><\/a><p id=\"caption-attachment-20899\" class=\"wp-caption-text\">Bicicletas, mu\u00f1ecas, coches y peluches, fueron algunos regalos que los Reyes Magos trajeron a los ni\u00f1os<\/p><\/div>\n<p>&nbsp;<\/p>\n<p>Los juguetes fueron destinados a alumnos de las primarias \u201c20 de Noviembre\u201d, \u201cBenito Ju\u00e1rez Garc\u00eda\u201d, as\u00ed como de los preescolares \u201cGuadalupe Victoria\u201d, \u201cFrancisco Gonz\u00e1lez Bocanegra\u201d y \u201cNi\u00f1os H\u00e9roes\u201d.<\/p>\n<p>De acuerdo con Aldo Antonio Rangel Luna, coordinador de la entrega de regalos, fueron 182 cartas las que la comunidad universitaria de diversas entidades acad\u00e9micas apadrin\u00f3 para lograr igual n\u00famero de sonrisas.<\/p>\n<p>&nbsp;<\/p>\n<div id=\"attachment_20900\" style=\"width: 732px\" class=\"wp-caption aligncenter\"><a href=\"https:\/\/www.uv.mx\/prensa\/files\/2017\/01\/200117.-Apadrina-una-carta-3-ok.jpg\"><img loading=\"lazy\" decoding=\"async\" aria-describedby=\"caption-attachment-20900\" class=\"size-full wp-image-20900\" src=\"https:\/\/www.uv.mx\/prensa\/files\/2017\/01\/200117.-Apadrina-una-carta-3-ok.jpg\" alt=\"La alegr\u00eda se dej\u00f3 ver en los rostros de los ni\u00f1os\" width=\"722\" height=\"481\" srcset=\"https:\/\/www.uv.mx\/prensa\/files\/2017\/01\/200117.-Apadrina-una-carta-3-ok.jpg 722w, https:\/\/www.uv.mx\/prensa\/files\/2017\/01\/200117.-Apadrina-una-carta-3-ok-300x200.jpg 300w\" sizes=\"auto, (max-width: 722px) 100vw, 722px\" \/><\/a><p id=\"caption-attachment-20900\" class=\"wp-caption-text\">La alegr\u00eda se dej\u00f3 ver en los rostros de los ni\u00f1os<\/p><\/div>\n<p>&nbsp;<\/p>\n<p>Por su parte, Felipe Mata Morales, coordinador de la Universidad Veracruzana Intercultural (UVI), sede Grandes Monta\u00f1as, ubicada en el municipio de Tequila, coment\u00f3 que los universitarios se sintieron muy orgullosos de colaborar con los Reyes Magos para llevar alegr\u00eda a sitios de dif\u00edcil acceso, como en el caso de las comunidades a las que se visit\u00f3 este a\u00f1o.<\/p>\n<p>\u201cEstamos seguros de que estos regalos les traer\u00e1n mucha alegr\u00eda a los peque\u00f1os, esperamos que sean de su agrado y sobre todo que se contin\u00faen preparando como hasta ahora para que en un futuro podamos recibirlos en la Universidad Veracruzana.\u201d<\/p>\n<p>&nbsp;<\/p>\n<div id=\"attachment_20901\" style=\"width: 732px\" class=\"wp-caption aligncenter\"><a href=\"https:\/\/www.uv.mx\/prensa\/files\/2017\/01\/200117.-Apadrina-una-carta-4-ok.jpg\"><img loading=\"lazy\" decoding=\"async\" aria-describedby=\"caption-attachment-20901\" class=\"size-full wp-image-20901\" src=\"https:\/\/www.uv.mx\/prensa\/files\/2017\/01\/200117.-Apadrina-una-carta-4-ok.jpg\" alt=\"Consejeros alumnos convivieron con los ni\u00f1os\" width=\"722\" height=\"481\" srcset=\"https:\/\/www.uv.mx\/prensa\/files\/2017\/01\/200117.-Apadrina-una-carta-4-ok.jpg 722w, https:\/\/www.uv.mx\/prensa\/files\/2017\/01\/200117.-Apadrina-una-carta-4-ok-300x200.jpg 300w\" sizes=\"auto, (max-width: 722px) 100vw, 722px\" \/><\/a><p id=\"caption-attachment-20901\" class=\"wp-caption-text\">Consejeros alumnos convivieron con los ni\u00f1os<\/p><\/div>\n<p>&nbsp;<\/p>\n<p>Cabe se\u00f1alar que adem\u00e1s de los alumnos de las escuelas, otros ni\u00f1os de esas comunidades tambi\u00e9n fueron beneficiados, pues en total se entregaron cerca de 600 obsequios, adem\u00e1s de paquetes de libros para estudiantes de secundaria.<\/p>\n<p>&nbsp;<\/p>\n","protected":false},"excerpt":{"rendered":"<p><strong><em> Eduardo Ca\u00f1edo Lom\u00e1n.-<\/em><\/strong> Con gran entusiasmo y alegr\u00eda, ni\u00f1os de escuelas primarias y preescolar de los municipios de Tequila y Atlahuilco, recibieron juguetes por el D\u00eda de Reyes Magos, los cuales fueron donados por la comunidad de la Universidad Veracruzana (UV) a trav\u00e9s de las campa\u00f1as \u201cApadrina una carta\u201d y \u201cDona un juguete\u201d, impulsadas por el Voluntariado de esta casa de estudio.<\/p>\n","protected":false},"author":1809,"featured_media":20902,"comment_status":"closed","ping_status":"closed","sticky":false,"template":"","format":"standard","meta":{"footnotes":""},"categories":[32],"tags":[33],"class_list":["post-20895","post","type-post","status-publish","format-standard","has-post-thumbnail","hentry","category-regiones","tag-regiones"],"_links":{"self":[{"href":"https:\/\/www.uv.mx\/prensa\/wp-json\/wp\/v2\/posts\/20895","targetHints":{"allow":["GET"]}}],"collection":[{"href":"https:\/\/www.uv.mx\/prensa\/wp-json\/wp\/v2\/posts"}],"about":[{"href":"https:\/\/www.uv.mx\/prensa\/wp-json\/wp\/v2\/types\/post"}],"author":[{"embeddable":true,"href":"https:\/\/www.uv.mx\/prensa\/wp-json\/wp\/v2\/users\/1809"}],"replies":[{"embeddable":true,"href":"https:\/\/www.uv.mx\/prensa\/wp-json\/wp\/v2\/comments?post=20895"}],"version-history":[{"count":0,"href":"https:\/\/www.uv.mx\/prensa\/wp-json\/wp\/v2\/posts\/20895\/revisions"}],"wp:featuredmedia":[{"embeddable":true,"href":"https:\/\/www.uv.mx\/prensa\/wp-json\/wp\/v2\/media\/20902"}],"wp:attachment":[{"href":"https:\/\/www.uv.mx\/prensa\/wp-json\/wp\/v2\/media?parent=20895"}],"wp:term":[{"taxonomy":"category","embeddable":true,"href":"https:\/\/www.uv.mx\/prensa\/wp-json\/wp\/v2\/categories?post=20895"},{"taxonomy":"post_tag","embeddable":true,"href":"https:\/\/www.uv.mx\/prensa\/wp-json\/wp\/v2\/tags?post=20895"}],"curies":[{"name":"wp","href":"https:\/\/api.w.org\/{rel}","templated":true}]}}