{"id":20797,"date":"2017-01-18T13:27:50","date_gmt":"2017-01-18T19:27:50","guid":{"rendered":"https:\/\/www.uv.mx\/prensa\/?p=20797"},"modified":"2017-01-18T16:02:13","modified_gmt":"2017-01-18T22:02:13","slug":"estudiantes-ampliaran-conocimientos-de-ingenieria-quimica","status":"publish","type":"post","link":"https:\/\/www.uv.mx\/prensa\/regiones\/estudiantes-ampliaran-conocimientos-de-ingenieria-quimica\/","title":{"rendered":"Estudiantes ampliar\u00e1n conocimientos de ingenier\u00eda qu\u00edmica"},"content":{"rendered":"<ul>\n<li>Veracruz ser\u00e1 sede de la III Junta Nacional del Consejo Estudiantil del IMIQ<\/li>\n<li>Se presentar\u00e1n conferencias en torno a los ejes tem\u00e1ticos: corrosi\u00f3n, petr\u00f3leo, ambiental y energ\u00eda<\/li>\n<\/ul>\n<p>&nbsp;<\/p>\n<div id=\"attachment_20824\" style=\"width: 732px\" class=\"wp-caption aligncenter\"><a href=\"https:\/\/www.uv.mx\/prensa\/files\/2017\/01\/Junta-IMIQ-1-okl-n.jpg\"><img loading=\"lazy\" decoding=\"async\" aria-describedby=\"caption-attachment-20824\" class=\"size-full wp-image-20824\" src=\"https:\/\/www.uv.mx\/prensa\/files\/2017\/01\/Junta-IMIQ-1-okl-n.jpg\" alt=\"Alumnos de la UV que integran la secci\u00f3n estudiantil\" width=\"722\" height=\"542\" srcset=\"https:\/\/www.uv.mx\/prensa\/files\/2017\/01\/Junta-IMIQ-1-okl-n.jpg 722w, https:\/\/www.uv.mx\/prensa\/files\/2017\/01\/Junta-IMIQ-1-okl-n-300x225.jpg 300w\" sizes=\"auto, (max-width: 722px) 100vw, 722px\" \/><\/a><p id=\"caption-attachment-20824\" class=\"wp-caption-text\">Alumnos de la UV que integran la secci\u00f3n estudiantil<\/p><\/div>\n<p>&nbsp;<\/p>\n<p><strong>Alma Mart\u00ednez Maldonado<\/strong><\/p>\n<p>&nbsp;<\/p>\n<p><strong>Boca del R\u00edo, Ver. 18\/01\/2017.- <\/strong>La Universidad Veracruzana (UV) albergar\u00e1 la III Junta Nacional del Consejo Estudiantil del Instituto Mexicano de Ingenieros Qu\u00edmicos (IMIQ), que se realizar\u00e1 del 16 al 19 de febrero en el puerto de Veracruz, y en la que participar\u00e1n alrededor de 300 alumnos de diferentes universidades del pa\u00eds.<\/p>\n<p>El evento incluye talleres, conferencias, visitas industriales, eventos culturales, recreativos y deportivos, que servir\u00e1n para el intercambio y enriquecimiento acad\u00e9mico de la formaci\u00f3n de los estudiantes de Ingenier\u00eda Qu\u00edmica y carreras afines.<\/p>\n<p>Las actividades son organizadas por los estudiantes de Ingenier\u00eda Qu\u00edmica: David Iv\u00e1n Arg\u00fcelles Dom\u00ednguez, Sonia Carina Ram\u00edrez Basilio, Alan Ric\u00e1rdez Garc\u00eda, Gloria Karina Dom\u00ednguez Ferman, Guillermo P\u00e9rez Renaud y Diana Laura Palacios P\u00e9rez, quienes integran la Secci\u00f3n Estudiantil del IMIQ Veracruz.<\/p>\n<p>Especialistas del ramo impartir\u00e1n conferencias en torno a los ejes tem\u00e1ticos del congreso: corrosi\u00f3n, petr\u00f3leo, ambiental y energ\u00eda. Adem\u00e1s, habr\u00e1 talleres que sirvan en la formaci\u00f3n y reforzamiento pr\u00e1ctico de las diversas \u00e1reas de la ingenier\u00eda qu\u00edmica.<\/p>\n<p>&nbsp;<\/p>\n<div id=\"attachment_20826\" style=\"width: 732px\" class=\"wp-caption aligncenter\"><a href=\"https:\/\/www.uv.mx\/prensa\/files\/2017\/01\/Junta-IMIQ-2-ok.jpg\"><img loading=\"lazy\" decoding=\"async\" aria-describedby=\"caption-attachment-20826\" class=\"size-full wp-image-20826\" src=\"https:\/\/www.uv.mx\/prensa\/files\/2017\/01\/Junta-IMIQ-2-ok.jpg\" alt=\"Estudiantes de todas las secciones estudiantiles del IMIQ\" width=\"722\" height=\"517\" srcset=\"https:\/\/www.uv.mx\/prensa\/files\/2017\/01\/Junta-IMIQ-2-ok.jpg 722w, https:\/\/www.uv.mx\/prensa\/files\/2017\/01\/Junta-IMIQ-2-ok-300x215.jpg 300w\" sizes=\"auto, (max-width: 722px) 100vw, 722px\" \/><\/a><p id=\"caption-attachment-20826\" class=\"wp-caption-text\">Estudiantes de todas las secciones estudiantiles del IMIQ<\/p><\/div>\n<p>&nbsp;<\/p>\n<p>La conferencia magistral ser\u00e1 impartida por Luis Alberto Lightbourn Rojas, quien es cient\u00edfico civil, empresario, investigador, creador del paradigma de la nutrici\u00f3n vegetal (biosinergia begetal) a nivel mundial y de la bio-nano-femto-fisiolog\u00eda vegetal disruptiva, fundador y presidente del\u00a0<a href=\"http:\/\/www.lightbournr.mx\/\">Instituto de Investigaci\u00f3n Lightbourn, A.C.<\/a>, y fundador de la empresa\u00a0<a href=\"http:\/\/www.bioteksa.com\/\">Bioteksa, S.A. de C.V<\/a>.<\/p>\n<p>Tambi\u00e9n H\u00e9ctor F. Puebla N\u00fa\u00f1ez, profesor-investigador del Departamento de Energ\u00eda, \u00c1rea de An\u00e1lisis de Procesos, de la Universidad Aut\u00f3noma Metropolitana (UAM) Unidad Azcapotzalco y miembro del Sistema Nacional de Investigadores.<\/p>\n<p>Asimismo participar\u00e1n profesionales de la UV, entre ellos Eliseo Hern\u00e1ndez Mart\u00ednez, profesor-investigador en la Facultad de Ciencias Qu\u00edmicas, regi\u00f3n Xalapa, con la conferencia \u201cMonitoreo indirecto de procesos qu\u00edmicos y biol\u00f3gicos de inter\u00e9s industrial\u201d, y Estela Montes Carmona, directora del Instituto de Ingenier\u00eda y experta en bioprocesos.<\/p>\n<p>El investigador y responsable del Cuerpo Acad\u00e9mico (CA) Estudio Integral de Ingenier\u00eda Aplicada, adscrito a la Facultad de Ciencias Qu\u00edmicas, Anselmo Osorio Mir\u00f3n, y Oscar Vel\u00e1zquez Camilo, responsable del CA Ingenier\u00eda de Procesos y Desarrollo Sustentable, quien expondr\u00e1 los \u201cAvances y t\u00f3picos en la cristalizaci\u00f3n de az\u00facar de ca\u00f1a\u201d.<\/p>\n<p>Adem\u00e1s, V\u00edctor Eduardo Infante Pacheco presentar\u00e1 el tema \u201cExploraci\u00f3n geoqu\u00edmica del petr\u00f3leo\u201d y Epifanio Morales Z\u00e1rate informar\u00e1 acerca de sus \u00e1reas de trabajo: modelamiento y simulaci\u00f3n de fen\u00f3menos de transporte y energ\u00edas alternativas.<\/p>\n<div id=\"attachment_20828\" style=\"width: 732px\" class=\"wp-caption aligncenter\"><a href=\"https:\/\/www.uv.mx\/prensa\/files\/2017\/01\/Junta-IMIQ-3-okl.jpg\"><img loading=\"lazy\" decoding=\"async\" aria-describedby=\"caption-attachment-20828\" class=\"size-full wp-image-20828\" src=\"https:\/\/www.uv.mx\/prensa\/files\/2017\/01\/Junta-IMIQ-3-okl.jpg\" alt=\"Las actividades se desarrollar\u00e1n del 16 al 19 de febrero\" width=\"722\" height=\"558\" srcset=\"https:\/\/www.uv.mx\/prensa\/files\/2017\/01\/Junta-IMIQ-3-okl.jpg 722w, https:\/\/www.uv.mx\/prensa\/files\/2017\/01\/Junta-IMIQ-3-okl-300x232.jpg 300w\" sizes=\"auto, (max-width: 722px) 100vw, 722px\" \/><\/a><p id=\"caption-attachment-20828\" class=\"wp-caption-text\">Las actividades se desarrollar\u00e1n del 16 al 19 de febrero<\/p><\/div>\n<p>Como parte complementaria se impartir\u00e1n los talleres \u201cSistema de evaporaci\u00f3n de doble efecto\u201d, \u201cCeldas solares\u201d, \u201cInstrumentaci\u00f3n anal\u00edtica\u201d, \u201cIntegraci\u00f3n energ\u00e9tica en plantas de procesos qu\u00edmicos\u201d, \u201cUnidades sustentables alimentarias y de medicina alternativa\u201d, y \u201cCaracterizaci\u00f3n de pol\u00edmeros\u201d, por mencionar algunos.<\/p>\n<p>En cuanto a las visitas industriales se har\u00e1 recorrido por la central nuclear Laguna Verde, el complejo procesador de gas Matapionche, Tenaris-Tamsa, Bimbo, Biopapel Printing y por ocasi\u00f3n especial se realizar\u00e1 una visita a la ampliaci\u00f3n del puerto.<\/p>\n","protected":false},"excerpt":{"rendered":"<p><strong><em>Alma Mart\u00ednez.-<\/em><\/strong>La Universidad Veracruzana (UV) albergar\u00e1 la III Junta Nacional del Consejo Estudiantil del Instituto Mexicano de Ingenieros Qu\u00edmicos (IMIQ), que se realizar\u00e1 del 16 al 19 de febrero en el puerto de Veracruz, y en la que participar\u00e1n alrededor de 300 alumnos de diferentes universidades del pa\u00eds.<\/p>\n","protected":false},"author":1810,"featured_media":20822,"comment_status":"closed","ping_status":"closed","sticky":false,"template":"","format":"standard","meta":{"footnotes":""},"categories":[32],"tags":[],"class_list":["post-20797","post","type-post","status-publish","format-standard","has-post-thumbnail","hentry","category-regiones"],"_links":{"self":[{"href":"https:\/\/www.uv.mx\/prensa\/wp-json\/wp\/v2\/posts\/20797","targetHints":{"allow":["GET"]}}],"collection":[{"href":"https:\/\/www.uv.mx\/prensa\/wp-json\/wp\/v2\/posts"}],"about":[{"href":"https:\/\/www.uv.mx\/prensa\/wp-json\/wp\/v2\/types\/post"}],"author":[{"embeddable":true,"href":"https:\/\/www.uv.mx\/prensa\/wp-json\/wp\/v2\/users\/1810"}],"replies":[{"embeddable":true,"href":"https:\/\/www.uv.mx\/prensa\/wp-json\/wp\/v2\/comments?post=20797"}],"version-history":[{"count":0,"href":"https:\/\/www.uv.mx\/prensa\/wp-json\/wp\/v2\/posts\/20797\/revisions"}],"wp:featuredmedia":[{"embeddable":true,"href":"https:\/\/www.uv.mx\/prensa\/wp-json\/wp\/v2\/media\/20822"}],"wp:attachment":[{"href":"https:\/\/www.uv.mx\/prensa\/wp-json\/wp\/v2\/media?parent=20797"}],"wp:term":[{"taxonomy":"category","embeddable":true,"href":"https:\/\/www.uv.mx\/prensa\/wp-json\/wp\/v2\/categories?post=20797"},{"taxonomy":"post_tag","embeddable":true,"href":"https:\/\/www.uv.mx\/prensa\/wp-json\/wp\/v2\/tags?post=20797"}],"curies":[{"name":"wp","href":"https:\/\/api.w.org\/{rel}","templated":true}]}}