{"id":20650,"date":"2017-01-15T07:02:12","date_gmt":"2017-01-15T13:02:12","guid":{"rendered":"https:\/\/www.uv.mx\/prensa\/?p=20650"},"modified":"2017-01-13T15:37:00","modified_gmt":"2017-01-13T21:37:00","slug":"universitario-evaluo-inteligencia-organizacional-en-institutos-de-investigacion","status":"publish","type":"post","link":"https:\/\/www.uv.mx\/prensa\/general\/universitario-evaluo-inteligencia-organizacional-en-institutos-de-investigacion\/","title":{"rendered":"Universitario evalu\u00f3 inteligencia organizacional en institutos de investigaci\u00f3n"},"content":{"rendered":"<ul>\n<li><em>Arm\u00edn Garc\u00eda Ortega, egresado de la Maestr\u00eda en Gesti\u00f3n de Organizaciones, hizo recomendaciones para la mejor aplicaci\u00f3n de ambas variables, al interior y exterior de la Universidad<\/em><\/li>\n<li><em>Fue reconocido con el Premio \u201cArte, Ciencia, Luz\u201d al mejor trabajo recepcional 2016<\/em><\/li>\n<\/ul>\n<div id=\"attachment_20657\" style=\"width: 732px\" class=\"wp-caption aligncenter\"><a href=\"https:\/\/www.uv.mx\/prensa\/files\/2017\/01\/150117.-Armin-Garcia-1-ok.jpg\"><img loading=\"lazy\" decoding=\"async\" aria-describedby=\"caption-attachment-20657\" class=\"size-full wp-image-20657\" src=\"https:\/\/www.uv.mx\/prensa\/files\/2017\/01\/150117.-Armin-Garcia-1-ok.jpg\" alt=\"Arm\u00edn Garc\u00eda Ortega, egresado de la Maestr\u00eda en Gesti\u00f3n de Organizaciones del IIESCA\" width=\"722\" height=\"481\" srcset=\"https:\/\/www.uv.mx\/prensa\/files\/2017\/01\/150117.-Armin-Garcia-1-ok.jpg 722w, https:\/\/www.uv.mx\/prensa\/files\/2017\/01\/150117.-Armin-Garcia-1-ok-300x200.jpg 300w\" sizes=\"auto, (max-width: 722px) 100vw, 722px\" \/><\/a><p id=\"caption-attachment-20657\" class=\"wp-caption-text\">Arm\u00edn Garc\u00eda Ortega, egresado de la Maestr\u00eda en Gesti\u00f3n de Organizaciones del IIESCA<\/p><\/div>\n<p>&nbsp;<\/p>\n<p><strong><em>Claudia Peralta V\u00e1zquez<\/em><\/strong><\/p>\n<p>&nbsp;<\/p>\n<p><strong><em>Xalapa, Ver., 15\/01\/2017.-<\/em><\/strong> Arm\u00edn Garc\u00eda Ortega, egresado de la Maestr\u00eda en Gesti\u00f3n de Organizaciones que ofrece el Instituto de Investigaciones y Estudios Superiores de las Ciencias Administrativas (IIESCA) de la Universidad Veracruzana (UV), hizo un diagn\u00f3stico de la relaci\u00f3n entre la inteligencia organizacional y la gesti\u00f3n del conocimiento en el \u00e1rea de investigaciones de esta casa de estudio.<\/p>\n<p>Dicho estudio, por el cual obtuvo el Premio \u201cArte, Ciencia, Luz\u201d al mejor trabajo recepcional 2016, surgi\u00f3 de la necesidad de investigar algo innovador y de romper con ciertos paradigmas, comparti\u00f3 en entrevista.<\/p>\n<p>Al ahondar en el contenido del mismo, Garc\u00eda Ortega precis\u00f3 que la inteligencia organizacional es la capacidad de una instituci\u00f3n para mover todo su potencial cerebral y enfocarlo en el logro de la misi\u00f3n; mientras que la gesti\u00f3n del conocimiento es el proceso por el cual una organizaci\u00f3n facilita la trasmisi\u00f3n de informaciones y habilidades a sus empleados, de una manera sistem\u00e1tica y eficiente.<\/p>\n<p>Como parte de su curso de posgrado, en enero de 2013 empez\u00f3 a realizar este an\u00e1lisis que consisti\u00f3 en la aplicaci\u00f3n de un instrumento f\u00edsico y digital para el diagn\u00f3stico de ambas variables.<\/p>\n<div id=\"attachment_20659\" style=\"width: 732px\" class=\"wp-caption aligncenter\"><a href=\"https:\/\/www.uv.mx\/prensa\/files\/2017\/01\/150117.-Armin-Garcia-2-ok.jpg\"><img loading=\"lazy\" decoding=\"async\" aria-describedby=\"caption-attachment-20659\" class=\"size-full wp-image-20659\" src=\"https:\/\/www.uv.mx\/prensa\/files\/2017\/01\/150117.-Armin-Garcia-2-ok.jpg\" alt=\"Su trabajo recepcional fue galardonado con el Premio \u201cArte, Ciencia, Luz\u201d 2016\" width=\"722\" height=\"481\" srcset=\"https:\/\/www.uv.mx\/prensa\/files\/2017\/01\/150117.-Armin-Garcia-2-ok.jpg 722w, https:\/\/www.uv.mx\/prensa\/files\/2017\/01\/150117.-Armin-Garcia-2-ok-300x200.jpg 300w\" sizes=\"auto, (max-width: 722px) 100vw, 722px\" \/><\/a><p id=\"caption-attachment-20659\" class=\"wp-caption-text\">Su trabajo recepcional fue galardonado con el Premio \u201cArte, Ciencia, Luz\u201d 2016<\/p><\/div>\n<p>Por lo tanto, desarroll\u00f3 investigaci\u00f3n cuantitativa y de campo con la participaci\u00f3n del 90 por ciento de los investigadores de nueve institutos de la UV, ubicados en la ciudad de Xalapa, quienes respondieron un instrumento f\u00edsico y digital.<\/p>\n<p>Respecto de los resultados, explic\u00f3 que uno de ellos revela que si la Universidad pretende en un futuro ser una organizaci\u00f3n que se pueda catalogar como inteligente y gestionar de mejor forma su conocimiento como lo plantea en su Plan de Desarrollo 2025, tendr\u00e1 que trabajar de manera eficaz y eficiente en la mejora constante de ambas variables.<\/p>\n<p>Adem\u00e1s, se identificaron diferencias entre la percepci\u00f3n de \u00e9stas seg\u00fan el g\u00e9nero, el grado acad\u00e9mico y el puesto de los investigadores. Por lo tanto, recomend\u00f3 trabajar en esos \u00e1mbitos para mejorar la percepci\u00f3n de la inteligencia organizacional y la gesti\u00f3n del conocimiento, ya que los resultados individuales de cada una de ellas apenas sobrepasaron la media.<\/p>\n<p>\u201cEl estudio arroj\u00f3 muchas oportunidades de mejora tanto para los institutos como para los propios investigadores, en el sentido de compartir su conocimiento al interior y exterior, a fin de resolver las problem\u00e1ticas de la UV y de la sociedad.\u201d<\/p>\n<p>Arm\u00edn Garc\u00eda, quien curs\u00f3 la Licenciatura en Relaciones Industriales en la regi\u00f3n Xalapa, expres\u00f3 su satisfacci\u00f3n por haber sido reconocido con el Premio \u201cArte, Ciencia, Luz\u201d; asimismo destac\u00f3 que representa una gran experiencia y agradeci\u00f3 a su director de tesis, Abraham V\u00e1zquez Cruz, por el apoyo y trabajo conjunto que deriv\u00f3 en esta distinci\u00f3n.<\/p>\n<p>&nbsp;<\/p>\n","protected":false},"excerpt":{"rendered":"<p><strong><em>Claudia Peralta .-<\/em><\/strong>Arm\u00edn Garc\u00eda Ortega, egresado de la Maestr\u00eda en Gesti\u00f3n de Organizaciones que ofrece el Instituto de Investigaciones y Estudios Superiores de las Ciencias Administrativas (IIESCA) de la Universidad Veracruzana (UV), hizo un diagn\u00f3stico de la relaci\u00f3n entre la inteligencia organizacional y la gesti\u00f3n del conocimiento en el \u00e1rea de investigaciones de esta casa de estudio.<\/p>\n","protected":false},"author":1810,"featured_media":20660,"comment_status":"closed","ping_status":"closed","sticky":false,"template":"","format":"standard","meta":{"footnotes":""},"categories":[1],"tags":[3],"class_list":["post-20650","post","type-post","status-publish","format-standard","has-post-thumbnail","hentry","category-general","tag-secundarias"],"_links":{"self":[{"href":"https:\/\/www.uv.mx\/prensa\/wp-json\/wp\/v2\/posts\/20650","targetHints":{"allow":["GET"]}}],"collection":[{"href":"https:\/\/www.uv.mx\/prensa\/wp-json\/wp\/v2\/posts"}],"about":[{"href":"https:\/\/www.uv.mx\/prensa\/wp-json\/wp\/v2\/types\/post"}],"author":[{"embeddable":true,"href":"https:\/\/www.uv.mx\/prensa\/wp-json\/wp\/v2\/users\/1810"}],"replies":[{"embeddable":true,"href":"https:\/\/www.uv.mx\/prensa\/wp-json\/wp\/v2\/comments?post=20650"}],"version-history":[{"count":0,"href":"https:\/\/www.uv.mx\/prensa\/wp-json\/wp\/v2\/posts\/20650\/revisions"}],"wp:featuredmedia":[{"embeddable":true,"href":"https:\/\/www.uv.mx\/prensa\/wp-json\/wp\/v2\/media\/20660"}],"wp:attachment":[{"href":"https:\/\/www.uv.mx\/prensa\/wp-json\/wp\/v2\/media?parent=20650"}],"wp:term":[{"taxonomy":"category","embeddable":true,"href":"https:\/\/www.uv.mx\/prensa\/wp-json\/wp\/v2\/categories?post=20650"},{"taxonomy":"post_tag","embeddable":true,"href":"https:\/\/www.uv.mx\/prensa\/wp-json\/wp\/v2\/tags?post=20650"}],"curies":[{"name":"wp","href":"https:\/\/api.w.org\/{rel}","templated":true}]}}