{"id":20644,"date":"2017-01-15T07:00:08","date_gmt":"2017-01-15T13:00:08","guid":{"rendered":"https:\/\/www.uv.mx\/prensa\/?p=20644"},"modified":"2017-01-13T15:14:46","modified_gmt":"2017-01-13T21:14:46","slug":"el-bruxismo-o-rechinido-de-dientes-patologia-en-aumento","status":"publish","type":"post","link":"https:\/\/www.uv.mx\/prensa\/general\/el-bruxismo-o-rechinido-de-dientes-patologia-en-aumento\/","title":{"rendered":"El bruxismo o rechinido de dientes, patolog\u00eda en aumento"},"content":{"rendered":"<ul>\n<li><em>Si no se diagnostica a tiempo, las secuelas son desastrosas para la cavidad bucal, alterando los m\u00fasculos elevadores de la mand\u00edbula y los dientes<\/em><\/li>\n<li><em>Con esta investigaci\u00f3n, Mar\u00eda Gabriela Nach\u00f3n Garc\u00eda obtuvo el Premio \u201cArte, Ciencia, Luz\u201d 2016<\/em><\/li>\n<\/ul>\n<p>&nbsp;<\/p>\n<div id=\"attachment_20646\" style=\"width: 732px\" class=\"wp-caption aligncenter\"><a href=\"https:\/\/www.uv.mx\/prensa\/files\/2017\/01\/16-1-17.jpg\"><img loading=\"lazy\" decoding=\"async\" aria-describedby=\"caption-attachment-20646\" class=\"size-full wp-image-20646\" src=\"https:\/\/www.uv.mx\/prensa\/files\/2017\/01\/16-1-17.jpg\" alt=\"La galardonada con sus asesores, Fabio Alfredo Garc\u00eda Garc\u00eda y Ulises Jim\u00e9nez Correa\" width=\"722\" height=\"481\" srcset=\"https:\/\/www.uv.mx\/prensa\/files\/2017\/01\/16-1-17.jpg 722w, https:\/\/www.uv.mx\/prensa\/files\/2017\/01\/16-1-17-300x200.jpg 300w\" sizes=\"auto, (max-width: 722px) 100vw, 722px\" \/><\/a><p id=\"caption-attachment-20646\" class=\"wp-caption-text\">La galardonada con sus asesores, Fabio Alfredo Garc\u00eda Garc\u00eda y Ulises Jim\u00e9nez Correa<\/p><\/div>\n<p>&nbsp;<\/p>\n<p><strong><em>Paola Cort\u00e9s P\u00e9rez<\/em><\/strong><\/p>\n<p>&nbsp;<\/p>\n<p><strong><em>Xalapa, Ver., 15\/01\/2017.-<\/em><\/strong> En los \u00faltimos a\u00f1os han incrementado las patolog\u00edas relacionadas con los niveles altos de ansiedad y una de ellas es el bruxismo, que es cuando las personas aprietan o frotan los \u00f3rganos dentarios (dientes) por las noches.<\/p>\n<p>Mar\u00eda Gabriela Nach\u00f3n Garc\u00eda, egresada del Doctorado en Ciencias de la Salud y acad\u00e9mica del Instituto de Ciencias de la Salud de la Universidad Veracruzana (UV), mencion\u00f3 que la incidencia de este padecimiento se ha incrementado alrededor de cuatro puntos porcentuales, de 2010 a la fecha.<\/p>\n<p>Indic\u00f3 que uno de los factores etiol\u00f3gicos a los que el bruxismo est\u00e1 asociado es el nivel de estr\u00e9s que viven las personas y al momento \u201cs\u00f3lo es tratada por los cirujanos dentistas con un tratamiento paliativo a trav\u00e9s del uso del guarda oclusal, pero no se hab\u00eda buscado el punto de origen del trastorno\u201d.<\/p>\n<p>Al ser cirujano dentista, mencion\u00f3 que ha visto a personas que presentan bruxismo con un deterioro importante de los \u00f3rganos dentarios, por ello se interes\u00f3 en investigar dicha enfermedad para obtener el grado de Doctora en Ciencias de la Salud.<\/p>\n<p>Adem\u00e1s, este trabajo, titulado \u201cArquitectura del sue\u00f1o y niveles de catecolaminas plasm\u00e1ticas en pacientes bruxistas\u201d, recibi\u00f3 el Premio \u201cArte, Ciencia, Luz\u201d 2016 por su calidad, originalidad y aportaciones.<\/p>\n<p>&nbsp;<\/p>\n<p><strong>El bruxismo<\/strong><\/p>\n<p>Anteriormente, el bruxismo era considerado como una parasomnia, fue hasta la m\u00e1s reciente clasificaci\u00f3n internacional de padecimientos del sue\u00f1o donde se enmarc\u00f3 como un trastorno del movimiento, al igual que el s\u00edndrome de piernas inquietas y\/o los movimientos peri\u00f3dicos de las extremidades, explic\u00f3 Mar\u00eda Gabriela Nach\u00f3n.<\/p>\n<p>Su inter\u00e9s en estudiar dicho trastorno, comparti\u00f3, se debe a que es propiciado por diferentes factores etiol\u00f3gicos (agentes responsables del desarrollo de un estado patol\u00f3gico).<\/p>\n<p>\u201cSiempre he cre\u00eddo que los odont\u00f3logos no debemos quedarnos s\u00f3lo en el estudio de la cavidad bucal, sino que tambi\u00e9n debemos considerar todo lo correspondiente a las manifestaciones sistem\u00e1ticas del organismo y c\u00f3mo repercuten en la cavidad bucal.\u201d<\/p>\n<p>Enfatiz\u00f3 que el diagn\u00f3stico de la enfermedad es dif\u00edcil, de ah\u00ed que se identifique a trav\u00e9s de la sintomatolog\u00eda: dolor de cabeza matutino, limitaci\u00f3n de la apertura bucal, dolor de la articulaci\u00f3n temporomandibular, desgaste de los \u00f3rganos dentarios, alteraci\u00f3n del tejido periodontal, hipertrofia de los m\u00fasculos elevadores de la mand\u00edbula (principalmente del macetero), dolor en la regi\u00f3n cervical, entre otros.<\/p>\n<p>Por lo general, destac\u00f3, el bruxismo recibe tratamiento paliativo, por lo que el paciente no se cura, \u201cel proceso que vive es dif\u00edcil porque desembolsa una cantidad importante de dinero, sin considerar el desgaste emocional, por no tener un diagn\u00f3stico oportuno\u201d.<\/p>\n<p>Si no es detectado a tiempo, las secuelas son desastrosas en la cavidad bucal, y aunque se practiquen restauraciones, la actividad de las contracciones de los m\u00fasculos elevadores de la mand\u00edbula no se corrige y ser\u00e1n destruidas igual que los dientes.<\/p>\n<p>Al preguntarle si esta patolog\u00eda puede presentarse en ni\u00f1os, Nach\u00f3n Garc\u00eda respondi\u00f3 que el rechinido de dientes puede considerarse normal por el cambio de dentici\u00f3n, \u201cpero si despu\u00e9s de los 15 a\u00f1os de edad a\u00fan se presenta el frotamiento y apretamiento de los dientes, entonces ya se considera bruxismo\u201d.<\/p>\n<p>&nbsp;<\/p>\n<div id=\"attachment_20648\" style=\"width: 732px\" class=\"wp-caption aligncenter\"><a href=\"https:\/\/www.uv.mx\/prensa\/files\/2017\/01\/Bruxismo-2-olkkkkjhg.jpg\"><img loading=\"lazy\" decoding=\"async\" aria-describedby=\"caption-attachment-20648\" class=\"size-full wp-image-20648\" src=\"https:\/\/www.uv.mx\/prensa\/files\/2017\/01\/Bruxismo-2-olkkkkjhg.jpg\" alt=\"Mar\u00eda Gabriela Nach\u00f3n Garc\u00eda realiz\u00f3 una polisomnograf\u00eda, elemental para obtener un diagn\u00f3stico certero\" width=\"722\" height=\"543\" srcset=\"https:\/\/www.uv.mx\/prensa\/files\/2017\/01\/Bruxismo-2-olkkkkjhg.jpg 722w, https:\/\/www.uv.mx\/prensa\/files\/2017\/01\/Bruxismo-2-olkkkkjhg-300x226.jpg 300w\" sizes=\"auto, (max-width: 722px) 100vw, 722px\" \/><\/a><p id=\"caption-attachment-20648\" class=\"wp-caption-text\">Mar\u00eda Gabriela Nach\u00f3n Garc\u00eda realiz\u00f3 una polisomnograf\u00eda, elemental para obtener un diagn\u00f3stico certero<\/p><\/div>\n<p>&nbsp;<\/p>\n<p><strong>Ansiedad altera la actividad motora<\/strong><\/p>\n<p>La investigaci\u00f3n sobre el bruxismo en el sue\u00f1o ha sido intermitente, es decir, hay periodos en que existe una diversidad de trabajos, y otros en los que pareciera que se pierde el inter\u00e9s en el padecimiento, se\u00f1al\u00f3 Mar\u00eda Gabriela Nach\u00f3n.<\/p>\n<p>\u201cProbablemente esto se deba a que es dif\u00edcil hacer investigaci\u00f3n que involucre estudios diagn\u00f3sticos. En este caso, la realizaci\u00f3n de una polisomnograf\u00eda (ayuda a detectar los trastornos del sue\u00f1o) es elemental para obtener un diagn\u00f3stico certero en una cl\u00ednica especializada, se colocan electrodos en diversas partes del cuerpo.<\/p>\n<p>\u201dEsto permite tener informaci\u00f3n de la actividad cortical, movimiento de los ojos y de los m\u00fasculos, con esto se puede establecer la fase del sue\u00f1o relacionada con los episodios de bruxismo, cu\u00e1nto dura el episodio y si genera microdespertares.\u201d<\/p>\n<p>Cont\u00f3 que el estudio fue un trabajo muy extenso y con algunos momentos dif\u00edciles, que tuvo por objetivo conocer en una muestra de 44 individuos la arquitectura del sue\u00f1o y los niveles de catecolaminas \u2500grupo de sustancias segregadas al torrente sangu\u00edneo cuando hay estr\u00e9s o actividad f\u00edsica\u2500 en los pacientes bruxistas comparados con personas que no tienen la patolog\u00eda.<\/p>\n<p>\u201cFue una labor tit\u00e1nica, desde seleccionar a los pacientes y el lugar id\u00f3neo, as\u00ed como tener las condiciones controladas durante toda una jornada de sue\u00f1o.\u201d<\/p>\n<p>Algunos de los resultados, comparti\u00f3, es que el bruxismo est\u00e1 asociado con niveles altos de ansiedad, trastornos del sue\u00f1o, alteraciones en la regi\u00f3n orofacial y modificaci\u00f3n en la concentraci\u00f3n de dopamina, esta \u00faltima es la encargada de controlar el sistema motor del organismo, especific\u00f3.<\/p>\n<p>Lo anterior permiti\u00f3 plantear la hip\u00f3tesis de que en el sistema nervioso central el aumento de los niveles de ansiedad genera un desequilibrio en la concentraci\u00f3n de dopamina, lo que provoca alteraciones en la actividad motora y contracciones de los m\u00fasculos elevadores de la mand\u00edbula, present\u00e1ndose as\u00ed los episodios de bruxismo.<\/p>\n<p>Asimismo, \u201cpudimos observar que la eficiencia del sue\u00f1o de los pacientes bruxistas est\u00e1 dentro de los par\u00e1metros de normalidad en todas las diferentes etapas del sue\u00f1o y en las concentraciones de catecolaminas, debido al proceso de homeorresis, que es el fen\u00f3meno que tiende a mantener el equilibrio en el cuerpo ante un cambio constante\u201d.<\/p>\n<p>Reiter\u00f3 que la investigaci\u00f3n la inici\u00f3 para encontrar una posible soluci\u00f3n al bruxismo, pero lo m\u00e1s importante \u2013enfatiz\u00f3\u2013 es difundir los resultados obtenidos a trav\u00e9s de publicaciones, as\u00ed como exposiciones en congresos, concursos, entre otras actividades, a fin de que la poblaci\u00f3n conozca los avances cient\u00edficos.<\/p>\n<p>Con relaci\u00f3n al Premio \u201cArte, Ciencia, Luz\u201d, coment\u00f3 que este tipo de reconocimientos reconfortan el esp\u00edritu, estimula el trabajo y renueva el \u00e1nimo para continuar en la investigaci\u00f3n.<\/p>\n<p>\u201cMe siento muy satisfecha que personas con la experiencia como la del jurado, reconocieran que fue un trabajo con una metodolog\u00eda limpia, correcta, con normatividad \u00e9tica.\u201d<\/p>\n<p>Por \u00faltimo, dijo que el gusto por la investigaci\u00f3n se desarrolla desde la licenciatura, s\u00f3lo basta que uno de los acad\u00e9micos inspire a sus alumnos para que inicien alg\u00fan proyecto. Sin embargo, reconoci\u00f3 que en ocasiones el \u00e1rea de ciencias de la salud es desconocida para los estudiantes.<\/p>\n<p>\u201cEs importante que los j\u00f3venes tengan la oportunidad de saber que la investigaci\u00f3n no est\u00e1 lejana a sus vidas y carreras. Todos tenemos, en la actividad que sea, interrogantes e inquietudes por resolver y esto es lo necesario para iniciar una investigaci\u00f3n.\u201d<\/p>\n<p>&nbsp;<\/p>\n","protected":false},"excerpt":{"rendered":"<p><strong><em>Paola Cort\u00e9s.-<\/em><\/strong>En los \u00faltimos a\u00f1os han incrementado las patolog\u00edas relacionadas con los niveles altos de ansiedad y una de ellas es el bruxismo, que es cuando las personas aprietan o frotan los \u00f3rganos dentarios (dientes) por las noches.<\/p>\n","protected":false},"author":1810,"featured_media":20647,"comment_status":"closed","ping_status":"closed","sticky":false,"template":"","format":"standard","meta":{"footnotes":""},"categories":[1],"tags":[2],"class_list":["post-20644","post","type-post","status-publish","format-standard","has-post-thumbnail","hentry","category-general","tag-principal"],"_links":{"self":[{"href":"https:\/\/www.uv.mx\/prensa\/wp-json\/wp\/v2\/posts\/20644","targetHints":{"allow":["GET"]}}],"collection":[{"href":"https:\/\/www.uv.mx\/prensa\/wp-json\/wp\/v2\/posts"}],"about":[{"href":"https:\/\/www.uv.mx\/prensa\/wp-json\/wp\/v2\/types\/post"}],"author":[{"embeddable":true,"href":"https:\/\/www.uv.mx\/prensa\/wp-json\/wp\/v2\/users\/1810"}],"replies":[{"embeddable":true,"href":"https:\/\/www.uv.mx\/prensa\/wp-json\/wp\/v2\/comments?post=20644"}],"version-history":[{"count":0,"href":"https:\/\/www.uv.mx\/prensa\/wp-json\/wp\/v2\/posts\/20644\/revisions"}],"wp:featuredmedia":[{"embeddable":true,"href":"https:\/\/www.uv.mx\/prensa\/wp-json\/wp\/v2\/media\/20647"}],"wp:attachment":[{"href":"https:\/\/www.uv.mx\/prensa\/wp-json\/wp\/v2\/media?parent=20644"}],"wp:term":[{"taxonomy":"category","embeddable":true,"href":"https:\/\/www.uv.mx\/prensa\/wp-json\/wp\/v2\/categories?post=20644"},{"taxonomy":"post_tag","embeddable":true,"href":"https:\/\/www.uv.mx\/prensa\/wp-json\/wp\/v2\/tags?post=20644"}],"curies":[{"name":"wp","href":"https:\/\/api.w.org\/{rel}","templated":true}]}}