{"id":20233,"date":"2017-01-02T15:41:26","date_gmt":"2017-01-02T21:41:26","guid":{"rendered":"https:\/\/www.uv.mx\/prensa\/?p=20233"},"modified":"2017-01-02T15:41:26","modified_gmt":"2017-01-02T21:41:26","slug":"intercambio-estudiantil-fortalece-habilidades-academicas-y-personales","status":"publish","type":"post","link":"https:\/\/www.uv.mx\/prensa\/general\/intercambio-estudiantil-fortalece-habilidades-academicas-y-personales\/","title":{"rendered":"Intercambio estudiantil fortalece habilidades acad\u00e9micas y personales"},"content":{"rendered":"<ul>\n<li><i><em>Alan Kevin Casta\u00f1eda, de la Licenciatura en Negocios Internacionales, curs\u00f3 un semestre en el INSEEC de Par\u00eds, Francia<\/em><\/i><\/li>\n<li><em>Conocer otro idioma es indispensable para obtener una beca del Programa de Movilidad estudiantil de la DGRI<\/em><\/li>\n<\/ul>\n<div id=\"attachment_20235\" style=\"width: 732px\" class=\"wp-caption aligncenter\"><a href=\"https:\/\/www.uv.mx\/prensa\/files\/2017\/01\/020117.-Estudiante-de-FCAS-volvio-de-Francia-ok.jpg\"><img loading=\"lazy\" decoding=\"async\" aria-describedby=\"caption-attachment-20235\" class=\"size-full wp-image-20235\" src=\"https:\/\/www.uv.mx\/prensa\/files\/2017\/01\/020117.-Estudiante-de-FCAS-volvio-de-Francia-ok.jpg\" alt=\"Alan Kevin Casta\u00f1eda Campos, estudiante de la Licenciatura en Negocios Internacionales en la UV\" width=\"722\" height=\"481\" srcset=\"https:\/\/www.uv.mx\/prensa\/files\/2017\/01\/020117.-Estudiante-de-FCAS-volvio-de-Francia-ok.jpg 722w, https:\/\/www.uv.mx\/prensa\/files\/2017\/01\/020117.-Estudiante-de-FCAS-volvio-de-Francia-ok-300x200.jpg 300w\" sizes=\"auto, (max-width: 722px) 100vw, 722px\" \/><\/a><p id=\"caption-attachment-20235\" class=\"wp-caption-text\">Alan Kevin Casta\u00f1eda Campos, estudiante de la Licenciatura en Negocios Internacionales en la UV<\/p><\/div>\n<p>&nbsp;<\/p>\n<p><strong><em>David Sandoval Rodr\u00edguez<\/em><\/strong><\/p>\n<p>&nbsp;<\/p>\n<p><strong><em>Xalapa, Ver., 2\/01\/2017.-<\/em><\/strong> Alan Kevin Casta\u00f1eda Campos, estudiante del s\u00e9ptimo semestre de la Licenciatura en Negocios Internacionales de la Facultad de Ciencias Administrativas y Sociales (FCAS) de la Universidad Veracruzana (UV), curs\u00f3 el quinto semestre en el Instituto de Estudios Superiores en Administraci\u00f3n y Comercio (INSEEC) en Par\u00eds, Francia, y con esta experiencia invit\u00f3 a los universitarios a realizar movilidad estudiantil en el extranjero.<\/p>\n<p>Si bien el objetivo principal es mejorar en el \u00e1mbito acad\u00e9mico, el joven coment\u00f3 que este tipo de intercambios tiene gran impacto en diversos rubros. \u201cTe das cuenta que hay posibilidades m\u00e1s all\u00e1 de la Universidad Veracruzana, que fuera de nuestro pa\u00eds hay m\u00e1s personas, m\u00e1s profesionistas de quienes podemos aprender\u201d.<\/p>\n<p>Alan Casta\u00f1eda decidi\u00f3 estudiar en Francia porque resultaba un reto muy grande aprender del idioma natal, pues ha comprobado que comprender y hablar otras lenguas son elementos muy importantes para sortear el d\u00eda a d\u00eda en una experiencia de movilidad internacional.<\/p>\n<p>\u201cDesde mi punto de vista, es muy importante que el candidato a una experiencia de este tipo, ya sea en una instituci\u00f3n nacional o internacional, sepa que va a salir de su zona de confort, es algo que te har\u00e1 forjar m\u00e1s valores, te har\u00e1 crecer como persona, tener un panorama m\u00e1s amplio de lo que es el mundo y en particular las instituciones educativas como la universidades\u201d, explic\u00f3.<\/p>\n<p>El INSEEC posee un alto nivel de exigencia y se ponen a prueba todas las capacidades y actitudes aprendidas. Como ejemplo cit\u00f3 que aqu\u00ed cursaba ocho materias durante el semestre, y en Francia fueron 14.<\/p>\n<p>Adem\u00e1s tuvo la oportunidad de tomar clases con alumnos de maestr\u00eda, \u201cson diferentes culturas y te pueden afectar de muchas maneras. En mi caso, se fue un Kevin y regres\u00f3 otro diferente porque antes de irme sab\u00eda que las calificaciones eran importantes pero la exigencia de un pa\u00eds de primer mundo es muy palpable y se refleja en las aulas y en los maestros, ese estilo de vida se convierte en un h\u00e1bito del d\u00eda a d\u00eda desde que entras en las aulas, ese h\u00e1bito lo traje a la UV y lo he visto con un resultado muy positivo en mis calificaciones; desde que regres\u00e9 sub\u00ed mi promedio y he obtenido notas laudatorias consecutivas\u201d.<\/p>\n<p>Apunt\u00f3 que los beneficios m\u00e1s importantes de una experiencia de movilidad son el acad\u00e9mico y el personal, como se constata en los resultados.<\/p>\n<p>El esfuerzo m\u00e1s grande que debe realizar un becario es aprender el idioma y adaptarse a la cultura, al estilo de vida y al ritmo de trabajo en general dentro de la instituci\u00f3n educativa.<\/p>\n<p>El universitario destac\u00f3 la importancia de aprender uno o m\u00e1s idiomas, dado que \u201cse desperdician much\u00edsimas plazas, muchas oportunidades que ofrece la Direcci\u00f3n General de Relaciones Internacionales (DGRI) porque pocos alumnos saben otro idioma\u201d.<\/p>\n<p>En ese sentido, mencion\u00f3 que su formaci\u00f3n en lenguas extranjeras fue completamente en el Centro de Idiomas de Xalapa (CIX) de la UV, donde estudi\u00f3 franc\u00e9s e italiano y los certific\u00f3 ah\u00ed mismo a trav\u00e9s de los ex\u00e1menes DELF y CILS.<\/p>\n<p>\u201cEl nivel del CIX y el esfuerzo que uno pone a las clases, as\u00ed como fuera del aula, se convirtieron en un eslab\u00f3n clave para que pudiera viajar de intercambio.\u201d<\/p>\n<p>En cuanto al apoyo brindado por la DGRI, el universitario subray\u00f3 su calidad como una instancia \u201ccompletamente abierta\u201d, en la que le resolvieron sus dudas y le orientaron en los pasos a seguir para lograr el espacio de movilidad, adem\u00e1s \u201ctiene la intenci\u00f3n de que todos los alumnos salgamos al mundo, es la esencia de su ser\u201d.<\/p>\n<p>Relat\u00f3 que como ex becario se genera una correspondencia con la instituci\u00f3n y consiste en apoyar como ponente en distintos espacios universitarios, compartiendo la experiencia y difundiendo las posibilidades que existen para todos los estudiantes de realizar una estancia de movilidad tanto al interior como en el extranjero.<\/p>\n<p>Record\u00f3 que su inter\u00e9s por estudiar fuera de M\u00e9xico comenz\u00f3 en casa, ya que uno de sus dos hermanos egresados de la UV efectu\u00f3 una estancia similar en Estados Unidos. \u201cYo quise hacerlo porque lo vi y es lo que queremos hacer los ex becarios, que a trav\u00e9s de nuestras experiencias se invite a los dem\u00e1s a animarse y mirar que es posible, como en mi caso\u201d.<\/p>\n<p>Casta\u00f1eda Campos hizo hincapi\u00e9 en que la formaci\u00f3n que llevaba de la UV estaba a la par de los estudiantes de Suecia, Hungr\u00eda, Espa\u00f1a e Italia: \u201cTodos est\u00e1bamos en una misma sinton\u00eda y es algo que me enorgullece mucho; en realidad es un sacrificio que muchas personas no quieren hacer, prefieren irse a su casa a no hacer nada, o ver la televisi\u00f3n en lugar de aprender otra lengua\u201d, opin\u00f3, \u201cpero aplicarte vale la pena a largo plazo y te abre muchas puertas\u201d.<\/p>\n<p>Subray\u00f3 que en la UV hay una apertura muy grande, desde la Secretaria Acad\u00e9mica de su Facultad, la Directora y todo el personal de la DGRI, quienes siempre le apoyaron para poder vivir la experiencia, \u201cpero sin el compromiso como estudiante no hubiera podido hacerlo\u201d.<\/p>\n","protected":false},"excerpt":{"rendered":"<p><strong><em> David Sandoval Rodr\u00edguez.-<\/em><\/strong> Alan Kevin Casta\u00f1eda Campos, estudiante del s\u00e9ptimo semestre de la Licenciatura en Negocios Internacionales de la Facultad de Ciencias Administrativas y Sociales (FCAS) de la Universidad Veracruzana (UV), curs\u00f3 el quinto semestre en el Instituto de Estudios Superiores en Administraci\u00f3n y Comercio (INSEEC) en Par\u00eds, Francia, y con esta experiencia invit\u00f3 a los universitarios a realizar movilidad estudiantil en el extranjero.<\/p>\n","protected":false},"author":1809,"featured_media":20236,"comment_status":"closed","ping_status":"closed","sticky":false,"template":"","format":"standard","meta":{"footnotes":""},"categories":[1],"tags":[3],"class_list":["post-20233","post","type-post","status-publish","format-standard","has-post-thumbnail","hentry","category-general","tag-secundarias"],"_links":{"self":[{"href":"https:\/\/www.uv.mx\/prensa\/wp-json\/wp\/v2\/posts\/20233","targetHints":{"allow":["GET"]}}],"collection":[{"href":"https:\/\/www.uv.mx\/prensa\/wp-json\/wp\/v2\/posts"}],"about":[{"href":"https:\/\/www.uv.mx\/prensa\/wp-json\/wp\/v2\/types\/post"}],"author":[{"embeddable":true,"href":"https:\/\/www.uv.mx\/prensa\/wp-json\/wp\/v2\/users\/1809"}],"replies":[{"embeddable":true,"href":"https:\/\/www.uv.mx\/prensa\/wp-json\/wp\/v2\/comments?post=20233"}],"version-history":[{"count":0,"href":"https:\/\/www.uv.mx\/prensa\/wp-json\/wp\/v2\/posts\/20233\/revisions"}],"wp:featuredmedia":[{"embeddable":true,"href":"https:\/\/www.uv.mx\/prensa\/wp-json\/wp\/v2\/media\/20236"}],"wp:attachment":[{"href":"https:\/\/www.uv.mx\/prensa\/wp-json\/wp\/v2\/media?parent=20233"}],"wp:term":[{"taxonomy":"category","embeddable":true,"href":"https:\/\/www.uv.mx\/prensa\/wp-json\/wp\/v2\/categories?post=20233"},{"taxonomy":"post_tag","embeddable":true,"href":"https:\/\/www.uv.mx\/prensa\/wp-json\/wp\/v2\/tags?post=20233"}],"curies":[{"name":"wp","href":"https:\/\/api.w.org\/{rel}","templated":true}]}}