{"id":20145,"date":"2016-12-16T13:32:45","date_gmt":"2016-12-16T19:32:45","guid":{"rendered":"https:\/\/www.uv.mx\/prensa\/?p=20145"},"modified":"2016-12-16T13:32:45","modified_gmt":"2016-12-16T19:32:45","slug":"icimap-uv-tiene-nuevo-director","status":"publish","type":"post","link":"https:\/\/www.uv.mx\/prensa\/regiones\/icimap-uv-tiene-nuevo-director\/","title":{"rendered":"Icimap-UV tiene nuevo director"},"content":{"rendered":"<p>&nbsp;<\/p>\n<div id=\"attachment_20150\" style=\"width: 732px\" class=\"wp-caption aligncenter\"><a href=\"https:\/\/www.uv.mx\/prensa\/files\/2016\/12\/ICIMAP-1-oklj.jpg\"><img aria-describedby=\"caption-attachment-20150\" decoding=\"async\" loading=\"lazy\" class=\"size-full wp-image-20150\" src=\"https:\/\/www.uv.mx\/prensa\/files\/2016\/12\/ICIMAP-1-oklj.jpg\" alt=\"Autoridades universitarias otorgaron el nombramiento a Javier Bello Pineda\" width=\"722\" height=\"618\" srcset=\"https:\/\/www.uv.mx\/prensa\/files\/2016\/12\/ICIMAP-1-oklj.jpg 722w, https:\/\/www.uv.mx\/prensa\/files\/2016\/12\/ICIMAP-1-oklj-300x257.jpg 300w\" sizes=\"(max-width: 722px) 100vw, 722px\" \/><\/a><p id=\"caption-attachment-20150\" class=\"wp-caption-text\">Autoridades universitarias otorgaron el nombramiento a Javier Bello Pineda<\/p><\/div>\n<p>&nbsp;<\/p>\n<p><strong><em>Boca del R\u00edo, Ver., 16\/12\/2016.-<\/em><\/strong> Javier Bello Pineda asumi\u00f3 la direcci\u00f3n del Instituto de Ciencias Marinas y Pesquer\u00edas (<em>Icimap<\/em>) de la Universidad Veracruzana (UV) y se comprometi\u00f3 a mantener la calidad educativa y de investigaci\u00f3n, as\u00ed como a impulsar la suma de esfuerzos para desarrollar el potencial de dicho instituto.<\/p>\n<p>La directora general de Investigaciones, Carmen Bl\u00e1zquez Dom\u00ednguez, entreg\u00f3 el nombramiento al nuevo director, quien sustituye a Lourdes Jim\u00e9nez Badillo.<\/p>\n<p>Bl\u00e1zquez Dom\u00ednguez reconoci\u00f3 los avances logrados en la anterior administraci\u00f3n y coment\u00f3 la importancia de que el trabajo de investigaci\u00f3n que se desarrolla en la UV sea difundido ampliamente.<\/p>\n<p>Por su parte, el vicerrector Alfonso P\u00e9rez Morales tom\u00f3 protesta al nuevo director y mencion\u00f3 el proceso transparente que se llev\u00f3 a cabo para designar al nuevo titular. Asimismo, motiv\u00f3 a todos los investigadores del <em>Icimap<\/em> para continuar trabajando arduamente.<\/p>\n<p>&nbsp;<\/p>\n<div id=\"attachment_20151\" style=\"width: 732px\" class=\"wp-caption aligncenter\"><a href=\"https:\/\/www.uv.mx\/prensa\/files\/2016\/12\/ICIMAP-2-ok-ddde-15.jpg\"><img aria-describedby=\"caption-attachment-20151\" decoding=\"async\" loading=\"lazy\" class=\"size-full wp-image-20151\" src=\"https:\/\/www.uv.mx\/prensa\/files\/2016\/12\/ICIMAP-2-ok-ddde-15.jpg\" alt=\"Los investigadores del Icimap estuvieron presentes en la toma de protesta\" width=\"722\" height=\"406\" srcset=\"https:\/\/www.uv.mx\/prensa\/files\/2016\/12\/ICIMAP-2-ok-ddde-15.jpg 722w, https:\/\/www.uv.mx\/prensa\/files\/2016\/12\/ICIMAP-2-ok-ddde-15-300x169.jpg 300w\" sizes=\"(max-width: 722px) 100vw, 722px\" \/><\/a><p id=\"caption-attachment-20151\" class=\"wp-caption-text\">Los investigadores del Icimap estuvieron presentes en la toma de protesta<\/p><\/div>\n<p>&nbsp;<\/p>\n<p>Lourdes Jim\u00e9nez agradeci\u00f3 el apoyo de la comunidad del <em>Icimap<\/em> y manifest\u00f3 su disposici\u00f3n para colaborar con la nueva administraci\u00f3n.<\/p>\n<p>Javier Bello Pineda es bi\u00f3logo egresado de la Universidad Nacional Aut\u00f3noma de M\u00e9xico, maestro en Ciencias con la especialidad de Biolog\u00eda Marina por el Centro de Investigaci\u00f3n y de Estudios Avanzados (<em>Cinvestav<\/em>) del Instituto Polit\u00e9cnico Nacional, en M\u00e9rida. Adem\u00e1s, es doctor en Filosof\u00eda con la especialidad de Ecosistemas de Cuencas por la Universidad Trent en Ontario, Canad\u00e1, y tiene postdoctorado por la Universidad Kasetsart en Bangkok, Tailandia.<\/p>\n<p>En la entrega tambi\u00e9n estuvieron presentes: el director general de la Unidad de Estudios de Posgrado, Jos\u00e9 Rigoberto Gabriel Arg\u00fcelles; el secretario acad\u00e9mico regional, Carlos Lamothe; as\u00ed como los investigadores y personal administrativo del <em>Icimap<\/em>.<\/p>\n<p>&nbsp;<\/p>\n<p>&nbsp;<\/p>\n<p>&nbsp;<\/p>\n","protected":false},"excerpt":{"rendered":"<p>Javier Bello Pineda asumi\u00f3 la direcci\u00f3n del Instituto de Ciencias Marinas y Pesquer\u00edas (Icimap) de la Universidad Veracruzana (UV) y se comprometi\u00f3 a mantener la calidad educativa y de investigaci\u00f3n, as\u00ed como a impulsar la suma de esfuerzos para desarrollar el potencial de dicho instituto.<\/p>\n","protected":false},"author":1810,"featured_media":20152,"comment_status":"closed","ping_status":"closed","sticky":false,"template":"","format":"standard","meta":[],"categories":[32],"tags":[33],"_links":{"self":[{"href":"https:\/\/www.uv.mx\/prensa\/wp-json\/wp\/v2\/posts\/20145"}],"collection":[{"href":"https:\/\/www.uv.mx\/prensa\/wp-json\/wp\/v2\/posts"}],"about":[{"href":"https:\/\/www.uv.mx\/prensa\/wp-json\/wp\/v2\/types\/post"}],"author":[{"embeddable":true,"href":"https:\/\/www.uv.mx\/prensa\/wp-json\/wp\/v2\/users\/1810"}],"replies":[{"embeddable":true,"href":"https:\/\/www.uv.mx\/prensa\/wp-json\/wp\/v2\/comments?post=20145"}],"version-history":[{"count":0,"href":"https:\/\/www.uv.mx\/prensa\/wp-json\/wp\/v2\/posts\/20145\/revisions"}],"wp:featuredmedia":[{"embeddable":true,"href":"https:\/\/www.uv.mx\/prensa\/wp-json\/wp\/v2\/media\/20152"}],"wp:attachment":[{"href":"https:\/\/www.uv.mx\/prensa\/wp-json\/wp\/v2\/media?parent=20145"}],"wp:term":[{"taxonomy":"category","embeddable":true,"href":"https:\/\/www.uv.mx\/prensa\/wp-json\/wp\/v2\/categories?post=20145"},{"taxonomy":"post_tag","embeddable":true,"href":"https:\/\/www.uv.mx\/prensa\/wp-json\/wp\/v2\/tags?post=20145"}],"curies":[{"name":"wp","href":"https:\/\/api.w.org\/{rel}","templated":true}]}}