{"id":20144,"date":"2016-12-16T13:21:12","date_gmt":"2016-12-16T19:21:12","guid":{"rendered":"https:\/\/www.uv.mx\/prensa\/?p=20144"},"modified":"2016-12-16T13:21:12","modified_gmt":"2016-12-16T19:21:12","slug":"docente-de-la-uvi-participo-en-seminario-de-peritajes-antropologicos","status":"publish","type":"post","link":"https:\/\/www.uv.mx\/prensa\/regiones\/docente-de-la-uvi-participo-en-seminario-de-peritajes-antropologicos\/","title":{"rendered":"Docente de la UVI particip\u00f3 en seminario de peritajes antropol\u00f3gicos"},"content":{"rendered":"<div id=\"attachment_20146\" style=\"width: 633px\" class=\"wp-caption aligncenter\"><a href=\"https:\/\/www.uv.mx\/prensa\/files\/2016\/12\/UVI-sem-mins-olk.jpg\"><img aria-describedby=\"caption-attachment-20146\" decoding=\"async\" loading=\"lazy\" class=\"size-large wp-image-20146\" src=\"https:\/\/www.uv.mx\/prensa\/files\/2016\/12\/UVI-sem-mins-olk-623x1024.jpg\" alt=\"Florentino Cruz Mart\u00ednez, docente de la UVI en el Seminario \u201cLos retos del peritaje antropol\u00f3gico\u201d\" width=\"623\" height=\"1024\" srcset=\"https:\/\/www.uv.mx\/prensa\/files\/2016\/12\/UVI-sem-mins-olk-623x1024.jpg 623w, https:\/\/www.uv.mx\/prensa\/files\/2016\/12\/UVI-sem-mins-olk-182x300.jpg 182w, https:\/\/www.uv.mx\/prensa\/files\/2016\/12\/UVI-sem-mins-olk.jpg 722w\" sizes=\"(max-width: 623px) 100vw, 623px\" \/><\/a><p id=\"caption-attachment-20146\" class=\"wp-caption-text\">Florentino Cruz Mart\u00ednez, docente de la UVI en el Seminario \u201cLos retos del peritaje antropol\u00f3gico\u201d<\/p><\/div>\n<p>&nbsp;<\/p>\n<p><strong><em>Cecilia Escribano<\/em><\/strong><\/p>\n<p>&nbsp;<\/p>\n<p><strong><em>Huazuntl\u00e1n, Ver., 16\/12\/2016.- <\/em><\/strong>Florentino Cruz Mart\u00ednez, docente de la Universidad Veracruzana Intercultural (UVI), sede Las Selvas, particip\u00f3 en el Seminario \u201cLos retos del peritaje antropol\u00f3gico\u201d, organizado por el Instituto Nacional de Antropolog\u00eda e Historia (INAH) y efectuado en el Museo Regional de Tlaxcala, los d\u00edas 1 y 2 de diciembre.<\/p>\n<p>El evento fue inaugurado por Eduardo Vel\u00e1zquez Gallegos, director del INAH-Tlaxcala, tras la bienvenida de Diego Mart\u00edn Medrano, director del Museo Regional, y la participaci\u00f3n del representante de la Coordinadora Nacional de Antropolog\u00eda del INAH, Francisco L\u00f3pez B\u00e1rcenas.<\/p>\n<p>El seminario reuni\u00f3 a 35 expertos de la antropolog\u00eda y del derecho, provenientes de organismos gubernamentales, instituciones educativas, colegios profesionales y organizaciones de la sociedad civil de diversas partes del pa\u00eds, interesados en la construcci\u00f3n de una metodolog\u00eda para la realizaci\u00f3n de peritajes antropol\u00f3gicos, el proceso para la certificaci\u00f3n de peritos y los requerimientos del nuevo sistema de justicia penal acusatorio.<\/p>\n<p>El evento se desarroll\u00f3 en tres mesas de trabajo: \u201cAspectos generales del peritaje antropol\u00f3gico\u201d, con la exposici\u00f3n introductoria de Gloria Santos Ortiz, del INAH, y la moderaci\u00f3n de Yuri Escalante Betancourt, consultor independiente; \u201cEl peritaje ante el nuevo sistema de justicia penal\u201d, a cargo de Federico Carlos Soto Acosta, de la Procuradur\u00eda General de la Rep\u00fablica, moderada por Eduardo Mart\u00ednez Loyola, de la Comisi\u00f3n Nacional para el Desarrollo de los Pueblos Ind\u00edgenas, y \u201cMetodolog\u00edas para la elaboraci\u00f3n del peritaje antropol\u00f3gico\u201d, con la exposici\u00f3n introductoria de Florentino Cruz Mart\u00ednez y la moderaci\u00f3n de H\u00e9ctor Ortiz Elizondo, consultor independiente.<\/p>\n<p>El seminario concluy\u00f3 con un panel de discusi\u00f3n referente a la certificaci\u00f3n de peritos, a cargo de Laura Valladares, del Colegio de Etn\u00f3logos y Antrop\u00f3logos Sociales, A.C., quien expuso los antecedentes de este organismo profesional y la importancia de la colegiaci\u00f3n y certificaci\u00f3n de peritos.<\/p>\n<p>Florentino Cruz, quien ha trabajado en la microhistoria y la religiosidad popular, fue invitado por el INAH debido a su experiencia en la elaboraci\u00f3n de peritajes antropol\u00f3gicos, los cuales se presentan como pruebas en un procedimiento judicial para demostrar la diferencia cultural de las personas acusadas.<\/p>\n<p>De 2006 a la fecha ha elaborado gratuitamente, a petici\u00f3n de defensores p\u00fablicos federales, 58 peritajes: 22 correspondientes a delitos ambientales; 15 contra la salud; seis por portaci\u00f3n de armas de fuego sin licencia; cinco por fraude; cuatro por violaci\u00f3n a la Ley General de Bienes Nacionales; dos por uso de moneda falsificada; dos por delitos contra la biodiversidad; uno por homicidio y otro por cohecho.<\/p>\n<p>Del total de dict\u00e1menes, 34 casos corresponden a ind\u00edgenas (nahuas, popolucas, mixes, zapotecos, mixtecos, mazatecos, chinantecos, zoques y totonacos), 22 a mestizos y en dos concurren ind\u00edgenas y mestizos provenientes de Veracruz, Oaxaca, Tabasco y Chiapas. Estos dict\u00e1menes han contribuido, en 30 casos, en la liberaci\u00f3n de 57 ind\u00edgenas y\/o mestizos.<\/p>\n<p>Cruz Mart\u00ednez se\u00f1al\u00f3 la importancia de especializarse en estos peritajes, \u201cpara que, con su robustez metodol\u00f3gica, generen mayor certidumbre entre los defensores p\u00fablicos y jueces\u201d.<\/p>\n<p>Agreg\u00f3 que la implementaci\u00f3n del nuevo sistema de justicia penal acusatorio requerir\u00e1 de peritos con una s\u00f3lida formaci\u00f3n acad\u00e9mica y una acreditada experiencia laboral que sustente su dictamen. La UV, con sus docentes expertos en el peritaje antropol\u00f3gico, comparte esa pr\u00e1ctica pericial con abogados y nuevos perito, en eventos como el seminario organizado por el INAH.<\/p>\n","protected":false},"excerpt":{"rendered":"<p><strong><em>Cecilia Escribano.-<\/em><\/strong>Florentino Cruz Mart\u00ednez, docente de la Universidad Veracruzana Intercultural (UVI), sede Las Selvas, particip\u00f3 en el Seminario \u201cLos retos del peritaje antropol\u00f3gico\u201d, organizado por el Instituto Nacional de Antropolog\u00eda e Historia (INAH) y efectuado en el Museo Regional de Tlaxcala, los d\u00edas 1 y 2 de diciembre.<\/p>\n","protected":false},"author":1810,"featured_media":20147,"comment_status":"closed","ping_status":"closed","sticky":false,"template":"","format":"standard","meta":[],"categories":[32],"tags":[33],"_links":{"self":[{"href":"https:\/\/www.uv.mx\/prensa\/wp-json\/wp\/v2\/posts\/20144"}],"collection":[{"href":"https:\/\/www.uv.mx\/prensa\/wp-json\/wp\/v2\/posts"}],"about":[{"href":"https:\/\/www.uv.mx\/prensa\/wp-json\/wp\/v2\/types\/post"}],"author":[{"embeddable":true,"href":"https:\/\/www.uv.mx\/prensa\/wp-json\/wp\/v2\/users\/1810"}],"replies":[{"embeddable":true,"href":"https:\/\/www.uv.mx\/prensa\/wp-json\/wp\/v2\/comments?post=20144"}],"version-history":[{"count":0,"href":"https:\/\/www.uv.mx\/prensa\/wp-json\/wp\/v2\/posts\/20144\/revisions"}],"wp:featuredmedia":[{"embeddable":true,"href":"https:\/\/www.uv.mx\/prensa\/wp-json\/wp\/v2\/media\/20147"}],"wp:attachment":[{"href":"https:\/\/www.uv.mx\/prensa\/wp-json\/wp\/v2\/media?parent=20144"}],"wp:term":[{"taxonomy":"category","embeddable":true,"href":"https:\/\/www.uv.mx\/prensa\/wp-json\/wp\/v2\/categories?post=20144"},{"taxonomy":"post_tag","embeddable":true,"href":"https:\/\/www.uv.mx\/prensa\/wp-json\/wp\/v2\/tags?post=20144"}],"curies":[{"name":"wp","href":"https:\/\/api.w.org\/{rel}","templated":true}]}}