{"id":20052,"date":"2016-12-22T08:00:15","date_gmt":"2016-12-22T14:00:15","guid":{"rendered":"https:\/\/www.uv.mx\/prensa\/?p=20052"},"modified":"2016-12-16T09:34:57","modified_gmt":"2016-12-16T15:34:57","slug":"elecciones-eeuu-2016-un-proceso-que-abre-interrogantes-investigadores","status":"publish","type":"post","link":"https:\/\/www.uv.mx\/prensa\/general\/elecciones-eeuu-2016-un-proceso-que-abre-interrogantes-investigadores\/","title":{"rendered":"Elecciones EEUU 2016, un proceso que abre interrogantes: investigadores"},"content":{"rendered":"<ul>\n<li><em>Expertos analizaron los resultados de la contienda electoral en el pa\u00eds vecino y sus repercusiones para M\u00e9xico<\/em><\/li>\n<\/ul>\n<div id=\"attachment_20072\" style=\"width: 732px\" class=\"wp-caption aligncenter\"><a href=\"https:\/\/www.uv.mx\/prensa\/files\/2016\/12\/UU-1-okjl.jpg\"><img loading=\"lazy\" decoding=\"async\" aria-describedby=\"caption-attachment-20072\" class=\"size-full wp-image-20072\" src=\"https:\/\/www.uv.mx\/prensa\/files\/2016\/12\/UU-1-okjl.jpg\" alt=\"Los investigadores Alberto Olvera, Michael Ducey, Ernesto Trevi\u00f1o, Jos\u00e9 Galindo y Carlos Garrido\" width=\"722\" height=\"473\" srcset=\"https:\/\/www.uv.mx\/prensa\/files\/2016\/12\/UU-1-okjl.jpg 722w, https:\/\/www.uv.mx\/prensa\/files\/2016\/12\/UU-1-okjl-300x197.jpg 300w\" sizes=\"auto, (max-width: 722px) 100vw, 722px\" \/><\/a><p id=\"caption-attachment-20072\" class=\"wp-caption-text\">Los investigadores Alberto Olvera, Michael Ducey, Ernesto Trevi\u00f1o, Jos\u00e9 Galindo y Carlos Garrido<\/p><\/div>\n<p>&nbsp;<\/p>\n<p><strong><em>Lucero Mercedes Cruz Porras<\/em><\/strong><\/p>\n<p>&nbsp;<\/p>\n<p><strong><em>Xalapa, Ver., 22\/12\/2016.- <\/em><\/strong>El Instituto de Investigaciones Hist\u00f3rico-Sociales (IIH-S) de la Universidad Veracruzana (UV), en el marco del Seminario de Econom\u00eda Pol\u00edtica y Din\u00e1micas Sociales, present\u00f3 el martes 29 de noviembre la mesa de debate \u201cResultados de las elecciones en EEUU\u201d, en el Auditorio \u201cGonzalo Aguirre Beltr\u00e1n\u201d de sus instalaciones.<\/p>\n<p>Los investigadores Alberto Olvera Rivera, Jos\u00e9 Galindo Rodr\u00edguez, Carlos Alberto Garrido de la Calleja y Michael Ducey analizaron distintas perspectivas de la relaci\u00f3n entre Estados Unidos (EEUU) y M\u00e9xico. Ernesto Trevi\u00f1o Ronz\u00f3n condujo el debate hacia la reflexi\u00f3n de un proceso de elecci\u00f3n y de campa\u00f1a \u201ccon un desenlace complejo y revelador que abre interrogantes en distintas fuentes\u201d, ocurrido el pasado 8 de noviembre en el pa\u00eds norteamericano, territorio donde el candidato republicano Donald Trump aventaj\u00f3 en los resultados de las elecciones presidenciales 2016.<\/p>\n<p>Al inicio de la mesa, Jos\u00e9 Galindo escatim\u00f3 en ubicar las causas de que el empresario superara en votos a su opositora Hillary Clinton, representante del Partido Dem\u00f3crata, en la contienda. Dialog\u00f3 acerca de los grupos sociales hasta ahora descuidados en EEUU, sobre todo el de las clases medias altas. Explic\u00f3 c\u00f3mo la idea negativa sobre la poblaci\u00f3n migrante, especialmente latina, se ha arraigado entre los habitantes estadounidenses que piensan que les han quitado el trabajo, \u201cconsideraci\u00f3n que Trump retom\u00f3 en su discurso, fomentando una conciencia racista de desprecio y discriminaci\u00f3n\u201d, dijo.<\/p>\n<p>En cuanto a la trayectoria del empresario, el investigador destac\u00f3 la forma en que \u201ccapitaliz\u00f3 los frutos del comercio creciente, en el episodio de la crisis financiera de 2008, un punto de quiebre econ\u00f3mico que impact\u00f3 en el electorado\u201d. Posteriormente someti\u00f3 a discusi\u00f3n la nueva tendencia mundial que suscita el contexto norteamericano, el cual plantea un retroceso en materia de igualdad y multiculturalidad dif\u00edcil de cambiar.<\/p>\n<p>Por otra parte, la argumentaci\u00f3n de Michael Ducey gir\u00f3 en torno a las caracter\u00edsticas del sistema electoral de su pa\u00eds de origen. Resalt\u00f3 que Hillary Clinton obtuvo una mayor\u00eda de votos populares, en contraposici\u00f3n a los obtenidos por Trump, que alcanz\u00f3 s\u00f3lo un 47 por ciento de favoritismo; por esta raz\u00f3n justific\u00f3 la g\u00e9nesis inmediata de un debate que rebas\u00f3 escalas medi\u00e1ticas internacionales. Tambi\u00e9n mencion\u00f3 el papel de partidos peque\u00f1os que \u00fanicamente disminuyeron el promedio de votaciones de los dos principales grupos pol\u00edticos del pa\u00eds.<\/p>\n<p>Catalog\u00f3 el suceso como la consecuencia de un \u201crechazo generalizado de pol\u00edticas de los \u00faltimos 40 a\u00f1os\u201d, sobre todo en el caso de estados como Michigan y Wisconsin, con gran injerencia en el sufragio, \u201cque pasaron de ser dem\u00f3cratas a internarse en un concurso racista con bases culturales\u201d. Acerca de esta cuesti\u00f3n agreg\u00f3 tres ideas: \u201clos discursos excluyentes (fundamentados en diferencias de clase y raza) se desenvolvieron en campa\u00f1as falsas que tocaron miedos inducidos, cuya visi\u00f3n de los cambios en los mercados internacionales repercuti\u00f3 en la desmovilizaci\u00f3n de sindicatos\u201d.<\/p>\n<p>&nbsp;<\/p>\n<div id=\"attachment_20071\" style=\"width: 732px\" class=\"wp-caption aligncenter\"><a href=\"https:\/\/www.uv.mx\/prensa\/files\/2016\/12\/EUU-2.jpg\"><img loading=\"lazy\" decoding=\"async\" aria-describedby=\"caption-attachment-20071\" class=\"size-full wp-image-20071\" src=\"https:\/\/www.uv.mx\/prensa\/files\/2016\/12\/EUU-2.jpg\" alt=\"Alberto Olvera, Michael Ducey y Ernesto Trevi\u00f1o\" width=\"722\" height=\"395\" srcset=\"https:\/\/www.uv.mx\/prensa\/files\/2016\/12\/EUU-2.jpg 722w, https:\/\/www.uv.mx\/prensa\/files\/2016\/12\/EUU-2-300x164.jpg 300w\" sizes=\"auto, (max-width: 722px) 100vw, 722px\" \/><\/a><p id=\"caption-attachment-20071\" class=\"wp-caption-text\">Alberto Olvera, Michael Ducey y Ernesto Trevi\u00f1o<\/p><\/div>\n<p>&nbsp;<\/p>\n<p>En cambio, Alberto Olvera abord\u00f3 la relaci\u00f3n de dependencia y vinculaci\u00f3n existente entre M\u00e9xico y EEUU. Postul\u00f3 que \u201cla democracia liberal sufre una crisis en el mundo, que ha originado el rechazo de modos pol\u00edticos a\u00f1ejos, en el marco de una nueva divisi\u00f3n internacional del trabajo\u201d. Acord\u00f3 que la pol\u00edtica de identidad de los dem\u00f3cratas, de reconocimiento p\u00fablico de los sectores sociales vistos como \u201clos otros\u201d, cre\u00f3 la necesidad de que compitiera por la presidencia \u201calguien que viniera de fuera del sistema pol\u00edtico, como una innovaci\u00f3n cr\u00edtica de los efectos del neoliberalismo\u201d.<\/p>\n<p>En este sentido, analiz\u00f3 a Donald Trump como \u201cuna figura de rompimiento con los est\u00e1ndares cl\u00e1sicos que representa una circunstancia hist\u00f3rica nueva y posiblemente un cambio del panorama pol\u00edtico, debido a la polarizaci\u00f3n del voto de grupos inesperados\u201d.<\/p>\n<p>El investigador Carlos Garrido introdujo la comparaci\u00f3n entre un \u201cdesgaste en el discurso de Hillary Clinton, que como parte de una continuidad de la l\u00ednea de Barack Obama, se orient\u00f3 al beneficio de grupos no americanos\u201d y \u201cla presencia medi\u00e1tica sin precedentes de Donald Trump, quien exacerb\u00f3 un nacionalismo anti-otredad, estigmatizando la violencia\u201d. Se\u00f1al\u00f3 \u201cuno de los <em>hackeos<\/em> de estados manipulados m\u00e1s grande en la historia de Estados Unidos, que impact\u00f3 en el devenir del ejercicio de la justicia social y de los acuerdos de trabajo en materia de migraci\u00f3n\u201d.<\/p>\n<p>En cuanto a la Rep\u00fablica Mexicana, los investigadores concluyeron que habr\u00e1 una gran atenci\u00f3n en el rumbo a las elecciones de 2018, en un momento en el que la abstenci\u00f3n juvenil manifiesta una de las \u201cmayores despolitizaciones de la historia\u201d. Agregaron que el Estado-naci\u00f3n actual se impone sobre una realidad, que de acuerdo al panorama gubernamental norteamericano, plantea la posibilidad de deportaciones masivas y de la construcci\u00f3n de un muro \u2013como muestra del poder\u00edo de Donald Trump.<\/p>\n<p>Por tanto, consideraron v\u00edas de respuesta alternativas desde el interior del pa\u00eds, que pudieran \u201casumir una postura proactiva \u2013no defensiva\u2013 como eje para articular el desfase que se percibe en los programas vigentes, as\u00ed como dise\u00f1ar pol\u00edticas de protecci\u00f3n a los migrantes, sobre todo a aquellos que retornan de manera voluntaria e involuntaria\u201d. Los expertos coincidieron en este punto, sugiriendo que \u201cla UV deber\u00eda posicionarse como la primera universidad con un programa espec\u00edfico para generar procesos que permitan el ingreso de estudiantes repatriados, que evitar\u00eda el fen\u00f3meno de re-emigraci\u00f3n\u201d.<\/p>\n<p>&nbsp;<\/p>\n","protected":false},"excerpt":{"rendered":"<p><strong><em>Lucero Mercedes Cruz.-<\/em><\/strong>El Instituto de Investigaciones Hist\u00f3rico-Sociales (IIH-S) de la Universidad Veracruzana (UV), en el marco del Seminario de Econom\u00eda Pol\u00edtica y Din\u00e1micas Sociales, present\u00f3 el martes 29 de noviembre la mesa de debate \u201cResultados de las elecciones en EEUU\u201d, en el Auditorio \u201cGonzalo Aguirre Beltr\u00e1n\u201d de sus instalaciones.<\/p>\n","protected":false},"author":1810,"featured_media":20070,"comment_status":"closed","ping_status":"closed","sticky":false,"template":"","format":"standard","meta":{"footnotes":""},"categories":[1],"tags":[3],"class_list":["post-20052","post","type-post","status-publish","format-standard","has-post-thumbnail","hentry","category-general","tag-secundarias"],"_links":{"self":[{"href":"https:\/\/www.uv.mx\/prensa\/wp-json\/wp\/v2\/posts\/20052","targetHints":{"allow":["GET"]}}],"collection":[{"href":"https:\/\/www.uv.mx\/prensa\/wp-json\/wp\/v2\/posts"}],"about":[{"href":"https:\/\/www.uv.mx\/prensa\/wp-json\/wp\/v2\/types\/post"}],"author":[{"embeddable":true,"href":"https:\/\/www.uv.mx\/prensa\/wp-json\/wp\/v2\/users\/1810"}],"replies":[{"embeddable":true,"href":"https:\/\/www.uv.mx\/prensa\/wp-json\/wp\/v2\/comments?post=20052"}],"version-history":[{"count":0,"href":"https:\/\/www.uv.mx\/prensa\/wp-json\/wp\/v2\/posts\/20052\/revisions"}],"wp:featuredmedia":[{"embeddable":true,"href":"https:\/\/www.uv.mx\/prensa\/wp-json\/wp\/v2\/media\/20070"}],"wp:attachment":[{"href":"https:\/\/www.uv.mx\/prensa\/wp-json\/wp\/v2\/media?parent=20052"}],"wp:term":[{"taxonomy":"category","embeddable":true,"href":"https:\/\/www.uv.mx\/prensa\/wp-json\/wp\/v2\/categories?post=20052"},{"taxonomy":"post_tag","embeddable":true,"href":"https:\/\/www.uv.mx\/prensa\/wp-json\/wp\/v2\/tags?post=20052"}],"curies":[{"name":"wp","href":"https:\/\/api.w.org\/{rel}","templated":true}]}}