{"id":19931,"date":"2016-12-12T16:49:14","date_gmt":"2016-12-12T22:49:14","guid":{"rendered":"https:\/\/www.uv.mx\/prensa\/?p=19931"},"modified":"2016-12-12T16:51:13","modified_gmt":"2016-12-12T22:51:13","slug":"psicologia-uv-acredito-por-tercera-ocasion-su-calidad-educativa","status":"publish","type":"post","link":"https:\/\/www.uv.mx\/prensa\/general\/psicologia-uv-acredito-por-tercera-ocasion-su-calidad-educativa\/","title":{"rendered":"Psicolog\u00eda UV acredit\u00f3 por tercera ocasi\u00f3n su calidad educativa"},"content":{"rendered":"<p>&nbsp;<\/p>\n<ul>\n<li style=\"font-weight: 400\"><i><span style=\"font-weight: 400\">En esta Facultad hay una cultura muy clara y una retroalimentaci\u00f3n en procesos de evaluaci\u00f3n y acreditaci\u00f3n: Sara Ladr\u00f3n de Guevara<\/span><\/i><\/li>\n<\/ul>\n<p>&nbsp;<\/p>\n<p>&nbsp;<\/p>\n<div id=\"attachment_19929\" style=\"width: 1034px\" class=\"wp-caption aligncenter\"><a href=\"https:\/\/www.uv.mx\/prensa\/files\/2016\/12\/Psicologia-UV-100-k.jpg\"><img loading=\"lazy\" decoding=\"async\" aria-describedby=\"caption-attachment-19929\" class=\"wp-image-19929 size-full\" src=\"https:\/\/www.uv.mx\/prensa\/files\/2016\/12\/Psicologia-UV-100-k.jpg\" alt=\"Zahira Z\u00e1rate, Leticia Rodr\u00edguez, Sara Ladr\u00f3n de Guevara, Antonio Tena, Juan Grapain, Mar\u00eda Concepci\u00f3n S\u00e1nchez con la acreditaci\u00f3n\" width=\"1024\" height=\"683\" srcset=\"https:\/\/www.uv.mx\/prensa\/files\/2016\/12\/Psicologia-UV-100-k.jpg 1024w, https:\/\/www.uv.mx\/prensa\/files\/2016\/12\/Psicologia-UV-100-k-300x200.jpg 300w, https:\/\/www.uv.mx\/prensa\/files\/2016\/12\/Psicologia-UV-100-k-768x512.jpg 768w\" sizes=\"auto, (max-width: 1024px) 100vw, 1024px\" \/><\/a><p id=\"caption-attachment-19929\" class=\"wp-caption-text\">Zahira Z\u00e1rate, Leticia Rodr\u00edguez, Sara Ladr\u00f3n de Guevara, Antonio Tena, Juan Grapain y Mar\u00eda Concepci\u00f3n S\u00e1nchez, con la acreditaci\u00f3n<\/p><\/div>\n<p>&nbsp;<\/p>\n<p><b><i>David Sandoval Rodr\u00edguez<\/i><\/b><\/p>\n<p><b><i>Xalapa, Ver., 12\/12\/2016.-<\/i><\/b><span style=\"font-weight: 400\"> La Licenciatura en Psicolog\u00eda de la Universidad Veracruzana (UV) \u00a0obtuvo, por tercera ocasi\u00f3n consecutiva, su acreditaci\u00f3n como programa educativo (PE) de calidad por el Consejo Nacional para la Ense\u00f1anza e Investigaci\u00f3n en Psicolog\u00eda, A.C. (CNEIP), con una vigencia de cinco a\u00f1os.<\/span><\/p>\n<p><span style=\"font-weight: 400\">La ceremonia oficial se realiz\u00f3 este lunes en el auditorio de la Facultad de Psicolog\u00eda, con la participaci\u00f3n de \u00a0la rectora Sara Ladr\u00f3n de Guevara, Juan Grapain Contreras, director de la Facultad, Antonio Tena Suck, presidente del CNEIP, Leticia Rodr\u00edguez Audirac, secretaria acad\u00e9mica de la UV; Mar\u00eda Concepci\u00f3n S\u00e1nchez Rovelo, directora general del \u00c1rea Acad\u00e9mica de Ciencias de la Salud; Zahira Z\u00e1rate Cabrera, secretaria de la Facultad y coordinadora del Comit\u00e9 de Acreditaci\u00f3n.<\/span><\/p>\n<p><span style=\"font-weight: 400\">En su alocuci\u00f3n el presidente de la CNEIP record\u00f3 que las instituciones que abren sus puertas a la evaluaci\u00f3n \u201cmanifiestan de forma clara su valent\u00eda e intenci\u00f3n de participar en los procesos de transformaci\u00f3n social y de cambio propio, muestran su apertura a la retroalimentaci\u00f3n y la mejora continua, este es el caso de la Universidad Veracruzana\u201d.<\/span><\/p>\n<p><span style=\"font-weight: 400\">Coment\u00f3 que a nivel nacional s\u00f3lo el 10 por ciento de los PE de Psicolog\u00eda est\u00e1n acreditados por el CNEIP y que la pertinencia social es una de las principales caracter\u00edsticas para obtener tal reconocimiento. <\/span><\/p>\n<p><span style=\"font-weight: 400\">Al leer el documento que acredita a la Licenciatura en Psicolog\u00eda, Tena Suck expres\u00f3 que este \u201cprograma re\u00fane las condiciones para su operaci\u00f3n con calidad al servicio de la sociedad y del pa\u00eds; su vigencia es del 18 de noviembre de 2016 al 18 de noviembre de 2021\u201d.<\/span><\/p>\n<p><span style=\"font-weight: 400\">En tanto, Juan Grapain Contreras reconoci\u00f3 y agradeci\u00f3 el trabajo de todo el personal acad\u00e9mico, administrativo, t\u00e9cnico y manual, \u201cquienes sin lugar a dudas han hecho un gran esfuerzo para que nuestra Facultad pueda avanzar d\u00eda a d\u00eda en cuanto a brindar servicios de calidad\u201d.<\/span><\/p>\n<p><span style=\"font-weight: 400\">Present\u00f3 un video ilustrativo sobre la historia de la Facultad, que dio cuenta de su papel innovador desde la d\u00e9cada de los a\u00f1os sesenta y espacio fundacional del propio CNEIP.<\/span><\/p>\n<p><span style=\"font-weight: 400\">\u201cEsta Facultad ha obtenido dos reconocimientos otorgados por los Comit\u00e9s Interinstitucionales para la Evaluaci\u00f3n de la Educaci\u00f3n Superior (CIEES) y, con la del d\u00eda de hoy, cuatro acreditaciones por parte del CNEIP. Lo que hoy formalmente celebramos es la coronaci\u00f3n de varios a\u00f1os de trabajo y dedicaci\u00f3n de muchas personas a lo largo del tiempo\u201d, expres\u00f3.<\/span><\/p>\n<p>&nbsp;<\/p>\n<div id=\"attachment_19933\" style=\"width: 1034px\" class=\"wp-caption aligncenter\"><a href=\"https:\/\/www.uv.mx\/prensa\/files\/2016\/12\/Psicologi\u0301a-UV-2-100-k.jpg\"><img loading=\"lazy\" decoding=\"async\" aria-describedby=\"caption-attachment-19933\" class=\"size-full wp-image-19933\" src=\"https:\/\/www.uv.mx\/prensa\/files\/2016\/12\/Psicologi\u0301a-UV-2-100-k.jpg\" alt=\"La rectora Sara Ladr\u00f3n de Guevara destac\u00f3 el compromiso institucional de la Facultad de Psicolog\u00eda\" width=\"1024\" height=\"683\" srcset=\"https:\/\/www.uv.mx\/prensa\/files\/2016\/12\/Psicologi\u0301a-UV-2-100-k.jpg 1024w, https:\/\/www.uv.mx\/prensa\/files\/2016\/12\/Psicologi\u0301a-UV-2-100-k-300x200.jpg 300w, https:\/\/www.uv.mx\/prensa\/files\/2016\/12\/Psicologi\u0301a-UV-2-100-k-768x512.jpg 768w\" sizes=\"auto, (max-width: 1024px) 100vw, 1024px\" \/><\/a><p id=\"caption-attachment-19933\" class=\"wp-caption-text\">La rectora Sara Ladr\u00f3n de Guevara destac\u00f3 el compromiso institucional de la Facultad de Psicolog\u00eda<\/p><\/div>\n<p>&nbsp;<\/p>\n<p><span style=\"font-weight: 400\">En ese sentido, la Rectora afirm\u00f3: \u201cVemos que aqu\u00ed hay una cultura muy clara y una retroalimentaci\u00f3n en estos procesos de evaluaci\u00f3n y acreditaci\u00f3n, que se han convertido en esta administraci\u00f3n en un asunto obligado\u201d.<\/span><\/p>\n<p><span style=\"font-weight: 400\">Sara Ladr\u00f3n de Guevara mencion\u00f3 que es un orgullo para la UV ver c\u00f3mo este tipo de procesos involucran a toda la comunidad, y gracias a su trabajo es que \u201ctenemos muy orgullosamente nuestras tres facultades de Psicolog\u00eda acreditadas\u201d, refiri\u00e9ndose a las de las regiones de Poza Rica-Tuxpan y Veracruz. <\/span><\/p>\n<p><span style=\"font-weight: 400\">La Rectora \u00a0reconoci\u00f3 que fue en Psicolog\u00eda donde surgi\u00f3 la semilla del Modelo Educativo Integral y Flexible (MEIF), por ello manifest\u00f3 su gusto por volver a esta entidad acad\u00e9mica para reiterar el orgullo de obtener una acreditaci\u00f3n m\u00e1s.<\/span><\/p>\n<p><span style=\"font-weight: 400\">En esta misma ceremonia las autoridades universitarias reconocieron el trabajo realizado por los integrantes del Comit\u00e9 de Acreditaci\u00f3n de la Facultad.<\/span><\/p>\n","protected":false},"excerpt":{"rendered":"<p><strong><em>David Sandoval Rodr\u00edguez.-<\/em><\/strong>La Licenciatura en Psicolog\u00eda de la Universidad Veracruzana (UV)  obtuvo, por tercera ocasi\u00f3n consecutiva, su acreditaci\u00f3n como programa educativo (PE) de calidad por el Consejo Nacional para la Ense\u00f1anza e Investigaci\u00f3n en Psicolog\u00eda, A.C. (CNEIP), con una vigencia de cinco a\u00f1os.<\/p>\n","protected":false},"author":1777,"featured_media":19924,"comment_status":"closed","ping_status":"closed","sticky":false,"template":"","format":"standard","meta":{"footnotes":""},"categories":[1],"tags":[2],"class_list":["post-19931","post","type-post","status-publish","format-standard","has-post-thumbnail","hentry","category-general","tag-principal"],"_links":{"self":[{"href":"https:\/\/www.uv.mx\/prensa\/wp-json\/wp\/v2\/posts\/19931","targetHints":{"allow":["GET"]}}],"collection":[{"href":"https:\/\/www.uv.mx\/prensa\/wp-json\/wp\/v2\/posts"}],"about":[{"href":"https:\/\/www.uv.mx\/prensa\/wp-json\/wp\/v2\/types\/post"}],"author":[{"embeddable":true,"href":"https:\/\/www.uv.mx\/prensa\/wp-json\/wp\/v2\/users\/1777"}],"replies":[{"embeddable":true,"href":"https:\/\/www.uv.mx\/prensa\/wp-json\/wp\/v2\/comments?post=19931"}],"version-history":[{"count":0,"href":"https:\/\/www.uv.mx\/prensa\/wp-json\/wp\/v2\/posts\/19931\/revisions"}],"wp:featuredmedia":[{"embeddable":true,"href":"https:\/\/www.uv.mx\/prensa\/wp-json\/wp\/v2\/media\/19924"}],"wp:attachment":[{"href":"https:\/\/www.uv.mx\/prensa\/wp-json\/wp\/v2\/media?parent=19931"}],"wp:term":[{"taxonomy":"category","embeddable":true,"href":"https:\/\/www.uv.mx\/prensa\/wp-json\/wp\/v2\/categories?post=19931"},{"taxonomy":"post_tag","embeddable":true,"href":"https:\/\/www.uv.mx\/prensa\/wp-json\/wp\/v2\/tags?post=19931"}],"curies":[{"name":"wp","href":"https:\/\/api.w.org\/{rel}","templated":true}]}}