{"id":1950,"date":"2015-08-25T12:32:55","date_gmt":"2015-08-25T17:32:55","guid":{"rendered":"https:\/\/www.uv.mx\/prensa\/?p=1950"},"modified":"2015-08-25T12:32:55","modified_gmt":"2015-08-25T17:32:55","slug":"relacion-mexico-china-en-su-mejor-momento-cicir","status":"publish","type":"post","link":"https:\/\/www.uv.mx\/prensa\/general\/relacion-mexico-china-en-su-mejor-momento-cicir\/","title":{"rendered":"Relaci\u00f3n M\u00e9xico-China, en su mejor momento: CICIR"},"content":{"rendered":"<p>&nbsp;<\/p>\n<ul>\n<li><em>Acad\u00e9micos del <\/em>Cechiver<em> de la UV, del CICIR, integrantes de la <\/em>Mexcham<em> y empresarios locales sostuvieron una reuni\u00f3n de trabajo<\/em><\/li>\n<li><em>Hay muchos nuevos espacios y oportunidades de comercializar productos veracruzanos<\/em><\/li>\n<\/ul>\n<p>&nbsp;<\/p>\n<p><strong><em>Karina de la Paz Reyes<\/em><\/strong><\/p>\n<p>&nbsp;<\/p>\n<p>En la actualidad M\u00e9xico y China tienen la mejor relaci\u00f3n de toda la historia, destac\u00f3 Wu Hongying, una de las integrantes de la delegaci\u00f3n de acad\u00e9micos de los Institutos de Relaciones Internacionales Contempor\u00e1neas de China (CICIR) que est\u00e1 de visita en la Universidad Veracruzana (UV).<\/p>\n<p>La delegaci\u00f3n del CICIR est\u00e1 integrada por Wu Hongying, directora del Instituto de Estudios de Am\u00e9rica Latina \u2013destacada investigadora y de las principales l\u00edderes en China en lo concerniente a las pol\u00edticas que ese pa\u00eds desarrolla en esta regi\u00f3n del mundo\u2013; Zhang Yuncheng, director del Instituto de Econom\u00eda Mundial; Sun Yanfeng y Chen Xiaoyang, subdirector y asistente del Instituto de Estudios de Am\u00e9rica Latina, respectivamente.<\/p>\n<p>El lunes 24 de agosto la delegaci\u00f3n china sostuvo una reuni\u00f3n en la que participaron acad\u00e9micos del Centro de Estudios China-Veracruz de la UV (<em>Cechiver<\/em>); integrantes de la C\u00e1mara de Comercio de M\u00e9xico en China (<em>Mexcham<\/em>), Cap\u00edtulo Veracruz; autoridades de gobierno y sobre todo micros, peque\u00f1os y medianos empresarios de la regi\u00f3n y el pa\u00eds.<\/p>\n<p>En posterior rueda de prensa, en la que particip\u00f3 la delegaci\u00f3n del CICIR, el coordinador del <em>Cechiver<\/em>, An\u00edbal Zottele Allende, y el empresario y vicepresidente del Cap\u00edtulo Veracruz de la <em>Mexcham<\/em>, Juan Manuel Garc\u00eda Gonz\u00e1lez, se destac\u00f3 la oportuna colaboraci\u00f3n acad\u00e9mica entre ambas instituciones de educaci\u00f3n superior y la favorable relaci\u00f3n que a la fecha sostienen China y M\u00e9xico.<\/p>\n<div id=\"attachment_1952\" style=\"width: 310px\" class=\"wp-caption aligncenter\"><a href=\"https:\/\/www.uv.mx\/prensa\/files\/2015\/08\/Mexico-y-China-2.jpg\"><img aria-describedby=\"caption-attachment-1952\" decoding=\"async\" loading=\"lazy\" class=\"size-medium wp-image-1952\" src=\"https:\/\/www.uv.mx\/prensa\/files\/2015\/08\/Mexico-y-China-2-300x200.jpg\" alt=\"En reuni\u00f3n academia, empresarios y gobierno.\" width=\"300\" height=\"200\" srcset=\"https:\/\/www.uv.mx\/prensa\/files\/2015\/08\/Mexico-y-China-2-300x200.jpg 300w, https:\/\/www.uv.mx\/prensa\/files\/2015\/08\/Mexico-y-China-2-1024x683.jpg 1024w\" sizes=\"(max-width: 300px) 100vw, 300px\" \/><\/a><p id=\"caption-attachment-1952\" class=\"wp-caption-text\">En reuni\u00f3n academia, empresarios y gobierno.<\/p><\/div>\n<p>\u201cA mi parecer, la relaci\u00f3n entre M\u00e9xico y China est\u00e1 en la mejor etapa de la historia\u201d, destac\u00f3 Wu Hongying. \u201cSe muestra en varios sectores, el primero es el \u00e1mbito pol\u00edtico\u201d, a\u00f1adi\u00f3 e hizo referencia a la visita oficial del presidente de China, Xi Jinping, a M\u00e9xico en 2013, y las dos de su hom\u00f3logo, Enrique Pe\u00f1a Nieto, a China el a\u00f1o pasado.<\/p>\n<p>Al sector pol\u00edtico, la acad\u00e9mica a\u00f1adi\u00f3 el del comercio y la econom\u00eda: \u201cActualmente el volumen de comercio bilateral ha llegado a varios miles de millones de d\u00f3lares \u2013cifra extra\u00f1a si se compara con la anterior historia entre ambos pa\u00edses\u2013. Hoy en d\u00eda China es el segundo mayor socio econ\u00f3mico de M\u00e9xico, s\u00f3lo despu\u00e9s de Estados Unidos, y tambi\u00e9n M\u00e9xico es el segundo mayor socio comercial de China en toda Am\u00e9rica Latina.<\/p>\n<p>Adem\u00e1s, destac\u00f3 que al tratarse de dos naciones cuyas civilizaciones son milenarias, los intercambios culturales tambi\u00e9n son muy frecuentes y fruct\u00edferos \u2013en lo que se incluye la interacci\u00f3n acad\u00e9mica\u2013. \u201cLa visita de la CICIR s\u00f3lo forma parte de la honda relaci\u00f3n y lo que significa China para M\u00e9xico\u201d.<\/p>\n<p>Finalmente, Wu Hongying coment\u00f3 que tras el intercambio con empresarios locales le dio la impresi\u00f3n de que \u00e9stos tienen gran inter\u00e9s de ampliar sus negocios con China. \u201cMe parece que es una se\u00f1al y un fen\u00f3meno muy positivo. Tienen una visi\u00f3n muy profunda para alcanzar en el futuro buenas relaciones bilaterales y expandir su negocio al mercado chino\u201d.<\/p>\n<p>Precis\u00f3 que en el intercambio con empresarios locales observ\u00f3 que hay muchos nuevos espacios y oportunidades de comercializar, por ejemplo las carnes, el lim\u00f3n persa, los puros de tabaco y los servicios tur\u00edsticos locales. \u201cSon espacios nuevos, para nuevas relaciones bilaterales\u201d.<\/p>\n<p>Cabe citar que \u2013durante la reuni\u00f3n\u2013 entre las recomendaciones de Zhang Yuncheng, director del Instituto de Econom\u00eda Mundial, est\u00e1 promover los productos nativos y caracter\u00edsticos de Veracruz.<\/p>\n","protected":false},"excerpt":{"rendered":"<p><strong><em> Karina de la Paz Reyes.- <\/em><\/strong>En la actualidad M\u00e9xico y China tienen la mejor relaci\u00f3n de toda la historia, destac\u00f3 Wu Hongying, una de las integrantes de la delegaci\u00f3n de acad\u00e9micos de los Institutos de Relaciones Internacionales Contempor\u00e1neas de China (CICIR) que est\u00e1 de visita en la Universidad Veracruzana (UV).<\/p>\n","protected":false},"author":1810,"featured_media":1953,"comment_status":"closed","ping_status":"closed","sticky":false,"template":"","format":"standard","meta":[],"categories":[1],"tags":[2],"_links":{"self":[{"href":"https:\/\/www.uv.mx\/prensa\/wp-json\/wp\/v2\/posts\/1950"}],"collection":[{"href":"https:\/\/www.uv.mx\/prensa\/wp-json\/wp\/v2\/posts"}],"about":[{"href":"https:\/\/www.uv.mx\/prensa\/wp-json\/wp\/v2\/types\/post"}],"author":[{"embeddable":true,"href":"https:\/\/www.uv.mx\/prensa\/wp-json\/wp\/v2\/users\/1810"}],"replies":[{"embeddable":true,"href":"https:\/\/www.uv.mx\/prensa\/wp-json\/wp\/v2\/comments?post=1950"}],"version-history":[{"count":0,"href":"https:\/\/www.uv.mx\/prensa\/wp-json\/wp\/v2\/posts\/1950\/revisions"}],"wp:featuredmedia":[{"embeddable":true,"href":"https:\/\/www.uv.mx\/prensa\/wp-json\/wp\/v2\/media\/1953"}],"wp:attachment":[{"href":"https:\/\/www.uv.mx\/prensa\/wp-json\/wp\/v2\/media?parent=1950"}],"wp:term":[{"taxonomy":"category","embeddable":true,"href":"https:\/\/www.uv.mx\/prensa\/wp-json\/wp\/v2\/categories?post=1950"},{"taxonomy":"post_tag","embeddable":true,"href":"https:\/\/www.uv.mx\/prensa\/wp-json\/wp\/v2\/tags?post=1950"}],"curies":[{"name":"wp","href":"https:\/\/api.w.org\/{rel}","templated":true}]}}