{"id":19183,"date":"2016-11-28T15:06:45","date_gmt":"2016-11-28T21:06:45","guid":{"rendered":"https:\/\/www.uv.mx\/prensa\/?p=19183"},"modified":"2016-11-28T15:28:03","modified_gmt":"2016-11-28T21:28:03","slug":"en-veracruz-union-integridad-y-generosidad-devinieron-en-fortaleza-vicerrector","status":"publish","type":"post","link":"https:\/\/www.uv.mx\/prensa\/general\/en-veracruz-union-integridad-y-generosidad-devinieron-en-fortaleza-vicerrector\/","title":{"rendered":"En Veracruz, uni\u00f3n, integridad y generosidad devinieron en fortaleza: Vicerrector"},"content":{"rendered":"<ul>\n<li><em>Se rindi\u00f3 el III Informe de Actividades regional<\/em><\/li>\n<li><em>\u201cLa m\u00e1s importante manifestaci\u00f3n de la UV en la presente circunstancia ha sido la de la calidad\u201d: Sara Ladr\u00f3n de Guevara<\/em><\/li>\n<li><em>\u201cHemos cerrado filas a favor de la educaci\u00f3n p\u00fablica de calidad y mostrado unidad ante la oleada de actos violentos que nos han lastimado\u201d: Alfonso P\u00e9rez Morales<\/em><\/li>\n<\/ul>\n<p>&nbsp;<\/p>\n<p style=\"text-align: center\"><iframe loading=\"lazy\" width=\"560\" height=\"315\" frameborder=\"0\" src=\"https:\/\/www.youtube.com\/embed\/w4sFgdsJWH0\"><\/iframe><\/p>\n<p>&nbsp;<\/p>\n<p><strong><em>Carlos Hermida, Edgar Onofre<\/em><\/strong><\/p>\n<p>&nbsp;<\/p>\n<p><strong><em>Boca del R\u00edo, Ver., 28\/11\/2016.-<\/em><\/strong> El vicerrector de la regi\u00f3n Veracruz de la Universidad Veracruzana (UV), Alfonso P\u00e9rez Morales, acudi\u00f3 este lunes 28 de noviembre ante el Consejo Universitario Regional (CUR) para rendir su III Informe de Actividades,\u00a0 en donde asegur\u00f3 que frente al embate contra la instituci\u00f3n, esta regi\u00f3n hizo de la uni\u00f3n, la generosidad y la integridad sus principales fortalezas.<\/p>\n<p>\u201cHan sido tres a\u00f1os arduos, complejos, con muchos retos y puestas a prueba. Desde la regi\u00f3n Veracruz hemos asumido y acompa\u00f1ado esos retos con unidad, entereza y sello propio\u201d, dijo el Vicerrector y a\u00f1adi\u00f3 que es en tiempos dif\u00edciles cuando se conoce a la gente con la que en verdad se cuenta.<\/p>\n<p>En presencia de la rectora Sara Ladr\u00f3n de Guevara; de los secretarios de Administraci\u00f3n y Finanzas y de la Rector\u00eda, Gerardo Garc\u00eda Ricardo y Octavio Ochoa Contreras; los alcaldes de Veracruz y Boca del R\u00edo, Ram\u00f3n Poo Gil y Miguel \u00c1ngel Yunes M\u00e1rquez, respectivamente; la presidenta en turno de la Junta de Gobierno, Elena Rustri\u00e1n Portilla; entre numerosos invitados a esta sesi\u00f3n del CUR, Alfonso P\u00e9rez a\u00f1adi\u00f3:<\/p>\n<p>&nbsp;<\/p>\n<div id=\"attachment_19170\" style=\"width: 732px\" class=\"wp-caption aligncenter\"><a href=\"https:\/\/www.uv.mx\/prensa\/files\/2016\/11\/281116-Informe-Veracruz-1-des-ok.jpg\"><img loading=\"lazy\" decoding=\"async\" aria-describedby=\"caption-attachment-19170\" class=\"size-full wp-image-19170\" src=\"https:\/\/www.uv.mx\/prensa\/files\/2016\/11\/281116-Informe-Veracruz-1-des-ok.jpg\" alt=\"\u201cHemos cerrado filas a favor de la educaci\u00f3n p\u00fablica de calidad\u201d, dijo el Vicerrector en su III Informe de Actividades\" width=\"722\" height=\"430\" srcset=\"https:\/\/www.uv.mx\/prensa\/files\/2016\/11\/281116-Informe-Veracruz-1-des-ok.jpg 722w, https:\/\/www.uv.mx\/prensa\/files\/2016\/11\/281116-Informe-Veracruz-1-des-ok-300x179.jpg 300w\" sizes=\"auto, (max-width: 722px) 100vw, 722px\" \/><\/a><p id=\"caption-attachment-19170\" class=\"wp-caption-text\">\u201cHemos cerrado filas a favor de la educaci\u00f3n p\u00fablica de calidad\u201d, dijo el Vicerrector en su III Informe de Actividades<\/p><\/div>\n<p>&nbsp;<\/p>\n<p>\u201cHemos cerrado filas en favor de la educaci\u00f3n p\u00fablica de calidad, hemos mostrado unidad ante la oleada de actos violentos que han lastimado incluso a j\u00f3venes universitarios y maestros&#8230; se ha mantenido la cordura en la administraci\u00f3n de los recursos, priorizando, racionando, estirando el uso de los mismos en lo verdaderamente fundamental para el funcionamiento de nuestra casa de estudio. Los universitarios en todo momento hemos dado m\u00e1s.\u201d<\/p>\n<p>A pesar de las circunstancias, expres\u00f3, \u201cno hemos descuidado las tareas sustanciales: hemos seguido avanzando con \u00e9xito en la obtenci\u00f3n de acreditaciones, en la apertura de nuevos posgrados, en la consolidaci\u00f3n de programas, en la entrega de becas, en el fomento de la movilidad nacional e internacional de estudiantes, en mayor n\u00famero de acad\u00e9micos que pertenecen al Sistema Nacional de Investigadores (SNI), en el incremento de estudios adscritos al Programa Nacional de Posgrados de Calidad (PNPC) del Consejo Nacional de Ciencia y Tecnolog\u00eda (<em>Conacyt<\/em>). A pesar de la escasez de recursos hemos procurado, en la medida de lo posible, el cuidado y mantenimiento de la infraestructura, incluso su mejora\u201d.<\/p>\n<div id=\"attachment_19182\" style=\"width: 732px\" class=\"wp-caption aligncenter\"><a href=\"https:\/\/www.uv.mx\/prensa\/files\/2016\/11\/Infor-okld-uz-2.jpg\"><img loading=\"lazy\" decoding=\"async\" aria-describedby=\"caption-attachment-19182\" class=\"size-full wp-image-19182\" src=\"https:\/\/www.uv.mx\/prensa\/files\/2016\/11\/Infor-okld-uz-2.jpg\" alt=\"\u201cPor la calidad de nuestras tareas es que podemos reclamar lo que por derecho nos corresponde\u201d: Sara Ladr\u00f3n de Guevara\" width=\"722\" height=\"482\" srcset=\"https:\/\/www.uv.mx\/prensa\/files\/2016\/11\/Infor-okld-uz-2.jpg 722w, https:\/\/www.uv.mx\/prensa\/files\/2016\/11\/Infor-okld-uz-2-300x200.jpg 300w\" sizes=\"auto, (max-width: 722px) 100vw, 722px\" \/><\/a><p id=\"caption-attachment-19182\" class=\"wp-caption-text\">\u201cPor la calidad de nuestras tareas es que podemos reclamar lo que por derecho nos corresponde\u201d: Sara Ladr\u00f3n de Guevara<\/p><\/div>\n<p>&nbsp;<\/p>\n<p>Por su parte, la Rectora asegur\u00f3 que la m\u00e1s importante manifestaci\u00f3n que ha realizado la Universidad en la presente circunstancia ha sido la de la calidad: \u201cPor la calidad de nuestras tareas es que podemos reclamar lo que por derecho nos corresponde\u201d, asegur\u00f3.<\/p>\n<p>Sara Ladr\u00f3n de Guevara salud\u00f3 el claro compromiso de los vicerrectores regionales, los miembros de la estructura universitaria pero, sobre todo, el de los alumnos de la m\u00e1xima casa de estudio de Veracruz, quienes encabezan la lucha cotidiana por alcanzar niveles de excelencia.<\/p>\n<p>&nbsp;<\/p>\n<div id=\"attachment_19184\" style=\"width: 732px\" class=\"wp-caption aligncenter\"><a href=\"https:\/\/www.uv.mx\/prensa\/files\/2016\/11\/Informe-Veracruz-3-oj-28.jpg\"><img loading=\"lazy\" decoding=\"async\" aria-describedby=\"caption-attachment-19184\" class=\"size-full wp-image-19184\" src=\"https:\/\/www.uv.mx\/prensa\/files\/2016\/11\/Informe-Veracruz-3-oj-28.jpg\" alt=\"M\u00e1s del 98 por ciento de profesores de la regi\u00f3n cuenta con estudios de posgrado\" width=\"722\" height=\"482\" srcset=\"https:\/\/www.uv.mx\/prensa\/files\/2016\/11\/Informe-Veracruz-3-oj-28.jpg 722w, https:\/\/www.uv.mx\/prensa\/files\/2016\/11\/Informe-Veracruz-3-oj-28-300x200.jpg 300w\" sizes=\"auto, (max-width: 722px) 100vw, 722px\" \/><\/a><p id=\"caption-attachment-19184\" class=\"wp-caption-text\">M\u00e1s del 98 por ciento de profesores de la regi\u00f3n cuenta con estudios de posgrado<\/p><\/div>\n<p>&nbsp;<\/p>\n<p><strong>La regi\u00f3n en n\u00fameros<\/strong><\/p>\n<p>En la regi\u00f3n Veracruz se cuenta con el 93.3 de los programas educativos con acreditaci\u00f3n de calidad. Adem\u00e1s, P\u00e9rez Morales comparti\u00f3 que de los 347 catedr\u00e1ticos de tiempo completo, 98.3 por ciento cuenta con alg\u00fan estudio de posgrado. De \u00e9stos, 55.6 por ciento posee doctorado, 38.7 por ciento maestr\u00eda y cuatro por ciento especializaci\u00f3n.<\/p>\n<p>Inform\u00f3 que 353 acad\u00e9micos participaron en el Programa de Est\u00edmulos al Desempe\u00f1o del Personal Acad\u00e9mico (PEDPA) y 14 en el en el Programa de Est\u00edmulos al Desempe\u00f1o en la Ejecuci\u00f3n Art\u00edstica (PEDEA) en el periodo 2015-2016.<\/p>\n<p>De los 13 mil 87 estudiantes matriculados en la regi\u00f3n, el 92.3 por ciento hace uso de la plataforma Eminus, lo cual va de la mano con el papel protag\u00f3nico que la tecnolog\u00eda adquiere cada vez m\u00e1s en la formaci\u00f3n universitaria. Adem\u00e1s, existen 16 candidatos a ser miembros del SNI, y ya pertenecientes a este programa 38 son del nivel 1, cinco del nivel 2 y uno del nivel 3. Tambi\u00e9n posee tres cuerpos acad\u00e9micos consolidados, 16 en consolidaci\u00f3n y 28 en formaci\u00f3n, para un total de 47.<\/p>\n<p>&nbsp;<\/p>\n<div id=\"attachment_19185\" style=\"width: 732px\" class=\"wp-caption aligncenter\"><a href=\"https:\/\/www.uv.mx\/prensa\/files\/2016\/11\/Informe-Veracruz-4-287.jpg\"><img loading=\"lazy\" decoding=\"async\" aria-describedby=\"caption-attachment-19185\" class=\"size-full wp-image-19185\" src=\"https:\/\/www.uv.mx\/prensa\/files\/2016\/11\/Informe-Veracruz-4-287.jpg\" alt=\"Los universitarios, en todo momento, hemos dado m\u00e1s, asegur\u00f3 Alfonso P\u00e9rez Morales\" width=\"722\" height=\"482\" srcset=\"https:\/\/www.uv.mx\/prensa\/files\/2016\/11\/Informe-Veracruz-4-287.jpg 722w, https:\/\/www.uv.mx\/prensa\/files\/2016\/11\/Informe-Veracruz-4-287-300x200.jpg 300w\" sizes=\"auto, (max-width: 722px) 100vw, 722px\" \/><\/a><p id=\"caption-attachment-19185\" class=\"wp-caption-text\">Los universitarios, en todo momento, hemos dado m\u00e1s, asegur\u00f3 Alfonso P\u00e9rez Morales<\/p><\/div>\n<p>&nbsp;<\/p>\n<p>La UV ha llevado a cabo acciones que impactan en la sociedad, como la \u201cBrigada multidisciplinaria de apoyo para el cuidado de la salud y del medio ambiente en la comunidad La Gloria, municipio de \u00darsulo Galv\u00e1n, Veracruz\u201d, la cual fue reconocida por la Universidad Aut\u00f3noma de Chiapas con una Menci\u00f3n Honor\u00edfica del Premio \u201cCarlos Maciel Espinosa\u201d.<\/p>\n<p>Entre los acuerdos firmados se encuentran los convenios de colaboraci\u00f3n con el Consejo Coordinador Empresarial (CCE) Veracruz, con la empresa mexicana Nuvoil, y entre El Centro de Estudios y Servicios en Salud (CESS) y la Coordinaci\u00f3n Universitaria de Observatorios (CUO).<\/p>\n<p>En el evento se cont\u00f3 con la presencia de Juan Pablo Mungu\u00eda Tiburcio, secretario regional de Administraci\u00f3n y Finanzas, y Carlos Lamothe Zavaleta, secretario acad\u00e9mico regional.<\/p>\n<p>Entre los invitados se cont\u00f3 con la presencia de los vicerrectores de las regiones Poza Rica-Tuxpan, Orizaba-C\u00f3rdoba y Coatzacoalcos-Minatitl\u00e1n: Jos\u00e9 Luis Alan\u00eds M\u00e9ndez, Beatriz Rodr\u00edguez Villafuerte y Jorge Alberto Andaverde Arredondo, respectivamente; as\u00ed como de\u00a0 Manuel Rosendo Pelayo, presidente municipal de San Andr\u00e9s Tuxtla; Adri\u00e1n Garc\u00eda Salda\u00f1a, representante del Ayuntamiento de Alvarado, as\u00ed como acad\u00e9micos, estudiantes y miembros de la sociedad civil.<\/p>\n<p>&nbsp;<\/p>\n","protected":false},"excerpt":{"rendered":"<p><strong><em>Carlos Hermida, Edgar Onofre.-<\/em><\/strong> El vicerrector de la regi\u00f3n Veracruz de la Universidad Veracruzana (UV), Alfonso P\u00e9rez Morales, acudi\u00f3 este lunes 28 de noviembre ante el Consejo Universitario Regional (CUR) para rendir su III Informe de Actividades,  en donde asegur\u00f3 que frente al embate contra la instituci\u00f3n, esta regi\u00f3n hizo de la uni\u00f3n, la generosidad y la integridad sus principales fortalezas.<\/p>\n","protected":false},"author":1810,"featured_media":19172,"comment_status":"closed","ping_status":"closed","sticky":false,"template":"","format":"standard","meta":{"footnotes":""},"categories":[1],"tags":[2],"class_list":["post-19183","post","type-post","status-publish","format-standard","has-post-thumbnail","hentry","category-general","tag-principal"],"_links":{"self":[{"href":"https:\/\/www.uv.mx\/prensa\/wp-json\/wp\/v2\/posts\/19183","targetHints":{"allow":["GET"]}}],"collection":[{"href":"https:\/\/www.uv.mx\/prensa\/wp-json\/wp\/v2\/posts"}],"about":[{"href":"https:\/\/www.uv.mx\/prensa\/wp-json\/wp\/v2\/types\/post"}],"author":[{"embeddable":true,"href":"https:\/\/www.uv.mx\/prensa\/wp-json\/wp\/v2\/users\/1810"}],"replies":[{"embeddable":true,"href":"https:\/\/www.uv.mx\/prensa\/wp-json\/wp\/v2\/comments?post=19183"}],"version-history":[{"count":0,"href":"https:\/\/www.uv.mx\/prensa\/wp-json\/wp\/v2\/posts\/19183\/revisions"}],"wp:featuredmedia":[{"embeddable":true,"href":"https:\/\/www.uv.mx\/prensa\/wp-json\/wp\/v2\/media\/19172"}],"wp:attachment":[{"href":"https:\/\/www.uv.mx\/prensa\/wp-json\/wp\/v2\/media?parent=19183"}],"wp:term":[{"taxonomy":"category","embeddable":true,"href":"https:\/\/www.uv.mx\/prensa\/wp-json\/wp\/v2\/categories?post=19183"},{"taxonomy":"post_tag","embeddable":true,"href":"https:\/\/www.uv.mx\/prensa\/wp-json\/wp\/v2\/tags?post=19183"}],"curies":[{"name":"wp","href":"https:\/\/api.w.org\/{rel}","templated":true}]}}