{"id":18564,"date":"2016-11-15T14:51:49","date_gmt":"2016-11-15T20:51:49","guid":{"rendered":"https:\/\/www.uv.mx\/prensa\/?p=18564"},"modified":"2016-11-15T16:37:16","modified_gmt":"2016-11-15T22:37:16","slug":"cambio-de-rumbo","status":"publish","type":"post","link":"https:\/\/www.uv.mx\/prensa\/general\/cambio-de-rumbo\/","title":{"rendered":"Cambio de rumbo"},"content":{"rendered":"<p>&nbsp;<\/p>\n<div id=\"attachment_18566\" style=\"width: 732px\" class=\"wp-caption aligncenter\"><a href=\"https:\/\/www.uv.mx\/prensa\/files\/2016\/11\/151116-Colaboracion-_Foto-1-okl.jpg\"><img loading=\"lazy\" decoding=\"async\" aria-describedby=\"caption-attachment-18566\" class=\"size-full wp-image-18566\" src=\"https:\/\/www.uv.mx\/prensa\/files\/2016\/11\/151116-Colaboracion-_Foto-1-okl.jpg\" alt=\"El sue\u00f1o americano s\u00f3lo es posible si a cambio de ello se endeudan las futuras generaciones\" width=\"722\" height=\"407\" srcset=\"https:\/\/www.uv.mx\/prensa\/files\/2016\/11\/151116-Colaboracion-_Foto-1-okl.jpg 722w, https:\/\/www.uv.mx\/prensa\/files\/2016\/11\/151116-Colaboracion-_Foto-1-okl-300x169.jpg 300w\" sizes=\"auto, (max-width: 722px) 100vw, 722px\" \/><\/a><p id=\"caption-attachment-18566\" class=\"wp-caption-text\">El sue\u00f1o americano s\u00f3lo es posible si a cambio de ello se endeudan las futuras generaciones<\/p><\/div>\n<p>&nbsp;<\/p>\n<p><strong><em>An\u00edbal Carlos Zottele Allende<\/em><\/strong><\/p>\n<p><strong><em>Xalapa, Ver. 15\/11\/2016.-<\/em><\/strong> El triunfo de Donald Trump es resultado de un creciente cuestionamiento a las pol\u00edticas\u00a0\u00a0neoliberales que se convirtieron en el discurso \u00fanico no s\u00f3lo de los sectores conservadores del mundo. Tambi\u00e9n la social democracia en sus distintas expresiones contribuy\u00f3\u00a0\u00a0al acervo de estas ideas y desarroll\u00f3, especialmente en Europa, programas de gobierno en los que se privilegi\u00f3 el remanido repertorio del Fondo Monetario Internacional y sus r\u00e9plicas del Banco Mundial y del Banco Interamericano de Desarrollo, entre otros.<\/p>\n<p>Esa estructura de pensamiento dominante desconoci\u00f3 que la base de las recurrentes crisis sist\u00e9micas se apoya en la creciente desigualdad en la distribuci\u00f3n del ingreso y que s\u00f3lo la presencia del estado puede alterar los grados de concentraci\u00f3n del Producto Interno Bruto y del patrimonio.<\/p>\n<p>\u00a1Menos estado y m\u00e1s mercado! es la consigna que se impuso abrumadoramente mientras m\u00e1s sectores de la sociedad en las econom\u00edas capitalistas desarrolladas y en v\u00edas de desarrollo ven alejarse la posibilidad de cumplir con alg\u00fan sue\u00f1o colectivo parecido al\u00a0<em>american way of life.<\/em><\/p>\n<p>Pareci\u00f3 que las rebeliones griegas y sudamericanas iban al encuentro de la falacia de\u00a0<em>laissez-faire<\/em>, pero un fuerte aparato represivo con su aval medi\u00e1tico ha atemperado provisoriamente los \u00edmpetus nacionalistas y populares de esas regiones y han puesto a la defensiva a sus principales liderazgos con la complicidad de un sistema judicial corrupto y conservador.<\/p>\n<p>Pero los fen\u00f3menos econ\u00f3micos y sus impactos sociales no se detienen porque provisoriamente sean eliminados de la agenda period\u00edstica.<\/p>\n<p>La econom\u00eda de EEUU a partir de las reglas impuestas desde varias d\u00e9cadas atr\u00e1s e independientemente de ciertos matices se ha convertido en un laboratorio privilegiado de lo que es capaz de generar el capitalismo salvaje. Hasta el 2007-2008 el aparato financiero con su pol\u00edtica de pr\u00e9stamos, especialmente notable en el sector de hipotecas, disimul\u00f3 parcialmente un hecho incontrastable: el sue\u00f1o americano s\u00f3lo es posible si a cambio de ello se endeudan las futuras generaciones, lleg\u00f3 la etapa en la que pertenecer tiene un costo, una deuda creciente con los due\u00f1os del dinero.<\/p>\n<p>As\u00ed es como cada vez m\u00e1s el salario del trabajador medio s\u00f3lo pudo sustentar una parte de sus consumos, mientras los ingresos importantes que antes se dirig\u00edan al 1 por ciento de la poblaci\u00f3n, ahora se concentran y en mayor magnitud absoluta y relativa, en el .5 por ciento de \u00e9se total.<\/p>\n<p>Luego, el consumo que es una condici\u00f3n sine qua non para el funcionamiento del sistema, cada vez m\u00e1s se bas\u00f3 en la deuda privada de los de menor ingreso.<\/p>\n<p>La secuela es conocida: hoy EEUU es un pa\u00eds con millones de pobres, que perdieron su propiedad recientemente, que no ven en los pol\u00edticos tradicionales ninguna respuesta a\u00a0\u00a0su vida sobre\u00a0<em>rolling boxes<\/em>\u00a0a la vera de los caminos.<\/p>\n<p>Entonces estas personas que como en otros lados de la tierra, como en el Reino Unido por ir muy cerca, no est\u00e1n preparadas para entender el da\u00f1o que les causa el sistema\u00a0\u00a0depredador en el que viven y aprecian los discursos xen\u00f3fobos que identifican el mal en su vecino, en el marginado (como ellos) de otro color o nacionalidad v\u00edctima tambi\u00e9n del mismo demonio irracional.<\/p>\n<p>Pero ahora llegamos de nuevo a las ideas del Se\u00f1or Donald que no s\u00f3lo apuntan a echar a un mont\u00f3n de mexicanos, latinos, chinos y vietnamitas. Y el problema que es que el l\u00edder del nuevo mundo blanco debe ponerse a trabajar en alguno de los da\u00f1os que provoca el sistema y que se va a encontrar con que desde \u201cel vamos\u201d tendr\u00e1 una gran parte del aparato industrial y financiero (y de servicios) en la vereda de enfrente.<\/p>\n<p>Va a ser una gran prueba a partir del 20 de enero ver c\u00f3mo se mueve esta disputa interna. Que incluye adem\u00e1s cambios en las estrategias internacionales, verbigracia Ucrania, el Oriente Medio y otros temas de alta sensibilidad mundial.<\/p>\n<p>Por lo pronto, la oficina de Comercio del gobierno del presidente estadounidense Barack Obama decidi\u00f3 suspender sus esfuerzos para aprobar la firma del Acuerdo Transpac\u00edfico de Cooperaci\u00f3n Econ\u00f3mica (TPP, por su sigla en ingl\u00e9s) antes de que asuma el mandatario electo Donald Trump. Con ello, adem\u00e1s de la postura contraria a otros acuerdos comerciales del mandatario electo, dejan al TPP ag\u00f3nico, y su destino depender\u00e1 de Trump y los Republicanos.<\/p>\n<p>Este giro en torno al TPP es de la mayor importancia porque de un plumazo, toda la estrategia anti china que las \u00faltimas tres administraciones elaboraron meticulosamente convenciendo pa\u00edses y poniendo a EEUU en la cima de la confiabilidad mundial se fueron al demonio. Es apenas un ejemplo del cambio de rumbo.<\/p>\n<p>&nbsp;<\/p>\n","protected":false},"excerpt":{"rendered":"<p>El triunfo de Donald Trump es resultado de un creciente cuestionamiento a las pol\u00edticas  neoliberales que se convirtieron en el discurso \u00fanico no s\u00f3lo de los sectores conservadores del mundo. Tambi\u00e9n la social democracia en sus distintas expresiones contribuy\u00f3  al acervo de estas ideas y desarroll\u00f3, especialmente en Europa, programas de gobierno en los que se privilegi\u00f3 el remanido repertorio del Fondo Monetario Internacional y sus r\u00e9plicas del Banco Mundial y del Banco Interamericano de Desarrollo, entre otros.<\/p>\n","protected":false},"author":1810,"featured_media":18565,"comment_status":"closed","ping_status":"closed","sticky":false,"template":"","format":"standard","meta":{"footnotes":""},"categories":[1],"tags":[3],"class_list":["post-18564","post","type-post","status-publish","format-standard","has-post-thumbnail","hentry","category-general","tag-secundarias"],"_links":{"self":[{"href":"https:\/\/www.uv.mx\/prensa\/wp-json\/wp\/v2\/posts\/18564","targetHints":{"allow":["GET"]}}],"collection":[{"href":"https:\/\/www.uv.mx\/prensa\/wp-json\/wp\/v2\/posts"}],"about":[{"href":"https:\/\/www.uv.mx\/prensa\/wp-json\/wp\/v2\/types\/post"}],"author":[{"embeddable":true,"href":"https:\/\/www.uv.mx\/prensa\/wp-json\/wp\/v2\/users\/1810"}],"replies":[{"embeddable":true,"href":"https:\/\/www.uv.mx\/prensa\/wp-json\/wp\/v2\/comments?post=18564"}],"version-history":[{"count":0,"href":"https:\/\/www.uv.mx\/prensa\/wp-json\/wp\/v2\/posts\/18564\/revisions"}],"wp:featuredmedia":[{"embeddable":true,"href":"https:\/\/www.uv.mx\/prensa\/wp-json\/wp\/v2\/media\/18565"}],"wp:attachment":[{"href":"https:\/\/www.uv.mx\/prensa\/wp-json\/wp\/v2\/media?parent=18564"}],"wp:term":[{"taxonomy":"category","embeddable":true,"href":"https:\/\/www.uv.mx\/prensa\/wp-json\/wp\/v2\/categories?post=18564"},{"taxonomy":"post_tag","embeddable":true,"href":"https:\/\/www.uv.mx\/prensa\/wp-json\/wp\/v2\/tags?post=18564"}],"curies":[{"name":"wp","href":"https:\/\/api.w.org\/{rel}","templated":true}]}}