{"id":18501,"date":"2016-11-15T10:27:47","date_gmt":"2016-11-15T16:27:47","guid":{"rendered":"https:\/\/www.uv.mx\/prensa\/?p=18501"},"modified":"2016-11-15T12:18:36","modified_gmt":"2016-11-15T18:18:36","slug":"alumnos-de-la-uv-realizaron-jornadas-hoteleras","status":"publish","type":"post","link":"https:\/\/www.uv.mx\/prensa\/regiones\/alumnos-de-la-uv-realizaron-jornadas-hoteleras\/","title":{"rendered":"Alumnos de la UV realizaron Jornadas Hoteleras"},"content":{"rendered":"<p>&nbsp;<\/p>\n<div id=\"attachment_18503\" style=\"width: 732px\" class=\"wp-caption aligncenter\"><a href=\"https:\/\/www.uv.mx\/prensa\/files\/2016\/11\/Jornadas-hoteleras-1-okl.jpg\"><img loading=\"lazy\" decoding=\"async\" aria-describedby=\"caption-attachment-18503\" class=\"size-full wp-image-18503\" src=\"https:\/\/www.uv.mx\/prensa\/files\/2016\/11\/Jornadas-hoteleras-1-okl.jpg\" alt=\"La Directora de Administraci\u00f3n celebr\u00f3 esta actividad \" width=\"722\" height=\"406\" srcset=\"https:\/\/www.uv.mx\/prensa\/files\/2016\/11\/Jornadas-hoteleras-1-okl.jpg 722w, https:\/\/www.uv.mx\/prensa\/files\/2016\/11\/Jornadas-hoteleras-1-okl-300x169.jpg 300w\" sizes=\"auto, (max-width: 722px) 100vw, 722px\" \/><\/a><p id=\"caption-attachment-18503\" class=\"wp-caption-text\">La Directora de Administraci\u00f3n celebr\u00f3 esta actividad<\/p><\/div>\n<p>&nbsp;<\/p>\n<p><strong><em>Aracely Hern\u00e1ndez<\/em><\/strong><\/p>\n<p>&nbsp;<\/p>\n<p><strong><em>Boca del R\u00edo, Ver., 15\/11\/2016.-<\/em><\/strong> Estudiantes de la Licenciatura en Administraci\u00f3n Tur\u00edstica de la Universidad Veracruzana (UV), a trav\u00e9s de la experiencia educativa (EE) Hoteler\u00eda, organizaron las Jornadas Hoteleras 2016 \u201cTendencias en la hoteler\u00eda\u201d que tuvieron como sede las instalaciones de la Facultad de Administraci\u00f3n.<\/p>\n<p>Rosa Mar\u00eda Vaca Espino, acad\u00e9mica de la Facultad y coordinadora del evento, explic\u00f3 que esta actividad se ha realizado por 10 a\u00f1os consecutivos, aunque anteriormente se denominaba de otra forma.<\/p>\n<p>La finalidad de estas jornadas es acercar a los estudiantes a la realidad laboral, \u201clo que nosotros necesitamos es conocer cu\u00e1les son las tendencias dentro de los hoteles, qu\u00e9 es lo que est\u00e1n demandando los clientes para satisfacerlos en cualquiera de los requerimientos de las empresas\u201d.<\/p>\n<p>&nbsp;<\/p>\n<div id=\"attachment_18504\" style=\"width: 586px\" class=\"wp-caption aligncenter\"><a href=\"https:\/\/www.uv.mx\/prensa\/files\/2016\/11\/Jornadas-hoteleras-2-okj.jpg\"><img loading=\"lazy\" decoding=\"async\" aria-describedby=\"caption-attachment-18504\" class=\"size-large wp-image-18504\" src=\"https:\/\/www.uv.mx\/prensa\/files\/2016\/11\/Jornadas-hoteleras-2-okj-576x1024.jpg\" alt=\"Matilde Isabel Mateos Valent\u00edn, conferencista magistral \" width=\"576\" height=\"1024\" srcset=\"https:\/\/www.uv.mx\/prensa\/files\/2016\/11\/Jornadas-hoteleras-2-okj-576x1024.jpg 576w, https:\/\/www.uv.mx\/prensa\/files\/2016\/11\/Jornadas-hoteleras-2-okj-169x300.jpg 169w, https:\/\/www.uv.mx\/prensa\/files\/2016\/11\/Jornadas-hoteleras-2-okj.jpg 722w\" sizes=\"auto, (max-width: 576px) 100vw, 576px\" \/><\/a><p id=\"caption-attachment-18504\" class=\"wp-caption-text\">Matilde Isabel Mateos Valent\u00edn, conferencista magistral<\/p><\/div>\n<p>&nbsp;<\/p>\n<p>A\u00f1adi\u00f3: \u201cHoy cualquier empresa que no tenga tecnolog\u00eda e innovaci\u00f3n est\u00e1 muerta, por lo tanto, es necesario que conozcamos a trav\u00e9s de los expositores locales y nacionales que traemos en esta ocasi\u00f3n, qu\u00e9 es lo que est\u00e1n haciendo las empresas para satisfacer las necesidades de los clientes y que los alumnos est\u00e9n enterados\u201d.<\/p>\n<p>Por su parte, Leidy Margarita L\u00f3pez Castro, directora de la Facultad de Administraci\u00f3n, fue la encargada de inaugurar las Jornadas Hoteleras y en su mensaje felicit\u00f3 a los estudiantes y a la acad\u00e9mica Rosa Vaca Espino por su liderazgo en la coordinaci\u00f3n de las mismas; tambi\u00e9n agradeci\u00f3 la presencia de los empresarios y el invaluable apoyo que otorgan a los alumnos al transmitir sus experiencias, las cuales les permitir\u00e1n conocer la realidad del campo laboral, lo cual sin duda dejar\u00e1n una gran trayectoria y un aprendizaje a los alumnos.<\/p>\n<p>Tambi\u00e9n dijo a los estudiantes que una tendencia no s\u00f3lo se queda enmarcada en un t\u00e9rmino num\u00e9rico, \u201cuna tendencia es hacia d\u00f3nde vamos y hacia d\u00f3nde nos dirige el resto del mundo y todo el mundo nos dirige a lo competitivo\u201d.<\/p>\n<p>Estefan\u00eda Bejarano Pastrana e Isaac Torrealba Cruz, alumnos del comit\u00e9 organizador, dijeron sentirse muy emocionados por el evento, algo que les dejar\u00e1 la experiencia de c\u00f3mo aprender a resolver los problemas que se van presentando en el campo laboral, cu\u00e1les son las exigencias de los clientes y tener la proyecci\u00f3n a futuro en la vida de los ponentes que transmitieron sus experiencias.<\/p>\n<p>Los alumnos tambi\u00e9n adquirieron experiencia en cuanto a organizaci\u00f3n, desde costos, presupuestos, requerimientos y delegaci\u00f3n de puestos; afirmaron que todo esto les permiti\u00f3 conocer m\u00e1s sobre el campo laboral de su carrera y aunque a\u00fan no saben qu\u00e9 \u00e1rea de turismo elegir\u00e1n necesitan tener todos los conocimientos de hoteler\u00eda.<\/p>\n<p>Durante las Jornadas Hoteleras se presentaron conferencias magistrales, un panel de tendencias hoteleras en el que intervinieron ejecutivos de diferentes empresas de la zona conurbada Veracruz-Boca del R\u00edo, se presentaron talleres y se concluy\u00f3 con una conferencia magistral a cargo de Matilde Isabel Mateos Valent\u00edn, egresada de la Licenciatura en Turismo de la Facultad de Administraci\u00f3n, quien actualmente labora en los Hoteles Hard Rock en el Club Vacacional Legendary en Canc\u00fan.<\/p>\n<p>&nbsp;<\/p>\n<div id=\"attachment_18505\" style=\"width: 732px\" class=\"wp-caption aligncenter\"><a href=\"https:\/\/www.uv.mx\/prensa\/files\/2016\/11\/Jornadas-hoteleras-3-pln.jpg\"><img loading=\"lazy\" decoding=\"async\" aria-describedby=\"caption-attachment-18505\" class=\"size-full wp-image-18505\" src=\"https:\/\/www.uv.mx\/prensa\/files\/2016\/11\/Jornadas-hoteleras-3-pln.jpg\" alt=\"Las organizadoras con la acad\u00e9mica Rosa Mar\u00eda Vaca\" width=\"722\" height=\"406\" srcset=\"https:\/\/www.uv.mx\/prensa\/files\/2016\/11\/Jornadas-hoteleras-3-pln.jpg 722w, https:\/\/www.uv.mx\/prensa\/files\/2016\/11\/Jornadas-hoteleras-3-pln-300x169.jpg 300w\" sizes=\"auto, (max-width: 722px) 100vw, 722px\" \/><\/a><p id=\"caption-attachment-18505\" class=\"wp-caption-text\">Las organizadoras con la acad\u00e9mica Rosa Mar\u00eda Vaca<\/p><\/div>\n<p>&nbsp;<\/p>\n<p>Durante su ponencia comparti\u00f3 con los estudiantes sus experiencias sobre todo lo que conlleva el servicio de alta calidad en los hoteles y expuso que no hay l\u00edmites, que los \u201cno\u201d se convierten en \u201cs\u00ed\u201d, que sepan qu\u00e9 es lo que son y qu\u00e9 es lo que est\u00e1n dispuestos a ser, que sigan sus objetivos y que no se dejen vencer por ninguna circunstancia.<\/p>\n<p>Tambi\u00e9n explic\u00f3 que para enfrentar los retos con los que se van a encontrar como egresados deben tener liderazgo, seguridad en s\u00ed mismos y saber a d\u00f3nde se van a dirigir; \u201cel mayor reto es saber qu\u00e9 es lo que van a hacer y hacia d\u00f3nde se van a dirigir, sabiendo podr\u00e1n estar en cualquier cadena de hoteles\u201d.<\/p>\n<p>Enseguida, comparti\u00f3 algunos consejos a los futuros egresados y les refiri\u00f3 que estudien, se preparen, sepan trabajar en equipo, sean humildes, sepan escuchar a las dem\u00e1s personas para poder fortalecer un equipo de trabajo y sobre todo que ejerzan un liderazgo efectivo con sus compa\u00f1eros.<\/p>\n<p>Asimismo, Mateos Valent\u00edn expres\u00f3 que es un orgullo regresar a la Facultad en la que se form\u00f3, ver a sus maestros, volver a las aulas que le dieron los cimientos para ejercer su vida profesional, \u201cme siento honrada, nerviosa de regresar a estas aulas, estoy feliz\u201d.<\/p>\n<p>En la inauguraci\u00f3n estuvieron presentes Jos\u00e9 Antonio Castro Zapata, secretario acad\u00e9mico de la Facultad; Dolores V\u00e1zquez Trujillo, jefe de la Carrera en Administraci\u00f3n Tur\u00edstica, y Dulce Betancourt Trevedhan, administradora de la Facultad.<\/p>\n","protected":false},"excerpt":{"rendered":"<p><strong><em>Aracely Hern\u00e1ndez.-<\/em><\/strong>Estudiantes de la Licenciatura en Administraci\u00f3n Tur\u00edstica de la Universidad Veracruzana (UV), a trav\u00e9s de la experiencia educativa (EE) Hoteler\u00eda, organizaron las Jornadas Hoteleras 2016 \u201cTendencias en la hoteler\u00eda\u201d que tuvieron como sede las instalaciones de la Facultad de Administraci\u00f3n.<\/p>\n","protected":false},"author":1810,"featured_media":18506,"comment_status":"closed","ping_status":"closed","sticky":false,"template":"","format":"standard","meta":{"footnotes":""},"categories":[32],"tags":[33],"class_list":["post-18501","post","type-post","status-publish","format-standard","has-post-thumbnail","hentry","category-regiones","tag-regiones"],"_links":{"self":[{"href":"https:\/\/www.uv.mx\/prensa\/wp-json\/wp\/v2\/posts\/18501","targetHints":{"allow":["GET"]}}],"collection":[{"href":"https:\/\/www.uv.mx\/prensa\/wp-json\/wp\/v2\/posts"}],"about":[{"href":"https:\/\/www.uv.mx\/prensa\/wp-json\/wp\/v2\/types\/post"}],"author":[{"embeddable":true,"href":"https:\/\/www.uv.mx\/prensa\/wp-json\/wp\/v2\/users\/1810"}],"replies":[{"embeddable":true,"href":"https:\/\/www.uv.mx\/prensa\/wp-json\/wp\/v2\/comments?post=18501"}],"version-history":[{"count":0,"href":"https:\/\/www.uv.mx\/prensa\/wp-json\/wp\/v2\/posts\/18501\/revisions"}],"wp:featuredmedia":[{"embeddable":true,"href":"https:\/\/www.uv.mx\/prensa\/wp-json\/wp\/v2\/media\/18506"}],"wp:attachment":[{"href":"https:\/\/www.uv.mx\/prensa\/wp-json\/wp\/v2\/media?parent=18501"}],"wp:term":[{"taxonomy":"category","embeddable":true,"href":"https:\/\/www.uv.mx\/prensa\/wp-json\/wp\/v2\/categories?post=18501"},{"taxonomy":"post_tag","embeddable":true,"href":"https:\/\/www.uv.mx\/prensa\/wp-json\/wp\/v2\/tags?post=18501"}],"curies":[{"name":"wp","href":"https:\/\/api.w.org\/{rel}","templated":true}]}}