{"id":18448,"date":"2016-11-15T10:26:53","date_gmt":"2016-11-15T16:26:53","guid":{"rendered":"https:\/\/www.uv.mx\/prensa\/?p=18448"},"modified":"2016-11-15T11:59:37","modified_gmt":"2016-11-15T17:59:37","slug":"medicina-uv-festejo-el-dia-del-tecnico-radiologo","status":"publish","type":"post","link":"https:\/\/www.uv.mx\/prensa\/regiones\/medicina-uv-festejo-el-dia-del-tecnico-radiologo\/","title":{"rendered":"Medicina UV festej\u00f3 el D\u00eda del T\u00e9cnico Radi\u00f3logo"},"content":{"rendered":"<div id=\"attachment_18452\" style=\"width: 693px\" class=\"wp-caption aligncenter\"><a href=\"https:\/\/www.uv.mx\/prensa\/files\/2016\/11\/Radiologia-1-olk-24.jpg\"><img loading=\"lazy\" decoding=\"async\" aria-describedby=\"caption-attachment-18452\" class=\"size-large wp-image-18452\" src=\"https:\/\/www.uv.mx\/prensa\/files\/2016\/11\/Radiologia-1-olk-24-683x1024.jpg\" alt=\"Tubo de rayos X \" width=\"683\" height=\"1024\" srcset=\"https:\/\/www.uv.mx\/prensa\/files\/2016\/11\/Radiologia-1-olk-24-683x1024.jpg 683w, https:\/\/www.uv.mx\/prensa\/files\/2016\/11\/Radiologia-1-olk-24-200x300.jpg 200w, https:\/\/www.uv.mx\/prensa\/files\/2016\/11\/Radiologia-1-olk-24.jpg 722w\" sizes=\"auto, (max-width: 683px) 100vw, 683px\" \/><\/a><p id=\"caption-attachment-18452\" class=\"wp-caption-text\">Tubo de rayos X<\/p><\/div>\n<p>&nbsp;<\/p>\n<p><strong><em>Cecilia Escribano<\/em><\/strong><\/p>\n<p>&nbsp;<\/p>\n<p><strong><em>Minatitl\u00e1n, Ver., 15\/11\/2016.-<\/em><\/strong> Alumnos del tercer semestre de la carrera de T\u00e9cnico Superior Universitario (TSU) en Radiolog\u00eda de la Facultad de Medicina de la Universidad Veracruzana (UV), <em>campus<\/em> Minatitl\u00e1n, organizaron el 2do Simposio de Radiolog\u00eda, para conmemorar el D\u00eda del T\u00e9cnico Radi\u00f3logo.<\/p>\n<p>El 8 de noviembre de 1895 Wilhelm Conrad R\u00f6ntgen descubri\u00f3 los rayos X, motivo por el cual se celebr\u00f3 esta actividad donde se abordaron temas como: \u201cLa evoluci\u00f3n de la radiolog\u00eda dental\u201d, impartido por la alumna X\u00f3chitl M\u00e1rquez Reyes, quien habl\u00f3 de los antecedentes hist\u00f3ricos, las t\u00e9cnicas utilizadas en radiolog\u00eda dental y los tipos equipos radiogr\u00e1ficos.<\/p>\n<p>El siguiente tema fue \u201cOrtopantomograf\u00eda\u201d, expuesto por Frida del Carmen Mart\u00ednez Rodr\u00edguez, quien expuso cu\u00e1les son las estructuras anat\u00f3micas que se necesitan visualizar mediante este estudio, los errores m\u00e1s frecuentes y pasos para una toma de alta calidad.<\/p>\n<p>Las alumnas Sonia de Jes\u00fas Mercado Rivera y Daniela Michelle Ponce Gonz\u00e1lez presentaron el tema \u201cT\u00e9cnicas radiogr\u00e1ficas del abdomen\u201d, dando repaso sobre la f\u00edsica radiol\u00f3gica, diferentes tipos de t\u00e9cnicas y c\u00f3mo interpretar radiol\u00f3gicamente un abdomen.<\/p>\n<p>&nbsp;<\/p>\n<div id=\"attachment_18454\" style=\"width: 732px\" class=\"wp-caption aligncenter\"><a href=\"https:\/\/www.uv.mx\/prensa\/files\/2016\/11\/R-ishu-ok.jpg\"><img loading=\"lazy\" decoding=\"async\" aria-describedby=\"caption-attachment-18454\" class=\"size-full wp-image-18454\" src=\"https:\/\/www.uv.mx\/prensa\/files\/2016\/11\/R-ishu-ok.jpg\" alt=\"Ceremonia de inauguraci\u00f3n \" width=\"722\" height=\"481\" srcset=\"https:\/\/www.uv.mx\/prensa\/files\/2016\/11\/R-ishu-ok.jpg 722w, https:\/\/www.uv.mx\/prensa\/files\/2016\/11\/R-ishu-ok-300x200.jpg 300w\" sizes=\"auto, (max-width: 722px) 100vw, 722px\" \/><\/a><p id=\"caption-attachment-18454\" class=\"wp-caption-text\">Ceremonia de inauguraci\u00f3n<\/p><\/div>\n<p>&nbsp;<\/p>\n<p>Fabiola Hern\u00e1ndez Hern\u00e1ndez y Abril Fernanda Molina P\u00e9rez expusieron \u201cValoraci\u00f3n radiol\u00f3gica de t\u00f3rax\u201d, dieron a conocer las t\u00e9cnicas radiogr\u00e1ficas del t\u00f3rax y explicaron la representaci\u00f3n radiol\u00f3gica del mediastino en la telerradiograf\u00eda del t\u00f3rax.<\/p>\n<p>Otros temas abordados fueron \u201cPoder de penetraci\u00f3n: los rayos X tienen la capacidad de penetrar la materia\u201d; \u201cEfecto luminiscente: los rayos X tienen la capacidad de que al incidir sobre ciertas sustancias \u00e9stas emitan luz\u201d; \u201cEfecto fotogr\u00e1fico\u201d; \u201cEfecto ionizante\u201d; \u201cEfecto biol\u00f3gico\u201d.<\/p>\n<p>En la inauguraci\u00f3n, el vicerrector Jorge Alberto Andaverde Arredondo reconoci\u00f3 el compromiso y entusiasmo de los universitarios y los docentes en la realizaci\u00f3n del simposio, en particular al acad\u00e9mico Plinio Antonio Palma Villegas, coordinador general del evento.<\/p>\n<p>\u201cLa salud de las personas descansa en ustedes, son parte fundamental del \u00e1rea de la salud, requiere que sean cuidadosos y comprometidos con la calidad de sus servicio\u201d, recalc\u00f3.<\/p>\n<p>&nbsp;<\/p>\n<div id=\"attachment_18451\" style=\"width: 732px\" class=\"wp-caption aligncenter\"><a href=\"https:\/\/www.uv.mx\/prensa\/files\/2016\/11\/Radiologia-3-olkj.jpg\"><img loading=\"lazy\" decoding=\"async\" aria-describedby=\"caption-attachment-18451\" class=\"size-full wp-image-18451\" src=\"https:\/\/www.uv.mx\/prensa\/files\/2016\/11\/Radiologia-3-olkj.jpg\" alt=\"Plinio Antonio Palma Villegas con expositoras\" width=\"722\" height=\"481\" srcset=\"https:\/\/www.uv.mx\/prensa\/files\/2016\/11\/Radiologia-3-olkj.jpg 722w, https:\/\/www.uv.mx\/prensa\/files\/2016\/11\/Radiologia-3-olkj-300x200.jpg 300w\" sizes=\"auto, (max-width: 722px) 100vw, 722px\" \/><\/a><p id=\"caption-attachment-18451\" class=\"wp-caption-text\">Plinio Antonio Palma Villegas con expositoras<\/p><\/div>\n<p>&nbsp;<\/p>\n<p>Por su parte, Jos\u00e9 Luis S\u00e1nchez Rom\u00e1n, director de la Facultad de Medicina, se\u00f1al\u00f3 que los universitarios pudieron comprender la evoluci\u00f3n de los rayos X y reconocieron el valor que tienen junto al impacto que han generado desde su descubrimiento. \u201cMe da gusto ver c\u00f3mo los estudiantes promueven estos eventos, fomentan el aprendizaje constante, luchan por ser mejores y obtener la excelencia, me da orgullo verlos exponer con congruencia, coherencia y lenguaje especializado\u201d.<\/p>\n<p>Durante el evento se abordaron los principales exponentes del tema como el f\u00edsico alem\u00e1n Conrad R\u00f6ntgen, adem\u00e1s se analizaron los tubos de rayos X y sus principales efectos como el fotoel\u00e9ctrico y el Compton, adem\u00e1s de los tubos de Coolidge y de Crookes; asimismo se analiz\u00f3 el equipo de rayos X dental con las m\u00e1quinas intraoral y la extraoral ortopantom\u00f3grafo.<\/p>\n<p>Tambi\u00e9n se realizaron exposiciones de maquetas de la evoluci\u00f3n de los equipos de rayos X y representativas de los temas expuestos en el evento.<\/p>\n","protected":false},"excerpt":{"rendered":"<p><strong><em>Cecilia Escribano.-<\/em><\/strong>Alumnos del tercer semestre de la carrera de T\u00e9cnico Superior Universitario (TSU) en Radiolog\u00eda de la Facultad de Medicina de la Universidad Veracruzana (UV), campus Minatitl\u00e1n, organizaron el 2do Simposio de Radiolog\u00eda, para conmemorar el D\u00eda del T\u00e9cnico Radi\u00f3logo.<\/p>\n","protected":false},"author":1810,"featured_media":18450,"comment_status":"closed","ping_status":"closed","sticky":false,"template":"","format":"standard","meta":{"footnotes":""},"categories":[32],"tags":[33],"class_list":["post-18448","post","type-post","status-publish","format-standard","has-post-thumbnail","hentry","category-regiones","tag-regiones"],"_links":{"self":[{"href":"https:\/\/www.uv.mx\/prensa\/wp-json\/wp\/v2\/posts\/18448","targetHints":{"allow":["GET"]}}],"collection":[{"href":"https:\/\/www.uv.mx\/prensa\/wp-json\/wp\/v2\/posts"}],"about":[{"href":"https:\/\/www.uv.mx\/prensa\/wp-json\/wp\/v2\/types\/post"}],"author":[{"embeddable":true,"href":"https:\/\/www.uv.mx\/prensa\/wp-json\/wp\/v2\/users\/1810"}],"replies":[{"embeddable":true,"href":"https:\/\/www.uv.mx\/prensa\/wp-json\/wp\/v2\/comments?post=18448"}],"version-history":[{"count":0,"href":"https:\/\/www.uv.mx\/prensa\/wp-json\/wp\/v2\/posts\/18448\/revisions"}],"wp:featuredmedia":[{"embeddable":true,"href":"https:\/\/www.uv.mx\/prensa\/wp-json\/wp\/v2\/media\/18450"}],"wp:attachment":[{"href":"https:\/\/www.uv.mx\/prensa\/wp-json\/wp\/v2\/media?parent=18448"}],"wp:term":[{"taxonomy":"category","embeddable":true,"href":"https:\/\/www.uv.mx\/prensa\/wp-json\/wp\/v2\/categories?post=18448"},{"taxonomy":"post_tag","embeddable":true,"href":"https:\/\/www.uv.mx\/prensa\/wp-json\/wp\/v2\/tags?post=18448"}],"curies":[{"name":"wp","href":"https:\/\/api.w.org\/{rel}","templated":true}]}}