{"id":18316,"date":"2016-11-11T13:27:00","date_gmt":"2016-11-11T19:27:00","guid":{"rendered":"https:\/\/www.uv.mx\/prensa\/?p=18316"},"modified":"2016-11-11T13:27:00","modified_gmt":"2016-11-11T19:27:00","slug":"estrategias-para-superar-desigualdad-reto-para-ies-latinoamericanas","status":"publish","type":"post","link":"https:\/\/www.uv.mx\/prensa\/regiones\/estrategias-para-superar-desigualdad-reto-para-ies-latinoamericanas\/","title":{"rendered":"Estrategias para superar desigualdad,  reto para IES latinoamericanas"},"content":{"rendered":"<ul>\n<li><em>Asever\u00f3 acad\u00e9mica de Paraguay durante conferencia impartida en la Facultad de Ciencias Qu\u00edmicas<\/em><\/li>\n<\/ul>\n<p>&nbsp;<\/p>\n<div id=\"attachment_18320\" style=\"width: 732px\" class=\"wp-caption aligncenter\"><a href=\"https:\/\/www.uv.mx\/prensa\/files\/2016\/11\/Confereuay.jpg\"><img loading=\"lazy\" decoding=\"async\" aria-describedby=\"caption-attachment-18320\" class=\"size-full wp-image-18320\" src=\"https:\/\/www.uv.mx\/prensa\/files\/2016\/11\/Confereuay.jpg\" alt=\"Elida Duarte S\u00e1nchez, de la Universidad de Pilar en Paraguay\" width=\"722\" height=\"406\" srcset=\"https:\/\/www.uv.mx\/prensa\/files\/2016\/11\/Confereuay.jpg 722w, https:\/\/www.uv.mx\/prensa\/files\/2016\/11\/Confereuay-300x169.jpg 300w\" sizes=\"auto, (max-width: 722px) 100vw, 722px\" \/><\/a><p id=\"caption-attachment-18320\" class=\"wp-caption-text\">Elida Duarte S\u00e1nchez, de la Universidad de Pilar en Paraguay<\/p><\/div>\n<p>&nbsp;<\/p>\n<p><strong><em>Francisco Javier Cha\u00edn Revuelta<\/em><\/strong><\/p>\n<p>&nbsp;<\/p>\n<p><strong><em>Orizaba, Ver., 11\/11\/2016.-<\/em><\/strong> Elida Duarte S\u00e1nchez, vicedecana de la Facultad de Ciencia, Tecnolog\u00eda y Artes de la Universidad de Pilar en Paraguay y miembro de la Red de Estudios de Internacionalizaci\u00f3n de la Educaci\u00f3n Superior en Am\u00e9rica Latina (AL), imparti\u00f3 la conferencia\u00a0 \u201cInternacionalizaci\u00f3n de la ciencia en la educaci\u00f3n superior: el caso de Paraguay\u201d, en el aula magna de la Facultad de Ciencias Qu\u00edmicas de la Universidad Veracruzana (UV).<\/p>\n<p>El evento fue promovido por la Unidad de Servicios Bibliotecarios y de Informaci\u00f3n (USBI) de Ixtaczoquitl\u00e1n, en colaboraci\u00f3n con el Centro de Ciencia y Desarrollo de la Complejidad Humana.<\/p>\n<p>Duarte S\u00e1nchez introdujo a la experiencia que desarrolla en Paraguay y en su universidad con la internacionalizaci\u00f3n, a partir de su vinculaci\u00f3n en el Mercosur con Argentina, Uruguay, Brasil y Venezuela. Record\u00f3 la trilog\u00eda universitaria de ense\u00f1anza, investigaci\u00f3n y extensi\u00f3n para decir que el tema lo trabajan entre la internacionalizaci\u00f3n ex\u00f3gena diferenciada enfrentada a la internacionalizaci\u00f3n end\u00f3gena solidaria.<\/p>\n<p>Se\u00f1al\u00f3 la tradicional vinculaci\u00f3n y experiencia ganada entre universidades nacionales y extranjeras y sus consecuentes programas relacionados a trav\u00e9s de la movilidad estudiantil, redes de investigaci\u00f3n e intercambios docentes y acad\u00e9micos, informando que de estos procesos les interesa estudiar la internacionalizaci\u00f3n end\u00f3gena solidaria.<\/p>\n<p>Indic\u00f3 que las universidades centrales tienen m\u00e1s posibilidades que las peque\u00f1as, por ello realizan un trabajo de cooperaci\u00f3n Sur-Sur, una vinculaci\u00f3n de universidades subnacionales para encontrar calidad acad\u00e9mica que permita generar y transmitir conocimiento relevante a las necesidades sociales de Am\u00e9rica Latina.<\/p>\n<p>Reconoci\u00f3 que aunque hay una gran expansi\u00f3n de instituciones de educaci\u00f3n superior en Am\u00e9rica Latina y m\u00e1s posibilidades de ingreso para los j\u00f3venes, las grandes desigualdades persisten y se incrementan. Por ello los estudios que realizan est\u00e1n apoyados en la internacionalizaci\u00f3n end\u00f3gena solidaria, que consiste en saber qu\u00e9 se debe hacer en las universidades para superar tal situaci\u00f3n de desigualdad.<\/p>\n<p>Destac\u00f3 que mediante la internacionalizaci\u00f3n hacia Latinoam\u00e9rica, a trav\u00e9s de redes de producci\u00f3n y difusi\u00f3n del conocimiento vislumbran la posibilidad de trabajar entre universidades, de las cuales no sab\u00edamos ni de su trabajo ni de su existencia, para ir superando esta situaci\u00f3n.<\/p>\n<p>La acad\u00e9mica tambi\u00e9n realiz\u00f3 una cr\u00edtica a la internacionalizaci\u00f3n mercantilista ex\u00f3gena Norte-Sur, destacando la relaci\u00f3n de poder entre centro y periferia, su intencionalidad que parte de imponer indicadores (<em>ranking<\/em>) fuera del contexto latinoamericano, olvidando que las universidades son un bien p\u00fablico y que existen funciones muy importantes de \u00e9stas m\u00e1s all\u00e1 de ser hegem\u00f3nicas, sino la de ser entidad solidaria y participar con conocimiento relevante en las pol\u00edticas p\u00fablicas que favorezcan las necesidades sociales.<\/p>\n<p>&nbsp;<\/p>\n","protected":false},"excerpt":{"rendered":"<p><strong><em>Francisco Javier Cha\u00edn.-<\/em><\/strong>Elida Duarte S\u00e1nchez, vicedecana de la Facultad de Ciencia, Tecnolog\u00eda y Artes de la Universidad de Pilar en Paraguay y miembro de la Red de Estudios de Internacionalizaci\u00f3n de la Educaci\u00f3n Superior en Am\u00e9rica Latina (AL), imparti\u00f3 la conferencia  \u201cInternacionalizaci\u00f3n de la ciencia en la educaci\u00f3n superior: el caso de Paraguay\u201d, en el aula magna de la Facultad de Ciencias Qu\u00edmicas de la Universidad Veracruzana (UV).<\/p>\n","protected":false},"author":1810,"featured_media":18322,"comment_status":"closed","ping_status":"closed","sticky":false,"template":"","format":"standard","meta":{"footnotes":""},"categories":[32],"tags":[33],"class_list":["post-18316","post","type-post","status-publish","format-standard","has-post-thumbnail","hentry","category-regiones","tag-regiones"],"_links":{"self":[{"href":"https:\/\/www.uv.mx\/prensa\/wp-json\/wp\/v2\/posts\/18316","targetHints":{"allow":["GET"]}}],"collection":[{"href":"https:\/\/www.uv.mx\/prensa\/wp-json\/wp\/v2\/posts"}],"about":[{"href":"https:\/\/www.uv.mx\/prensa\/wp-json\/wp\/v2\/types\/post"}],"author":[{"embeddable":true,"href":"https:\/\/www.uv.mx\/prensa\/wp-json\/wp\/v2\/users\/1810"}],"replies":[{"embeddable":true,"href":"https:\/\/www.uv.mx\/prensa\/wp-json\/wp\/v2\/comments?post=18316"}],"version-history":[{"count":0,"href":"https:\/\/www.uv.mx\/prensa\/wp-json\/wp\/v2\/posts\/18316\/revisions"}],"wp:featuredmedia":[{"embeddable":true,"href":"https:\/\/www.uv.mx\/prensa\/wp-json\/wp\/v2\/media\/18322"}],"wp:attachment":[{"href":"https:\/\/www.uv.mx\/prensa\/wp-json\/wp\/v2\/media?parent=18316"}],"wp:term":[{"taxonomy":"category","embeddable":true,"href":"https:\/\/www.uv.mx\/prensa\/wp-json\/wp\/v2\/categories?post=18316"},{"taxonomy":"post_tag","embeddable":true,"href":"https:\/\/www.uv.mx\/prensa\/wp-json\/wp\/v2\/tags?post=18316"}],"curies":[{"name":"wp","href":"https:\/\/api.w.org\/{rel}","templated":true}]}}