{"id":18199,"date":"2016-11-08T13:47:35","date_gmt":"2016-11-08T19:47:35","guid":{"rendered":"https:\/\/www.uv.mx\/prensa\/?p=18199"},"modified":"2016-11-08T13:47:35","modified_gmt":"2016-11-08T19:47:35","slug":"estres-cambia-percepcion-del-entorno-que-nos-rodea","status":"publish","type":"post","link":"https:\/\/www.uv.mx\/prensa\/general\/estres-cambia-percepcion-del-entorno-que-nos-rodea\/","title":{"rendered":"Estr\u00e9s cambia percepci\u00f3n del entorno que nos rodea"},"content":{"rendered":"<ul>\n<li><em>Daniel Hern\u00e1ndez Baltazar, adscrito al Instituto de Neuroetolog\u00eda de la UV, dijo que el estr\u00e9s genera alteraci\u00f3n a nivel ocular, de vasos sangu\u00edneos, cerebro, pulmones y \u00f3rganos viscerales<\/em><\/li>\n<li><em>Particip\u00f3 en el III Simposio Internacional Neuroetolog\u00eda Con-Ciencia y Naturaleza<\/em><\/li>\n<\/ul>\n<p>&nbsp;<\/p>\n<div id=\"attachment_18204\" style=\"width: 732px\" class=\"wp-caption aligncenter\"><a href=\"https:\/\/www.uv.mx\/prensa\/files\/2016\/11\/Estres-celulas-1-ok-47.jpg\"><img loading=\"lazy\" decoding=\"async\" aria-describedby=\"caption-attachment-18204\" class=\"size-full wp-image-18204\" src=\"https:\/\/www.uv.mx\/prensa\/files\/2016\/11\/Estres-celulas-1-ok-47.jpg\" alt=\"Daniel Hern\u00e1ndez Baltazar, catedr\u00e1tico del Conacyt\" width=\"722\" height=\"482\" srcset=\"https:\/\/www.uv.mx\/prensa\/files\/2016\/11\/Estres-celulas-1-ok-47.jpg 722w, https:\/\/www.uv.mx\/prensa\/files\/2016\/11\/Estres-celulas-1-ok-47-300x200.jpg 300w\" sizes=\"auto, (max-width: 722px) 100vw, 722px\" \/><\/a><p id=\"caption-attachment-18204\" class=\"wp-caption-text\">Daniel Hern\u00e1ndez Baltazar, catedr\u00e1tico del Conacyt<\/p><\/div>\n<p>&nbsp;<\/p>\n<p><strong><em>Claudia Peralta V\u00e1zquez<\/em><\/strong><\/p>\n<p>&nbsp;<\/p>\n<p><strong><em>Xalapa, Ver. 08\/11\/2016.-<\/em><\/strong><em>\u00a0<\/em>Daniel Hern\u00e1ndez Baltazar, catedr\u00e1tico del Consejo Nacional de Ciencia y Tecnolog\u00eda (<em>Conacyt<\/em>) y adscrito al Instituto de Neuroetolog\u00eda de la Universidad Veracruzana (UV), destac\u00f3 que el estr\u00e9s cambia la percepci\u00f3n del entorno que nos rodea, toda vez que genera alteraci\u00f3n a nivel ocular, de vasos sangu\u00edneos, cerebro, pulmones, articulaciones y \u00f3rganos viscerales.<\/p>\n<p>En el marco de su ponencia \u201c\u00bfNeuronas, ra\u00edces, espejos en el bolsillo?\u201d, que tuvo lugar el 31 de octubre dentro del III Simposio Internacional Neuroetolog\u00eda Con-Ciencia y Naturaleza, el especialista precis\u00f3 que hay enfermedades mortales asociadas al estr\u00e9s oxidativo.<\/p>\n<p>\u00c9ste ocurre cuando hay un desequilibrio en las c\u00e9lulas debido a un aumento en los radicales libres, cuyas fuentes m\u00e1s comunes son: humo del cigarrillo, contaminaci\u00f3n del aire, luz solar, consumo excesivo de alcohol y drogas.<\/p>\n<p>Al dirigirse a los alumnos, acad\u00e9micos e investigadores asistentes a este evento realizado en la Unidad de Servicios Bibliotecarios y de Informaci\u00f3n (USBI), subray\u00f3 que algunos de estos padecimientos son: degeneraci\u00f3n macular o trastorno ocular que destruye lentamente la visi\u00f3n central y aguda, lo cual dificulta la lectura y la visualizaci\u00f3n de detalles finos; diabetes; aterosclerosis; Alzheimer; Parkinson; asma; osteoartritis, entre otras.<\/p>\n<p>El investigador, quien cuenta con seis publicaciones internacionales, dijo tambi\u00e9n que el estr\u00e9s es un trastorno de \u00e1nimo importante y que siempre ser\u00e1 necesario para que se produzca y mantenga la vida.<\/p>\n<p>Sin embargo, factores estresantes a nivel de tipo oxidativo pueden favorecer que las c\u00e9lulas proliferen.<\/p>\n<p>Por ejemplo, la enfermedad de c\u00e1ncer favorece la proliferaci\u00f3n desmedida, incontrolada y casi inmortal de las c\u00e9lulas; en el caso de Parkinson o Alzheimer, las neuronas se degeneran o mueren a lo largo del tiempo. Esto es un efecto potenciado por la acumulaci\u00f3n de radicales libres.<\/p>\n<p>Por lo anterior, a\u00f1adi\u00f3, se debe prestar atenci\u00f3n al nivel de comunicaci\u00f3n a trav\u00e9s del estr\u00e9s oxidativo, cuyas consecuencias son: que las c\u00e9lulas pueden caer en atrofia (disminuci\u00f3n del tama\u00f1o); hiperplasia (incremento en el tama\u00f1o y n\u00famero de las c\u00e9lulas); displasia (cuando las c\u00e9lulas pueden ser normales o anormales); hipertrofia (cambio en el tama\u00f1o y volumen de la c\u00e9lula); metaplasia (incide m\u00e1s en c\u00e9lulas cancerosas), y neoplasia (masa anormal de tejido, producida por multiplicaci\u00f3n de alg\u00fan tipo de c\u00e9lulas).<\/p>\n<p>Por lo tanto, el estr\u00e9s celular a manera de comunicaci\u00f3n de tipo estr\u00e9s oxidativo puede impulsar que la c\u00e9lula no pierda funci\u00f3n, no muera, pero s\u00ed cambie su estructura a nivel de tejido, comparti\u00f3.<\/p>\n<p>Durante su conferencia, enumer\u00f3 varios casos de autores y artistas renombrados con determinados trastornos de tipo conductual. Uno de ellos fue Vincent van Gogh, pintor neerland\u00e9s que desarroll\u00f3 esquizofrenia.<\/p>\n<p>&nbsp;<\/p>\n<div id=\"attachment_18202\" style=\"width: 732px\" class=\"wp-caption aligncenter\"><a href=\"https:\/\/www.uv.mx\/prensa\/files\/2016\/11\/Estres-c-olk.jpg\"><img loading=\"lazy\" decoding=\"async\" aria-describedby=\"caption-attachment-18202\" class=\"size-full wp-image-18202\" src=\"https:\/\/www.uv.mx\/prensa\/files\/2016\/11\/Estres-c-olk.jpg\" alt=\"Daniel Hern\u00e1ndez imparti\u00f3 la ponencia \u201c\u00bfNeuronas, ra\u00edces, espejos en el bolsillo?\u201d\" width=\"722\" height=\"482\" srcset=\"https:\/\/www.uv.mx\/prensa\/files\/2016\/11\/Estres-c-olk.jpg 722w, https:\/\/www.uv.mx\/prensa\/files\/2016\/11\/Estres-c-olk-300x200.jpg 300w\" sizes=\"auto, (max-width: 722px) 100vw, 722px\" \/><\/a><p id=\"caption-attachment-18202\" class=\"wp-caption-text\">Daniel Hern\u00e1ndez imparti\u00f3 la ponencia \u201c\u00bfNeuronas, ra\u00edces, espejos en el bolsillo?\u201d<\/p><\/div>\n<p>&nbsp;<\/p>\n<p>Explic\u00f3 que incre\u00edblemente, en sus obras, el pintor destacaba los colores verde y azul que denotaba ansiedad en su vida; pero al final, cuando le fue detectada la enfermedad y no pudo controlarla, se le presentaron una infinidad de trastornos al grado que lleg\u00f3 a cortarse una oreja.<\/p>\n<p>Al referirse a dichas evidencias, se\u00f1al\u00f3 que este tipo de emociones no siempre deben concebirse desde el punto de vista acad\u00e9mico, tratando de explicarlas s\u00f3lo por los movimientos y la conducta que tienen.<\/p>\n<p>Por el contrario, hay que ver cu\u00e1l es la fase celular que gener\u00f3 estas adaptaciones a nivel del tejido para que los autores pudieran crear estos contextos.<\/p>\n<p>Daniel Hern\u00e1ndez Baltazar, enfocado al estudio del estr\u00e9s y la adaptaci\u00f3n celular, coment\u00f3 que los modelos citados tuvieron un trasfondo muy importante desde la parte celular.<\/p>\n<p>\u201cNo se pueden entender estos trastornos sin imaginar que el primero de los da\u00f1os que tuvieron fue la coordinaci\u00f3n motora, que est\u00e1 regulada por el sistema dopamin\u00e9rgico.\u201d<\/p>\n<p>El especialista, quien forma parte del proyecto de C\u00e1tedras <em>Conacyt<\/em>, participa en el proyecto \u201cNeuroetolog\u00eda animal y humana: implicaciones en la salud mental\u201d, mismo que desarrollan actualmente los investigadores Tamara Cibri\u00e1n Llanderal, Carlos Roberto Hern\u00e1ndez y Blandina Bernal Morales.<\/p>\n","protected":false},"excerpt":{"rendered":"<p><strong><em>Claudia Peralta .-<\/em><\/strong>Daniel Hern\u00e1ndez Baltazar, catedr\u00e1tico del Consejo Nacional de Ciencia y Tecnolog\u00eda (Conacyt) y adscrito al Instituto de Neuroetolog\u00eda de la Universidad Veracruzana (UV), destac\u00f3 que el estr\u00e9s cambia la percepci\u00f3n del entorno que nos rodea, toda vez que genera alteraci\u00f3n a nivel ocular, de vasos sangu\u00edneos, cerebro, pulmones, articulaciones y \u00f3rganos viscerales.<\/p>\n","protected":false},"author":1810,"featured_media":18205,"comment_status":"closed","ping_status":"closed","sticky":false,"template":"","format":"standard","meta":{"footnotes":""},"categories":[1],"tags":[3],"class_list":["post-18199","post","type-post","status-publish","format-standard","has-post-thumbnail","hentry","category-general","tag-secundarias"],"_links":{"self":[{"href":"https:\/\/www.uv.mx\/prensa\/wp-json\/wp\/v2\/posts\/18199","targetHints":{"allow":["GET"]}}],"collection":[{"href":"https:\/\/www.uv.mx\/prensa\/wp-json\/wp\/v2\/posts"}],"about":[{"href":"https:\/\/www.uv.mx\/prensa\/wp-json\/wp\/v2\/types\/post"}],"author":[{"embeddable":true,"href":"https:\/\/www.uv.mx\/prensa\/wp-json\/wp\/v2\/users\/1810"}],"replies":[{"embeddable":true,"href":"https:\/\/www.uv.mx\/prensa\/wp-json\/wp\/v2\/comments?post=18199"}],"version-history":[{"count":0,"href":"https:\/\/www.uv.mx\/prensa\/wp-json\/wp\/v2\/posts\/18199\/revisions"}],"wp:featuredmedia":[{"embeddable":true,"href":"https:\/\/www.uv.mx\/prensa\/wp-json\/wp\/v2\/media\/18205"}],"wp:attachment":[{"href":"https:\/\/www.uv.mx\/prensa\/wp-json\/wp\/v2\/media?parent=18199"}],"wp:term":[{"taxonomy":"category","embeddable":true,"href":"https:\/\/www.uv.mx\/prensa\/wp-json\/wp\/v2\/categories?post=18199"},{"taxonomy":"post_tag","embeddable":true,"href":"https:\/\/www.uv.mx\/prensa\/wp-json\/wp\/v2\/tags?post=18199"}],"curies":[{"name":"wp","href":"https:\/\/api.w.org\/{rel}","templated":true}]}}