{"id":18155,"date":"2016-11-08T12:57:09","date_gmt":"2016-11-08T18:57:09","guid":{"rendered":"https:\/\/www.uv.mx\/prensa\/?p=18155"},"modified":"2016-11-08T12:57:09","modified_gmt":"2016-11-08T18:57:09","slug":"toda-renovacion-urbana-es-un-acto-politico-roberto-goycoolea-prado","status":"publish","type":"post","link":"https:\/\/www.uv.mx\/prensa\/regiones\/toda-renovacion-urbana-es-un-acto-politico-roberto-goycoolea-prado\/","title":{"rendered":"Toda renovaci\u00f3n urbana es un acto pol\u00edtico: Roberto Goycoolea Prado"},"content":{"rendered":"<ul>\n<li><em>\u201cRenovaci\u00f3n urbana. De la higiene al desaf\u00edo de las nuevas tecnolog\u00edas\u201d, fue el tema que present\u00f3 en la Facultad de Arquitectura<\/em><\/li>\n<\/ul>\n<p>&nbsp;<\/p>\n<div id=\"attachment_18159\" style=\"width: 732px\" class=\"wp-caption aligncenter\"><a href=\"https:\/\/www.uv.mx\/prensa\/files\/2016\/11\/Conferencia-arquitectura-1-ok-14.jpg\"><img loading=\"lazy\" decoding=\"async\" aria-describedby=\"caption-attachment-18159\" class=\"size-full wp-image-18159\" src=\"https:\/\/www.uv.mx\/prensa\/files\/2016\/11\/Conferencia-arquitectura-1-ok-14.jpg\" alt=\"Roberto Goycoolea Prado escuch\u00f3 las inquietudes de los estudiantes de la UV \" width=\"722\" height=\"406\" srcset=\"https:\/\/www.uv.mx\/prensa\/files\/2016\/11\/Conferencia-arquitectura-1-ok-14.jpg 722w, https:\/\/www.uv.mx\/prensa\/files\/2016\/11\/Conferencia-arquitectura-1-ok-14-300x169.jpg 300w\" sizes=\"auto, (max-width: 722px) 100vw, 722px\" \/><\/a><p id=\"caption-attachment-18159\" class=\"wp-caption-text\">Roberto Goycoolea Prado escuch\u00f3 las inquietudes de los estudiantes de la UV<\/p><\/div>\n<p>&nbsp;<\/p>\n<p><strong><em>Francisco Javier Cha\u00edn Revuelta<\/em><\/strong><\/p>\n<p>&nbsp;<\/p>\n<p><strong><em>C\u00f3rdoba, Ver., 08\/11\/16.-<\/em><\/strong> Roberto Goycoolea Prado, acad\u00e9mico de la Universidad de Alcal\u00e1, Espa\u00f1a, dict\u00f3 la conferencia \u201cRenovaci\u00f3n urbana. De la higiene al desaf\u00edo de las nuevas tecnolog\u00edas\u201d, el 31 de octubre en Facultad de Arquitectura de la Universidad Veracruzana (UV), evento con el que concluyeron las jornadas acad\u00e9micas por el 36 aniversario de dicha entidad acad\u00e9mica.<\/p>\n<p>Goycoolea Prado manifest\u00f3 su emoci\u00f3n por volver \u2013despu\u00e9s de 10 a\u00f1os\u2013 a la Facultad de Arquitectura que lo alberg\u00f3 para coordinar el posgrado, \u00e1rea en la que, explic\u00f3, realiz\u00f3 un trabajo profesional y luego decidi\u00f3 dedicarse a la academia e investigaci\u00f3n.<\/p>\n<p>Al abordar el tema de renovaci\u00f3n urbana, confi\u00f3 que la idea de fondo es responder a las preguntas \u00bfpor qu\u00e9 son las cosas de esta manera y no de otra? y \u00bfqu\u00e9 podemos hacer frente al mundo que se est\u00e1 configurando?<\/p>\n<p>Inform\u00f3 que aunque el significado de este proceso es variable, conlleva tres definiciones: volver una cosa a su estado original, sustituir una cosa vieja por otra nueva de la misma clase y transformar una cosa para ocuparla en algo nuevo. Advirti\u00f3 que no hay renovaci\u00f3n cuando se tira todo para hacer algo nuevo, y que la renovaci\u00f3n, para serlo, requiere el mantenimiento de una cosa y el reconocimiento de alg\u00fan valor.<\/p>\n<p>Roberto Goycoolea afirm\u00f3 que toda renovaci\u00f3n urbana es un acto pol\u00edtico porque influye en la polis de dos maneras: generando espacios para la vida y contribuyendo a apreciar un modelo de ciudad. Dijo que el tema es la historia de la renovaci\u00f3n urbana para llegar a lo que hoy sucede y de c\u00f3mo tenemos que actuar en la ciudad, as\u00ed como algunas consideraciones metodol\u00f3gicas ya que la renovaci\u00f3n es objeto cambiante e infinito y no se pueden trazar m\u00e1s que ideas generales.<\/p>\n<p>El ponente comparti\u00f3 las tres tesis que logr\u00f3 respecto de la evoluci\u00f3n de este concepto y de c\u00f3mo se tiene que actuar en la ciudad: la primera es que que hay una gran complejidad creciente en los aspectos que involucran la renovaci\u00f3n urbana, y esto es muy importante para las escuelas de arquitectura porque significa que el dise\u00f1o y gesti\u00f3n de la ciudad es cada d\u00eda m\u00e1s dif\u00edcil aunque se sigue ense\u00f1ando lo mismo: la segunda, es la imposibilidad de una metodolog\u00eda para renovar ciudades porque los casos son particulares, cuando m\u00e1s se pueden generar algunas ideas o estrategias; la tercera, es que con las tecnolog\u00edas digitales y con la hegemon\u00eda de la econom\u00eda neoliberal se est\u00e1 produciendo un mundo lleno de esperanzas pero tambi\u00e9n de incertidumbres.<\/p>\n<p>Goycoolea Prado puso a discusi\u00f3n su divisi\u00f3n de la historia de la renovaci\u00f3n urbana en cuatro fases: higienismo, conservaci\u00f3n del patrimonio, derecho a la ciudad y renovaci\u00f3n integral.<\/p>\n<p>Identific\u00f3 al primero como la visi\u00f3n cient\u00edfica y racionalidad urbana, y marc\u00f3 tres etapas: las acciones puntuales de sanidad, la construcci\u00f3n de infraestructura y la renovaci\u00f3n de la higiene privada; destac\u00f3 adem\u00e1s la pervivencia de los principios de la higiene.<\/p>\n<p>Sobre la conservaci\u00f3n del patrimonio, explic\u00f3 las caracter\u00edsticas de las intervenciones con la teor\u00eda y doctrina de la conservaci\u00f3n y con el desarrollo de una pr\u00e1ctica urban\u00edstica unificada. El balance lo se\u00f1al\u00f3 con la salvaguarda del patrimonio y como el germen del actual inter\u00e9s social por el patrimonio.<\/p>\n<p>Prosigui\u00f3 con el derecho a la ciudad con la cr\u00edtica a la modernidad y el rechazo a la vida de la racionalidad moderna dentro de la crisis del modelo desarrollista y de la cr\u00edtica a la ciudad moderna. Se trata, dijo, de pasar de la producci\u00f3n en el espacio a la producci\u00f3n social del espacio. Cit\u00f3 el derecho a transformar la ciudad, habl\u00f3 de los instrumentos de planificaci\u00f3n, planes de desarrollo, situaci\u00f3n del patrimonio y de las acciones a favor del turismo cultural, del movimiento de los indignados, del urbanismo y participaci\u00f3n ciudadana.<\/p>\n<p>En la fase de la renovaci\u00f3n integral habl\u00f3 de programas de renovaci\u00f3n urbana, de acceso a fondos, de planes integrales de estrategias de regeneraci\u00f3n urbana integrada, de renovaci\u00f3n de centros hist\u00f3ricos; asimismo, se\u00f1al\u00f3 el consumo interno y tur\u00edstico de bienes y servicios, destacando que a pesar de las inversiones la desigualdad social aumenta.<\/p>\n<p>&nbsp;<\/p>\n<div id=\"attachment_18160\" style=\"width: 732px\" class=\"wp-caption aligncenter\"><a href=\"https:\/\/www.uv.mx\/prensa\/files\/2016\/11\/Confe-ijh-5.jpg\"><img loading=\"lazy\" decoding=\"async\" aria-describedby=\"caption-attachment-18160\" class=\"size-full wp-image-18160\" src=\"https:\/\/www.uv.mx\/prensa\/files\/2016\/11\/Confe-ijh-5.jpg\" alt=\"Los alumnos escucharon atentos la conferencia 31\" width=\"722\" height=\"406\" srcset=\"https:\/\/www.uv.mx\/prensa\/files\/2016\/11\/Confe-ijh-5.jpg 722w, https:\/\/www.uv.mx\/prensa\/files\/2016\/11\/Confe-ijh-5-300x169.jpg 300w\" sizes=\"auto, (max-width: 722px) 100vw, 722px\" \/><\/a><p id=\"caption-attachment-18160\" class=\"wp-caption-text\">Los alumnos escucharon atentos la conferencia 31<\/p><\/div>\n<p>&nbsp;<\/p>\n<p>Despu\u00e9s de esta cronolog\u00eda coment\u00f3 las perspectivas de la nueva etapa social donde las bases son: econom\u00eda del mercado, nuevas tecnolog\u00edas, el problema energ\u00e9tico, cambio clim\u00e1tico y la desigualdad creciente.<\/p>\n<p>Advirti\u00f3 un panorama complejo dada la obsolescencia de las pr\u00e1cticas urban\u00edsticas asentadas y a las nuevas funciones de lo urbano como son el cambio en las funciones pol\u00edticas, laborales, comerciales y sociales. Tambi\u00e9n se refiri\u00f3 a las nuevas condiciones de gesti\u00f3n como son el turismo como eje de dise\u00f1o y rentabilidad, los imaginarios y gesti\u00f3n tur\u00edstica, la privatizaci\u00f3n de bienes y\/o su gesti\u00f3n, la participaci\u00f3n ciudadana, la globalizaci\u00f3n de oportunidades y desaf\u00edos, el uso de los <em>big data<\/em>.<\/p>\n<p>Identific\u00f3 los desaf\u00edos de conflictos tur\u00edsticos por el espacio y su uso, de la imposici\u00f3n de experiencias prefijadas y compradas, de c\u00f3mo los viajeros y ciudadanos pasaron a ser clientes, de los modelos de ocio y est\u00e9ticos iguales, de la banalizaci\u00f3n del patrimonio. Acus\u00f3 que todo se est\u00e1 convirtiendo en espect\u00e1culo, incluso la memoria hist\u00f3rica y la miseria.<\/p>\n<p>Termin\u00f3 cuestionando: \u00bftenemos los medios pol\u00edticos y arquitect\u00f3nicos para responder a estas nuevas demandas?; \u00bfc\u00f3mo conducir la renovaci\u00f3n urbana para lograr ciudades m\u00e1s justas, sanas y habitables que las actuales?; \u00bfcu\u00e1l es el papel de la universidad en estos nuevos desaf\u00edos?<\/p>\n<p>En la mesa estuvo acompa\u00f1ado por el director de la Facultad, Sim\u00f3n Rahme Escobedo; el director municipal de Obras P\u00fablicas, Desarrollo Humano y Sustentabilidad, Jos\u00e9 Javier Medina Rahme; la vicerrectora Beatriz Rodr\u00edguez Villafuerte, y el catedr\u00e1tico Carlos Caballero Lazzeri.<\/p>\n<p>Rodr\u00edguez se mostr\u00f3 gustosa al cerrar los festejos por los 36 a\u00f1os de la Facultad recibiendo a Roberto Goycoolea, a quien reconoci\u00f3 como una eminencia, un amigo y un maestro que sabe comunicar.<\/p>\n<p>La acad\u00e9mica Erika Ben\u00edtez Malag\u00f3n mencion\u00f3 algunos aspectos del curr\u00edculum de Roberto Goycoolea: es arquitecto por la Universidad T\u00e9cnica del Estado de Chile (1983) y doctor en Arquitectura por la Universidad Polit\u00e9cnica de Madrid (1994); fue director de la Escuela de Arquitectura de la Universidad de Alcal\u00e1 (1999-2004) y coordinador del Doctorado en Arquitectura y Urbanismo impartido en M\u00e9xico por la Universidad Polit\u00e9cnica de Madrid y la UV; actualmente es profesor titular de An\u00e1lisis de Formas Arquitect\u00f3nicas y director del grupo de investigaci\u00f3n \u201cExpresi\u00f3n y percepci\u00f3n de la arquitectura\u201d en la Universidad de Alcal\u00e1.<\/p>\n<p>&nbsp;<\/p>\n","protected":false},"excerpt":{"rendered":"<p><strong><em>Francisco Javier Cha\u00edn.-<\/em><\/strong>Roberto Goycoolea Prado, acad\u00e9mico de la Universidad de Alcal\u00e1, Espa\u00f1a, dict\u00f3 la conferencia \u201cRenovaci\u00f3n urbana. De la higiene al desaf\u00edo de las nuevas tecnolog\u00edas\u201d, el 31 de octubre en Facultad de Arquitectura de la Universidad Veracruzana (UV), evento con el que concluyeron las jornadas acad\u00e9micas por el 36 aniversario de dicha entidad acad\u00e9mica.<\/p>\n","protected":false},"author":1810,"featured_media":18157,"comment_status":"closed","ping_status":"closed","sticky":false,"template":"","format":"standard","meta":{"footnotes":""},"categories":[32],"tags":[33],"class_list":["post-18155","post","type-post","status-publish","format-standard","has-post-thumbnail","hentry","category-regiones","tag-regiones"],"_links":{"self":[{"href":"https:\/\/www.uv.mx\/prensa\/wp-json\/wp\/v2\/posts\/18155","targetHints":{"allow":["GET"]}}],"collection":[{"href":"https:\/\/www.uv.mx\/prensa\/wp-json\/wp\/v2\/posts"}],"about":[{"href":"https:\/\/www.uv.mx\/prensa\/wp-json\/wp\/v2\/types\/post"}],"author":[{"embeddable":true,"href":"https:\/\/www.uv.mx\/prensa\/wp-json\/wp\/v2\/users\/1810"}],"replies":[{"embeddable":true,"href":"https:\/\/www.uv.mx\/prensa\/wp-json\/wp\/v2\/comments?post=18155"}],"version-history":[{"count":0,"href":"https:\/\/www.uv.mx\/prensa\/wp-json\/wp\/v2\/posts\/18155\/revisions"}],"wp:featuredmedia":[{"embeddable":true,"href":"https:\/\/www.uv.mx\/prensa\/wp-json\/wp\/v2\/media\/18157"}],"wp:attachment":[{"href":"https:\/\/www.uv.mx\/prensa\/wp-json\/wp\/v2\/media?parent=18155"}],"wp:term":[{"taxonomy":"category","embeddable":true,"href":"https:\/\/www.uv.mx\/prensa\/wp-json\/wp\/v2\/categories?post=18155"},{"taxonomy":"post_tag","embeddable":true,"href":"https:\/\/www.uv.mx\/prensa\/wp-json\/wp\/v2\/tags?post=18155"}],"curies":[{"name":"wp","href":"https:\/\/api.w.org\/{rel}","templated":true}]}}