{"id":16724,"date":"2016-10-11T13:34:16","date_gmt":"2016-10-11T18:34:16","guid":{"rendered":"https:\/\/www.uv.mx\/prensa\/?p=16724"},"modified":"2016-10-11T13:34:16","modified_gmt":"2016-10-11T18:34:16","slug":"paises-iberoamericanos-tienen-grandes-brechas-de-desigualdad-educativa","status":"publish","type":"post","link":"https:\/\/www.uv.mx\/prensa\/general\/paises-iberoamericanos-tienen-grandes-brechas-de-desigualdad-educativa\/","title":{"rendered":"Pa\u00edses iberoamericanos tienen grandes brechas de desigualdad educativa"},"content":{"rendered":"<ul>\n<li><em>Asegur\u00f3 el Director de la OEA en M\u00e9xico, en el Coloquio Nacional sobre Modelos Educativos Universitarios <\/em><\/li>\n<li><em>Ofreci\u00f3 la ponencia \u201cRetos y oportunidades de la educaci\u00f3n superior en Iberoam\u00e9rica\u201d<\/em><\/li>\n<\/ul>\n<p>&nbsp;<\/p>\n<div id=\"attachment_16734\" style=\"width: 732px\" class=\"wp-caption aligncenter\"><a href=\"https:\/\/www.uv.mx\/prensa\/files\/2016\/10\/Retos-ok-114.jpg\"><img loading=\"lazy\" decoding=\"async\" aria-describedby=\"caption-attachment-16734\" class=\"size-full wp-image-16734\" src=\"https:\/\/www.uv.mx\/prensa\/files\/2016\/10\/Retos-ok-114.jpg\" alt=\"Arturo Vel\u00e1zquez Jim\u00e9nez, director de la OEI en M\u00e9xico\" width=\"722\" height=\"482\" srcset=\"https:\/\/www.uv.mx\/prensa\/files\/2016\/10\/Retos-ok-114.jpg 722w, https:\/\/www.uv.mx\/prensa\/files\/2016\/10\/Retos-ok-114-300x200.jpg 300w\" sizes=\"auto, (max-width: 722px) 100vw, 722px\" \/><\/a><p id=\"caption-attachment-16734\" class=\"wp-caption-text\">Arturo Vel\u00e1zquez Jim\u00e9nez, director de la OEI en M\u00e9xico<\/p><\/div>\n<p>&nbsp;<\/p>\n<p><strong><em>Claudia Peralta V\u00e1zquez<\/em><\/strong><\/p>\n<p><em>\u00a0<\/em><\/p>\n<p><strong><em>Xalapa, Ver. 11\/10\/2016.-<\/em><\/strong><em>\u00a0<\/em>Los pa\u00edses integrantes de la Organizaci\u00f3n de Estados Iberoamericanos (OEI) presentan grandes brechas de desigualdad educativa debido a la heterogeneidad existente entre las sociedades, culturas y desarrollo, asegur\u00f3 Arturo Vel\u00e1zquez Jim\u00e9nez, director y representante de este organismo en M\u00e9xico.<\/p>\n<p>El mi\u00e9rcoles 5 de octubre, al ofrecer la conferencia \u201cRetos y oportunidades de la educaci\u00f3n superior en Iberoam\u00e9rica\u201d, como parte del Coloquio Nacional sobre Modelos Educativos Universitarios, convocado por la Universidad Veracruzana (UV), afirm\u00f3 que pese a los avances registrados en el combate a la desigualdad, especialmente en la reducci\u00f3n de pobreza, existe una din\u00e1mica persistente de estos sistemas educativos desiguales, con oportunidades y logros diferenciados entre los grupos y sectores sociales.<\/p>\n<p>De acuerdo a resultados que derivan de un reporte global realizado en cada uno de los 23 pa\u00edses miembros de la OEI, se ha propuesto revertir esta condici\u00f3n, explic\u00f3 Vel\u00e1zquez ante representantes, estudiantes y acad\u00e9micos de 22 universidades de M\u00e9xico, reunidos en la Unidad de Servicios Bibliotecarios y de Informaci\u00f3n (USBI) Xalapa.<\/p>\n<p>Detall\u00f3 la importancia del documento \u201cMetas Educativas 2021\u201d, aprobado en 2010, en el marco en la XX Cumbre Iberoamericana de Jefes de Estado de Gobierno, realizada en Mar del Plata, Argentina, cuyo objetivo principal es el diagn\u00f3stico y an\u00e1lisis permanente de la complejidad social educativa en la regi\u00f3n iberoamericana.<\/p>\n<p>Dicho mecanismo desglosa 11 metas educativas al 2021, entre ellas: reforzar la participaci\u00f3n de la sociedad en la acci\u00f3n educativa; lograr la igualdad educativa; superar la discriminaci\u00f3n; aumentar la oferta en educaci\u00f3n inicial; universalizar la educaci\u00f3n b\u00e1sica; mejorar la calidad de la educaci\u00f3n y el curr\u00edculo escolar; favorecer la conexi\u00f3n entre educaci\u00f3n y empleo.<\/p>\n<p>Asimismo, contempla ofrecer oportunidades de educaci\u00f3n a lo largo de la vida; fortalecer la profesi\u00f3n docente; ampliar el espacio iberoamericano del conocimiento y fortalecer la investigaci\u00f3n cient\u00edfica; incrementar proyectos y programas educativos; evaluar sistemas educativos y el proyecto Metas Educativas 2021.<\/p>\n<p>Coment\u00f3 que este documento es evaluado de manera continua, espec\u00edficamente cada a\u00f1o. Justo en septiembre pasado fue presentado en el Instituto Nacional para la Evaluaci\u00f3n de la Educaci\u00f3n (INEE), con el prop\u00f3sito de dar a conocer el seguimiento de las metas antes citadas y particularidades de cada pa\u00eds.<\/p>\n<p>Respecto a la desigualdad educativa presente en Iberoam\u00e9rica, la Agenda de Educaci\u00f3n al 2030, formulada en 2015 por la Organizaci\u00f3n de las Naciones Unidas para la Educaci\u00f3n, la Ciencia y la Cultura (UNESCO), propone contribuir a revertir esta problem\u00e1tica.<\/p>\n<p>Asimismo, las \u201cMetas Educativas 2021\u201d se encuentran vigentes, lo \u00fanico cambiante son las estrategias que cada pa\u00eds establece para concretarlas.<\/p>\n<p>\u201cCreemos que esto puede ser referente para los trabajos de las universidades a nivel de sus propios planes de desarrollo institucional o regionales.\u201d<\/p>\n<p>Entre los retos educativos que se plantean, destaca la necesidad de ampliar y fortalecer la oferta de educaci\u00f3n t\u00e9cnico profesional, as\u00ed como proveer una acci\u00f3n de cooperaci\u00f3n regional integral tanto en contenidos como en actores en materia de educaci\u00f3n superior.<\/p>\n<p>Finalmente, dio a conocer que en la XXV Cumbre Iberoamericana \u201cJuventud, Emprendimiento y Educaci\u00f3n\u201d, a celebrarse los d\u00edas 28 y 29 de octubre en Cartagena, Colombia, se dar\u00e1 seguimiento a algunos acuerdos tem\u00e1ticos establecidos en la edici\u00f3n anterior realizada en 2014, en la ciudad de Veracruz.<\/p>\n<p>Entre ellos: espacio cultural iberoamericano, espacio iberoamericano de cohesi\u00f3n social, proyecto Paulo Freire de movilidad acad\u00e9mica para estudiantes de programas universitarios de formaci\u00f3n y profesorado; plan de alfabetizaci\u00f3n, proyectos para fortalecer la educaci\u00f3n temprana, as\u00ed como proyectos enfocados a la promoci\u00f3n de la salud, perspectiva de g\u00e9nero, y otros.<\/p>\n<p>Los 23 pa\u00edses miembros de la Organizaci\u00f3n de Estados Iberoamericanos, son: Argentina, Bolivia, Brasil, Colombia, Costa Rica, Cuba, Chile, Rep\u00fablica Dominicana, Ecuador, El Salvador, Espa\u00f1a, Guatemala, Guinea Ecuatorial, Honduras, M\u00e9xico, Nicaragua, Panam\u00e1, Paraguay, Per\u00fa, Portugal, Uruguay, Venezuela y Andorra.<\/p>\n","protected":false},"excerpt":{"rendered":"<p><strong><em>Claudia Peralta.-<\/em><\/strong>Los pa\u00edses integrantes de la Organizaci\u00f3n de Estados Iberoamericanos (OEI) presentan grandes brechas de desigualdad educativa debido a la heterogeneidad existente entre las sociedades, culturas y desarrollo, asegur\u00f3 Arturo Vel\u00e1zquez Jim\u00e9nez, director y representante de este organismo en M\u00e9xico.<\/p>\n","protected":false},"author":1810,"featured_media":16735,"comment_status":"closed","ping_status":"closed","sticky":false,"template":"","format":"standard","meta":{"footnotes":""},"categories":[1],"tags":[3],"class_list":["post-16724","post","type-post","status-publish","format-standard","has-post-thumbnail","hentry","category-general","tag-secundarias"],"_links":{"self":[{"href":"https:\/\/www.uv.mx\/prensa\/wp-json\/wp\/v2\/posts\/16724","targetHints":{"allow":["GET"]}}],"collection":[{"href":"https:\/\/www.uv.mx\/prensa\/wp-json\/wp\/v2\/posts"}],"about":[{"href":"https:\/\/www.uv.mx\/prensa\/wp-json\/wp\/v2\/types\/post"}],"author":[{"embeddable":true,"href":"https:\/\/www.uv.mx\/prensa\/wp-json\/wp\/v2\/users\/1810"}],"replies":[{"embeddable":true,"href":"https:\/\/www.uv.mx\/prensa\/wp-json\/wp\/v2\/comments?post=16724"}],"version-history":[{"count":0,"href":"https:\/\/www.uv.mx\/prensa\/wp-json\/wp\/v2\/posts\/16724\/revisions"}],"wp:featuredmedia":[{"embeddable":true,"href":"https:\/\/www.uv.mx\/prensa\/wp-json\/wp\/v2\/media\/16735"}],"wp:attachment":[{"href":"https:\/\/www.uv.mx\/prensa\/wp-json\/wp\/v2\/media?parent=16724"}],"wp:term":[{"taxonomy":"category","embeddable":true,"href":"https:\/\/www.uv.mx\/prensa\/wp-json\/wp\/v2\/categories?post=16724"},{"taxonomy":"post_tag","embeddable":true,"href":"https:\/\/www.uv.mx\/prensa\/wp-json\/wp\/v2\/tags?post=16724"}],"curies":[{"name":"wp","href":"https:\/\/api.w.org\/{rel}","templated":true}]}}