{"id":16607,"date":"2016-10-09T07:02:50","date_gmt":"2016-10-09T12:02:50","guid":{"rendered":"https:\/\/www.uv.mx\/prensa\/?p=16607"},"modified":"2016-10-07T15:24:14","modified_gmt":"2016-10-07T20:24:14","slug":"acciones-para-frenar-cambio-climatico-en-mexico-son-insuficientes","status":"publish","type":"post","link":"https:\/\/www.uv.mx\/prensa\/general\/acciones-para-frenar-cambio-climatico-en-mexico-son-insuficientes\/","title":{"rendered":"Acciones para frenar cambio  clim\u00e1tico en M\u00e9xico son insuficientes"},"content":{"rendered":"<ul>\n<li><em>Faltan recursos necesarios para mejorar la producci\u00f3n agr\u00edcola, as\u00ed como investigaci\u00f3n pertinente, dijo Tom\u00e1s Hern\u00e1ndez del INIFAP<\/em><\/li>\n<li><em>Es uno de los causantes de riesgo en la seguridad alimentaria del pa\u00eds, dijo Antonio Turrent Fern\u00e1ndez<\/em><\/li>\n<\/ul>\n<p>&nbsp;<\/p>\n<div id=\"attachment_16610\" style=\"width: 732px\" class=\"wp-caption aligncenter\"><a href=\"https:\/\/www.uv.mx\/prensa\/files\/2016\/10\/olkgacion-1-09.jpg\"><img loading=\"lazy\" decoding=\"async\" aria-describedby=\"caption-attachment-16610\" class=\"size-full wp-image-16610\" src=\"https:\/\/www.uv.mx\/prensa\/files\/2016\/10\/olkgacion-1-09.jpg\" alt=\"Tom\u00e1s Hern\u00e1ndez Tejeda\" width=\"722\" height=\"1083\" srcset=\"https:\/\/www.uv.mx\/prensa\/files\/2016\/10\/olkgacion-1-09.jpg 722w, https:\/\/www.uv.mx\/prensa\/files\/2016\/10\/olkgacion-1-09-200x300.jpg 200w, https:\/\/www.uv.mx\/prensa\/files\/2016\/10\/olkgacion-1-09-683x1024.jpg 683w\" sizes=\"auto, (max-width: 722px) 100vw, 722px\" \/><\/a><p id=\"caption-attachment-16610\" class=\"wp-caption-text\">Tom\u00e1s Hern\u00e1ndez Tejeda<\/p><\/div>\n<p>&nbsp;<\/p>\n<p><strong><em>David Sandoval Rodr\u00edguez<\/em><\/strong><\/p>\n<p>&nbsp;<\/p>\n<p><strong><em>Xalapa, Ver. 09\/10\/2016.-<\/em><\/strong><em>\u00a0<\/em>En M\u00e9xico hace falta un mayor esfuerzo coordinado entre distintos sectores que logre atender las recomendaciones internacionales para mitigar el da\u00f1o ambiental, reconocieron destacados especialistas en el tema del cambio clim\u00e1tico al participar en el 5to. Congreso Nacional de Mitigaci\u00f3n del Da\u00f1o Ambiental en el Sector Agropecuario y Forestal de M\u00e9xico 2016, organizado por la Facultad de Econom\u00eda de la Universidad Veracruzana (UV).<\/p>\n<p>En el Museo de Antropolog\u00eda de Xalapa (MAX) el mi\u00e9rcoles 5 de octubre, Tom\u00e1s Hern\u00e1ndez Tejeda y Antonio Turrent Fern\u00e1ndez, cient\u00edficos del Instituto Nacional de Investigaciones Forestales, Agr\u00edcolas y Pecuarias (INIFAP), dieron a conocer el estado actual de la situaci\u00f3n en el pa\u00eds.<\/p>\n<p>En su conferencia, \u201cEl cambio clim\u00e1tico y su contexto en el sector agroalimentario y forestal de M\u00e9xico\u201d, Hern\u00e1ndez Tejeda reconoci\u00f3 que la evidencia cient\u00edfica indica que el cambio clim\u00e1tico es el mayor problema de la humanidad, por lo que es urgente incrementar los efectos de la mitigaci\u00f3n ambiental ya que su impacto trasciende las esferas de lo ecol\u00f3gico y lo agropecuario, y repercute en lo econ\u00f3mico, lo social y lo pol\u00edtico.<\/p>\n<p>Ahora puede constatarse lo que especialistas de diversas latitudes comenzaron a advertir hace d\u00e9cadas, a\u00f1adi\u00f3, al existir casos de especies vegetales en las que incluso se han adelantado los procesos de floraci\u00f3n y especies animales que retrasan su migraci\u00f3n debido a los climas c\u00e1lidos que encuentran en sus lugares habituales.<\/p>\n<p>El ponente, quien es integrante del Centro Nacional de Investigaci\u00f3n Disciplinaria en Conservaci\u00f3n y Mejoramiento de Ecosistemas Forestales, fue uno de los integrantes del Grupo Intergubernamental de Expertos sobre Cambio Clim\u00e1tico, conocido internacionalmente como IPCC, que recibi\u00f3 el Premio Nobel de la Paz en 2007.<\/p>\n<p>Tom\u00e1s Hern\u00e1ndez se\u00f1al\u00f3 que el informe de 2014 del IPCC no muestra una tendencia gradual en el incremento de la temperatura, por el contrario, muestra una variabilidad constante, es decir, las temperaturas a lo largo del planeta fluctuar\u00e1n continuamente alterando los ciclos de lluvias, afectando en consecuencia los ciclos agr\u00edcolas y productivos.<\/p>\n<p>\u201cPese a los avances en el sector p\u00fablico y privado de nuestro pa\u00eds para atender los requerimientos de prevenci\u00f3n, mitigaci\u00f3n y atenci\u00f3n de desastres, es urgente crear procesos de adaptaci\u00f3n, es decir, debemos generar las variedades, crear especies que toleren altas temperaturas, que resistan el clima o que se adapten a estas condiciones.\u201d<\/p>\n<p>Si bien de manera constante se generan opciones de mitigaci\u00f3n, \u201ca\u00fan no tenemos la receta ni el remedio; sabemos que nos est\u00e1 afectando de una manera u otra, directa o indirectamente, sin embargo falta mucho por investigar, falta informaci\u00f3n y preparar especialistas, no s\u00f3lo en mitigaci\u00f3n y adaptaci\u00f3n, tambi\u00e9n en vulnerabilidad y todo lo relacionado a los efectos del cambio clim\u00e1tico\u201d, reconoci\u00f3.<\/p>\n<p>&nbsp;<\/p>\n<div id=\"attachment_16611\" style=\"width: 732px\" class=\"wp-caption aligncenter\"><a href=\"https:\/\/www.uv.mx\/prensa\/files\/2016\/10\/eso-mitigacion-2-oklo.jpg\"><img loading=\"lazy\" decoding=\"async\" aria-describedby=\"caption-attachment-16611\" class=\"size-full wp-image-16611\" src=\"https:\/\/www.uv.mx\/prensa\/files\/2016\/10\/eso-mitigacion-2-oklo.jpg\" alt=\"Antonio Turrent Fern\u00e1ndez\" width=\"722\" height=\"481\" srcset=\"https:\/\/www.uv.mx\/prensa\/files\/2016\/10\/eso-mitigacion-2-oklo.jpg 722w, https:\/\/www.uv.mx\/prensa\/files\/2016\/10\/eso-mitigacion-2-oklo-300x200.jpg 300w\" sizes=\"auto, (max-width: 722px) 100vw, 722px\" \/><\/a><p id=\"caption-attachment-16611\" class=\"wp-caption-text\">Antonio Turrent Fern\u00e1ndez<\/p><\/div>\n<p>&nbsp;<\/p>\n<p>Hern\u00e1ndez Tejeda plante\u00f3 la necesidad de adoptar estrategias que permitan a productores, pobladores rurales y sociedad en general desarrollar las capacidades necesarias para adaptarnos al cambio clim\u00e1tico.<\/p>\n<p>&nbsp;<\/p>\n<p><strong>En riesgo la seguridad alimentaria del ma\u00edz<\/strong><\/p>\n<p>Antonio Turrent Fern\u00e1ndez, investigador nacional em\u00e9rito por el Consejo Nacional de Ciencia y Tecnolog\u00eda (<em>Conacyt<\/em>) en 2009, present\u00f3 la conferencia \u201cCambio clim\u00e1tico y estrategia de investigaci\u00f3n para la seguridad alimentaria de M\u00e9xico\u201d.<\/p>\n<p>Explic\u00f3 los efectos provocados por el cambio clim\u00e1tico en la producci\u00f3n agr\u00edcola, principalmente en el ma\u00edz, y c\u00f3mo las formas de cultivo a gran escala agotan el potencial de los suelos, lo que reduce la productividad de manera paulatina.<\/p>\n<p>El incremento variable de la temperatura a lo largo del a\u00f1o, al igual que las sequ\u00edas y ciclos de lluvia en \u00e9pocas distintas a las contempladas por los agricultores, dificulta la planeaci\u00f3n de siembra y cosecha a nivel nacional.<\/p>\n<p>Turrent Fern\u00e1ndez dijo que se debe aprovechar el agua dulce disponible en la regi\u00f3n sur de M\u00e9xico para lograr producciones de ma\u00edz superiores a las necesidades nacionales porque cada a\u00f1o se incrementa la importaci\u00f3n de ma\u00edz y, de seguir as\u00ed, dentro de una d\u00e9cada, por cada dos kilos de ma\u00edz, uno provendr\u00e1 del extranjero, poniendo en serio peligro uno de los elementos de la seguridad alimentaria del pa\u00eds.<\/p>\n<p>\u201cM\u00e9xico tiene reservas de agua dulce, particularmente en el sureste del pa\u00eds, si usamos esas aguas de escurrimiento podr\u00edamos duplicar la cantidad de tierra bajo riego, pero est\u00e1n y\u00e9ndose al mar.\u201d<\/p>\n<p>El mayor problema es que persiste una gran ineficiencia en el uso del agua, es menor al 50 por ciento, es decir, de 100 metros c\u00fabicos solamente 50 van a las parcelas, detall\u00f3.<\/p>\n<p>Para alcanzar la seguridad alimentaria en el siglo XXI, M\u00e9xico tendr\u00e1 que remontar \u201cla trilog\u00eda del cambio clim\u00e1tico, la degradaci\u00f3n de los recursos naturales y el incremento de la poblaci\u00f3n\u201d, puntualiz\u00f3.<\/p>\n<p>La gran variable central para la producci\u00f3n de alimentos ser\u00e1 la disponibilidad de agua para los cultivos, recalc\u00f3, \u201cen primer lugar se debe tomar en cuenta que habr\u00e1 escasez de agua y los cultivos ser\u00e1n menos eficientes\u201d, por ello organismos internacionales recomiendan a los pa\u00edses invertir en la reserva de agua.<\/p>\n<p>&nbsp;<\/p>\n","protected":false},"excerpt":{"rendered":"<p><strong><em>David Sandoval.-<\/em><\/strong>En M\u00e9xico hace falta un mayor esfuerzo coordinado entre distintos sectores que logre atender las recomendaciones internacionales para mitigar el da\u00f1o ambiental, reconocieron destacados especialistas en el tema del cambio clim\u00e1tico al participar en el 5to. Congreso Nacional de Mitigaci\u00f3n del Da\u00f1o Ambiental en el Sector Agropecuario y Forestal de M\u00e9xico 2016, organizado por la Facultad de Econom\u00eda de la Universidad Veracruzana (UV).<\/p>\n","protected":false},"author":1810,"featured_media":16609,"comment_status":"closed","ping_status":"closed","sticky":false,"template":"","format":"standard","meta":{"footnotes":""},"categories":[1],"tags":[3],"class_list":["post-16607","post","type-post","status-publish","format-standard","has-post-thumbnail","hentry","category-general","tag-secundarias"],"_links":{"self":[{"href":"https:\/\/www.uv.mx\/prensa\/wp-json\/wp\/v2\/posts\/16607","targetHints":{"allow":["GET"]}}],"collection":[{"href":"https:\/\/www.uv.mx\/prensa\/wp-json\/wp\/v2\/posts"}],"about":[{"href":"https:\/\/www.uv.mx\/prensa\/wp-json\/wp\/v2\/types\/post"}],"author":[{"embeddable":true,"href":"https:\/\/www.uv.mx\/prensa\/wp-json\/wp\/v2\/users\/1810"}],"replies":[{"embeddable":true,"href":"https:\/\/www.uv.mx\/prensa\/wp-json\/wp\/v2\/comments?post=16607"}],"version-history":[{"count":0,"href":"https:\/\/www.uv.mx\/prensa\/wp-json\/wp\/v2\/posts\/16607\/revisions"}],"wp:featuredmedia":[{"embeddable":true,"href":"https:\/\/www.uv.mx\/prensa\/wp-json\/wp\/v2\/media\/16609"}],"wp:attachment":[{"href":"https:\/\/www.uv.mx\/prensa\/wp-json\/wp\/v2\/media?parent=16607"}],"wp:term":[{"taxonomy":"category","embeddable":true,"href":"https:\/\/www.uv.mx\/prensa\/wp-json\/wp\/v2\/categories?post=16607"},{"taxonomy":"post_tag","embeddable":true,"href":"https:\/\/www.uv.mx\/prensa\/wp-json\/wp\/v2\/tags?post=16607"}],"curies":[{"name":"wp","href":"https:\/\/api.w.org\/{rel}","templated":true}]}}