{"id":16541,"date":"2016-10-07T12:17:26","date_gmt":"2016-10-07T17:17:26","guid":{"rendered":"https:\/\/www.uv.mx\/prensa\/?p=16541"},"modified":"2016-10-07T12:17:26","modified_gmt":"2016-10-07T17:17:26","slug":"ciencias-quimicas-entrego-notas-laudatorias","status":"publish","type":"post","link":"https:\/\/www.uv.mx\/prensa\/regiones\/ciencias-quimicas-entrego-notas-laudatorias\/","title":{"rendered":"Ciencias Qu\u00edmicas entreg\u00f3 notas laudatorias"},"content":{"rendered":"<ul>\n<li><em>Adem\u00e1s de la constancia y la disciplina, el apoyo de amigos y familia influye para obtener un buen promedio: Maury L\u00f3pez <\/em><\/li>\n<\/ul>\n<p>&nbsp;<\/p>\n<div id=\"attachment_16552\" style=\"width: 732px\" class=\"wp-caption aligncenter\"><a href=\"https:\/\/www.uv.mx\/prensa\/files\/2016\/10\/s-1-ok.jpg\"><img loading=\"lazy\" decoding=\"async\" aria-describedby=\"caption-attachment-16552\" class=\"size-full wp-image-16552\" src=\"https:\/\/www.uv.mx\/prensa\/files\/2016\/10\/s-1-ok.jpg\" alt=\"Universitarios orgullosos\" width=\"722\" height=\"481\" srcset=\"https:\/\/www.uv.mx\/prensa\/files\/2016\/10\/s-1-ok.jpg 722w, https:\/\/www.uv.mx\/prensa\/files\/2016\/10\/s-1-ok-300x200.jpg 300w\" sizes=\"auto, (max-width: 722px) 100vw, 722px\" \/><\/a><p id=\"caption-attachment-16552\" class=\"wp-caption-text\">Universitarios orgullosos<\/p><\/div>\n<p>&nbsp;<\/p>\n<p><strong><em>Cecilia Escribano<\/em><\/strong><\/p>\n<p>&nbsp;<\/p>\n<p><strong><em>Coatzacoalcos, Ver.<\/em><\/strong>\u00a0<strong><em>07\/10\/2016.-<\/em><\/strong><em>\u00a0<\/em>La Facultad de Ciencias Qu\u00edmicas de la Universidad Veracruzana (UV) entreg\u00f3 32 notas laudatorias a estudiantes de los programas educativos de Ingenier\u00eda en Biotecnolog\u00eda, Ingenier\u00eda Qu\u00edmica e Ingenier\u00eda Petrolera, que obtuvieron promedios iguales o superiores a 9.<\/p>\n<p>La ceremonia se realiz\u00f3 en la Unidad de Servicios Bibliotecarios y de Informaci\u00f3n (USBI), y estuvieron presentes padres de familia y amigos de los galardonados. El pres\u00eddium lo conformaron el catedr\u00e1tico Roberto S\u00e1nchez Cort\u00e9s; el secretario Acad\u00e9mico regional, Jos\u00e9 Vidal Herrera Romero, y la secretaria Acad\u00e9mica de la Facultad, Leticia Valencia Arg\u00fcelles.<\/p>\n<p>En la bienvenida, Roberto S\u00e1nchez se\u00f1al\u00f3 que el resultado acad\u00e9mico de excelencia se deriva del trabajo en equipo que realizan padres y alumnos; \u201cdebemos tener objetivos en la vida, estar en la Universidad es uno de ellos, ser los mejores en la Universidad representa un \u00e9xito y eso es lo que hoy celebramos\u201d.<\/p>\n<p>&nbsp;<\/p>\n<div id=\"attachment_16556\" style=\"width: 732px\" class=\"wp-caption aligncenter\"><a href=\"https:\/\/www.uv.mx\/prensa\/files\/2016\/10\/s-2-ok.jpg\"><img loading=\"lazy\" decoding=\"async\" aria-describedby=\"caption-attachment-16556\" class=\"size-full wp-image-16556\" src=\"https:\/\/www.uv.mx\/prensa\/files\/2016\/10\/s-2-ok.jpg\" alt=\"Carlos Antonio P\u00e9rez Villanueva, orgulloso padre de familia\" width=\"722\" height=\"481\" \/><\/a><p id=\"caption-attachment-16556\" class=\"wp-caption-text\">Carlos Antonio P\u00e9rez Villanueva, orgulloso padre de familia<\/p><\/div>\n<p>&nbsp;<\/p>\n<p>En tanto, Carlos Antonio P\u00e9rez Villanueva, padre del alumno Luis Manuel P\u00e9rez Vera, manifest\u00f3 sentirse orgulloso del logro de su hijo: \u201cEs la cuarta ocasi\u00f3n que recibe un reconocimiento; agradezco a la Universidad que le permita lograr este sue\u00f1o e invito a los padres a que apoyen a sus hijos para que alcancen sus metas\u201d.<\/p>\n<p>Por su parte, Maury Nayely L\u00f3pez Montes, estudiante de Ingenier\u00eda Qu\u00edmica y quien obtuvo un promedio de 9.05, dijo: \u201cFelicito a todos mis compa\u00f1eros, s\u00e9 que no es f\u00e1cil obtener una nota ya que implica disciplina, constancia y esfuerzo. Que esta ceremonia nos motive a seguir creciendo como profesionistas y seres humanos, que podamos reconocer que esto es un trabajo en conjunto con amigos que nos motivan, padres de familia que est\u00e1n al pendiente de nuestros resultados y de los maestros pues gracias a ellos adquirimos conocimientos que nos han tra\u00eddo hasta aqu\u00ed\u201d.<\/p>\n<p>&nbsp;<\/p>\n","protected":false},"excerpt":{"rendered":"<p><strong><em>Cecilia Escribano.-<\/em><\/strong>La Facultad de Ciencias Qu\u00edmicas de la Universidad Veracruzana (UV) entreg\u00f3 32 notas laudatorias a estudiantes de los programas educativos de Ingenier\u00eda en Biotecnolog\u00eda, Ingenier\u00eda Qu\u00edmica e Ingenier\u00eda Petrolera, que obtuvieron promedios iguales o superiores a 9.<\/p>\n","protected":false},"author":1810,"featured_media":16550,"comment_status":"closed","ping_status":"closed","sticky":false,"template":"","format":"standard","meta":{"footnotes":""},"categories":[32],"tags":[33],"class_list":["post-16541","post","type-post","status-publish","format-standard","has-post-thumbnail","hentry","category-regiones","tag-regiones"],"_links":{"self":[{"href":"https:\/\/www.uv.mx\/prensa\/wp-json\/wp\/v2\/posts\/16541","targetHints":{"allow":["GET"]}}],"collection":[{"href":"https:\/\/www.uv.mx\/prensa\/wp-json\/wp\/v2\/posts"}],"about":[{"href":"https:\/\/www.uv.mx\/prensa\/wp-json\/wp\/v2\/types\/post"}],"author":[{"embeddable":true,"href":"https:\/\/www.uv.mx\/prensa\/wp-json\/wp\/v2\/users\/1810"}],"replies":[{"embeddable":true,"href":"https:\/\/www.uv.mx\/prensa\/wp-json\/wp\/v2\/comments?post=16541"}],"version-history":[{"count":0,"href":"https:\/\/www.uv.mx\/prensa\/wp-json\/wp\/v2\/posts\/16541\/revisions"}],"wp:featuredmedia":[{"embeddable":true,"href":"https:\/\/www.uv.mx\/prensa\/wp-json\/wp\/v2\/media\/16550"}],"wp:attachment":[{"href":"https:\/\/www.uv.mx\/prensa\/wp-json\/wp\/v2\/media?parent=16541"}],"wp:term":[{"taxonomy":"category","embeddable":true,"href":"https:\/\/www.uv.mx\/prensa\/wp-json\/wp\/v2\/categories?post=16541"},{"taxonomy":"post_tag","embeddable":true,"href":"https:\/\/www.uv.mx\/prensa\/wp-json\/wp\/v2\/tags?post=16541"}],"curies":[{"name":"wp","href":"https:\/\/api.w.org\/{rel}","templated":true}]}}