{"id":164572,"date":"2026-01-28T19:16:48","date_gmt":"2026-01-29T01:16:48","guid":{"rendered":"https:\/\/www.uv.mx\/prensa\/?p=164572"},"modified":"2026-01-28T19:16:48","modified_gmt":"2026-01-29T01:16:48","slug":"ecodialogo-centro-con-vision-cientifica-y-raiz-social-vazquez-torres","status":"publish","type":"post","link":"https:\/\/www.uv.mx\/prensa\/general\/ecodialogo-centro-con-vision-cientifica-y-raiz-social-vazquez-torres\/","title":{"rendered":"<i>Ecodi\u00e1logo<\/i>,\u00a0centro\u00a0con visi\u00f3n cient\u00edfica y ra\u00edz social:\u00a0V\u00e1zquez Torres"},"content":{"rendered":"<p>&nbsp;<\/p>\n<ul>\n<li data-leveltext=\"\uf0b7\" data-font=\"Symbol\" data-listid=\"6\" data-list-defn-props=\"{&quot;335552541&quot;:1,&quot;335559685&quot;:720,&quot;335559991&quot;:360,&quot;469769226&quot;:&quot;Symbol&quot;,&quot;469769242&quot;:[8226],&quot;469777803&quot;:&quot;left&quot;,&quot;469777804&quot;:&quot;\uf0b7&quot;,&quot;469777815&quot;:&quot;hybridMultilevel&quot;}\" data-aria-posinset=\"1\" data-aria-level=\"1\"><i><span data-contrast=\"auto\">El\u00a0investigador destac\u00f3\u00a0su\u00a0pertinencia,\u00a0ya que desde\u00a0sus\u00a0inicios rompi\u00f3 con varios de los lineamientos tradicionales<\/span><\/i><span data-ccp-props=\"{}\">\u00a0<\/span><\/li>\n<\/ul>\n<ul>\n<li data-leveltext=\"\uf0b7\" data-font=\"Symbol\" data-listid=\"6\" data-list-defn-props=\"{&quot;335552541&quot;:1,&quot;335559685&quot;:720,&quot;335559991&quot;:360,&quot;469769226&quot;:&quot;Symbol&quot;,&quot;469769242&quot;:[8226],&quot;469777803&quot;:&quot;left&quot;,&quot;469777804&quot;:&quot;\uf0b7&quot;,&quot;469777815&quot;:&quot;hybridMultilevel&quot;}\" data-aria-posinset=\"2\" data-aria-level=\"1\"><i><span data-contrast=\"auto\">En el marco del Festival Acad\u00e9mico 2026, que re\u00fane a\u00a0docentes, activistas\u00a0e integrantes de distintos colectivos, a trav\u00e9s de din\u00e1micas de autorreflexi\u00f3n\u00a0y presentaci\u00f3n de exposiciones<\/span><\/i><span data-ccp-props=\"{}\">\u00a0<\/span><\/li>\n<\/ul>\n<p><span data-ccp-props=\"{}\">\u00a0<\/span><\/p>\n<div id=\"attachment_164543\" style=\"width: 732px\" class=\"wp-caption aligncenter\"><img loading=\"lazy\" decoding=\"async\" aria-describedby=\"caption-attachment-164543\" class=\"size-full wp-image-164543\" src=\"https:\/\/www.uv.mx\/prensa\/files\/2026\/01\/280126-CARLOS-Ecodialogo-1-100k.jpg\" alt=\"\" width=\"722\" height=\"482\" srcset=\"https:\/\/www.uv.mx\/prensa\/files\/2026\/01\/280126-CARLOS-Ecodialogo-1-100k.jpg 722w, https:\/\/www.uv.mx\/prensa\/files\/2026\/01\/280126-CARLOS-Ecodialogo-1-100k-300x200.jpg 300w\" sizes=\"auto, (max-width: 722px) 100vw, 722px\" \/><p id=\"caption-attachment-164543\" class=\"wp-caption-text\">Mario V\u00e1zquez Torres, impulsor del centro\u00a0Ecodi\u00e1logo<\/p><\/div>\n<p><span data-ccp-props=\"{}\">\u00a0<\/span><\/p>\n<p><b><i><span data-contrast=\"auto\">Carlos Hugo Hermida Rosales<\/span><\/i><\/b><span data-ccp-props=\"{}\">\u00a0<\/span><\/p>\n<p><b><i><span data-contrast=\"auto\">Fot\u00f3grafo:\u00a0Luis Fernando Fern\u00e1ndez<\/span><\/i><\/b><span data-ccp-props=\"{}\">\u00a0<\/span><\/p>\n<p><b><i><span data-contrast=\"auto\">28\/01\/2026.\u00a0Xalapa, Ver<\/span><\/i><\/b><span data-contrast=\"auto\">.\u00a0El\u00a0Centro de\u00a0EcoAlfabetizaci\u00f3n\u00a0y Di\u00e1logo de Saberes\u00a0(<\/span><i><span data-contrast=\"auto\">Ecodi\u00e1logo<\/span><\/i><span data-contrast=\"auto\">)\u00a0de la Universidad Veracruzana\u00a0(UV), llev\u00f3 a cabo su Festival Acad\u00e9mico\u00a02026,\u00a0en el que participaron investigadores, docentes, alumnos y egresados, y sirvi\u00f3 de\u00a0espacio de encuentro, reflexi\u00f3n y aprendizaje colectivo, as\u00ed como para rendir homenaje a Mario V\u00e1zquez Torres, impulsor de esta entidad universitaria.<\/span><span data-ccp-props=\"{}\">\u00a0<\/span><\/p>\n<p><span data-contrast=\"auto\">Arturo Aguilar Ye, secretario Acad\u00e9mico\u00a0de esta casa de estudios,\u00a0mencion\u00f3 que,\u00a0si bien,\u00a0el proyecto de\u00a0<\/span><i><span data-contrast=\"auto\">Ecodi\u00e1logo\u00a0<\/span><\/i><span data-contrast=\"auto\">es relativamente joven,\u00a0cuenta con un grado de\u00a0madurez\u00a0que le ha permitido desarrollar en forma permanente proyectos innovadores y\u00a0creativos\u00a0que impactan en la docencia,\u00a0vinculaci\u00f3n\u00a0e investigaci\u00f3n.<\/span><span data-ccp-props=\"{&quot;335559731&quot;:708}\">\u00a0<\/span><\/p>\n<p><span data-contrast=\"auto\">\u201cEstos trabajos\u00a0al mismo tiempo\u00a0consolidan su vocaci\u00f3n dial\u00f3gica,\u00a0transdisciplinaria\u00a0y de complejidad sist\u00e9mica, lo cual permite ver y asumir la realidad desde una perspectiva diferente, para intervenir en ella de\u00a0forma comprometida y pertinente socialmente\u201d, puntualiz\u00f3.\u00a0<\/span><span data-ccp-props=\"{&quot;335559731&quot;:708}\">\u00a0<\/span><\/p>\n<p><span data-contrast=\"auto\">Por su parte,\u00a0Enrique Vargas Madrazo, coordinador,\u00a0declar\u00f3 que la esencia de\u00a0<\/span><i><span data-contrast=\"auto\">Ecodi\u00e1logo\u00a0<\/span><\/i><span data-contrast=\"auto\">es formar seres humanos plenos, y que el festival\u00a0da la oportunidad de rendir cuentas a la universidad y a ellos mismos.\u00a0<\/span><span data-ccp-props=\"{&quot;335559731&quot;:708}\">\u00a0<\/span><\/p>\n<p><span data-contrast=\"auto\">Durante el 28 y 29 de enero, el\u00a0Festival Acad\u00e9mico 2026 re\u00fane a\u00a0docentes, activistas, e integrantes de distintos colectivos,\u00a0a trav\u00e9s de\u00a0din\u00e1micas de autorreflexi\u00f3n\u00a0y presentaci\u00f3n de\u00a0exposiciones que abordaron temas como conservaci\u00f3n de recursos bioculturales, diversidad, di\u00e1logo y sustentabilidad.<\/span><span data-ccp-props=\"{&quot;335559731&quot;:708}\">\u00a0<\/span><\/p>\n<p><span data-ccp-props=\"{}\">\u00a0<\/span><\/p>\n<div id=\"attachment_164544\" style=\"width: 732px\" class=\"wp-caption aligncenter\"><img loading=\"lazy\" decoding=\"async\" aria-describedby=\"caption-attachment-164544\" class=\"size-full wp-image-164544\" src=\"https:\/\/www.uv.mx\/prensa\/files\/2026\/01\/280126-CARLOS-Ecodialogo-2-100k.jpg\" alt=\"\" width=\"722\" height=\"482\" srcset=\"https:\/\/www.uv.mx\/prensa\/files\/2026\/01\/280126-CARLOS-Ecodialogo-2-100k.jpg 722w, https:\/\/www.uv.mx\/prensa\/files\/2026\/01\/280126-CARLOS-Ecodialogo-2-100k-300x200.jpg 300w\" sizes=\"auto, (max-width: 722px) 100vw, 722px\" \/><p id=\"caption-attachment-164544\" class=\"wp-caption-text\">El\u00a0festival sirvi\u00f3 de\u00a0espacio de encuentro, reflexi\u00f3n y aprendizaje colectivo<\/p><\/div>\n<p>&nbsp;<\/p>\n<p><b><i><span data-contrast=\"auto\">Ecodi\u00e1logo<\/span><\/i><\/b><b><span data-contrast=\"auto\">, centro que rompi\u00f3 con\u00a0los\u00a0lineamientos tradicionales<\/span><\/b><span data-ccp-props=\"{}\">\u00a0<\/span><\/p>\n<p><span data-contrast=\"auto\">Mario V\u00e1zquez Torres, ex director de la Facultad de Biolog\u00eda\u00a0e impulsor del centro\u00a0<\/span><i><span data-contrast=\"auto\">Ecodi\u00e1logo<\/span><\/i><span data-contrast=\"auto\">&#8211;\u00a0a quien\u00a0rindieron\u00a0un homenaje en el evento-,\u00a0relat\u00f3 que en sus inicios\u00a0el\u00a0proyecto estuvo marcado por el escepticismo y la escasa credibilidad, pues romp\u00eda con varios de los lineamientos tradicionales de la universidad.\u00a0<\/span><span data-ccp-props=\"{}\">\u00a0<\/span><\/p>\n<p><span data-contrast=\"auto\">\u201cAl d\u00eda de hoy, la entidad acad\u00e9mica no solo se ha desarrollado, sino que ha crecido y ganado una aceptaci\u00f3n cada vez mayor,\u00a0por\u00a0sus resultados y m\u00faltiples aportaciones a la sociedad\u201d, asegur\u00f3.<\/span><span data-ccp-props=\"{&quot;335559731&quot;:708}\">\u00a0<\/span><\/p>\n<p><span data-contrast=\"auto\">El docente puntualiz\u00f3 que, esto ha sido posible gracias a la conjunci\u00f3n de ciencia, convicci\u00f3n, solidaridad, tradici\u00f3n, espiritualidad, y una profunda conciencia sobre la existencia humana y su dependencia de la naturaleza.\u00a0<\/span><span data-ccp-props=\"{&quot;335559731&quot;:708}\">\u00a0<\/span><\/p>\n<p><span data-contrast=\"auto\">\u201cLa creatividad, el esfuerzo, y sobre todo el compromiso colectivo promovido en su interior han rendido frutos, principalmente en la socializaci\u00f3n del conocimiento cient\u00edfico con formatos accesibles,\u00a0sin el uso de grandes dispositivos tecnol\u00f3gicos\u201d, resalt\u00f3.\u00a0\u00a0<\/span><span data-ccp-props=\"{&quot;335559731&quot;:708}\">\u00a0<\/span><\/p>\n<p>&nbsp;<\/p>\n<div id=\"attachment_164545\" style=\"width: 732px\" class=\"wp-caption aligncenter\"><img loading=\"lazy\" decoding=\"async\" aria-describedby=\"caption-attachment-164545\" class=\"size-full wp-image-164545\" src=\"https:\/\/www.uv.mx\/prensa\/files\/2026\/01\/280126-CARLOS-Ecodialogo-3-100k.jpg\" alt=\"\" width=\"722\" height=\"482\" srcset=\"https:\/\/www.uv.mx\/prensa\/files\/2026\/01\/280126-CARLOS-Ecodialogo-3-100k.jpg 722w, https:\/\/www.uv.mx\/prensa\/files\/2026\/01\/280126-CARLOS-Ecodialogo-3-100k-300x200.jpg 300w\" sizes=\"auto, (max-width: 722px) 100vw, 722px\" \/><p id=\"caption-attachment-164545\" class=\"wp-caption-text\">Aguilar Ye afirm\u00f3 que los proyectos del centro\u00a0Ecodi\u00e1logo\u00a0impactan en la docencia, vinculaci\u00f3n e investigaci\u00f3n<\/p><\/div>\n<p>&nbsp;<\/p>\n<p><span data-contrast=\"auto\">V\u00e1zquez Torres manifest\u00f3 que el reto de M\u00e9xico, pa\u00eds con enorme diversidad biol\u00f3gica y cultural, no es competir tecnol\u00f3gicamente con\u00a0las\u00a0potencias, sino aprovechar de forma inteligente los recursos y combinar la ciencia con la\u00a0sabidur\u00eda\u00a0ancestral.\u00a0\u00a0<\/span><span data-ccp-props=\"{&quot;335559731&quot;:708}\">\u00a0<\/span><\/p>\n<p><span data-contrast=\"auto\">\u201cEsta cuesti\u00f3n es particularmente relevante en Veracruz, entidad con una amplia franja costera y\u00a0variedad\u00a0de ecosistemas que abarca manglares, dunas, selvas y bosques de niebla\u201d, expres\u00f3.<\/span><span data-ccp-props=\"{&quot;335559731&quot;:708}\">\u00a0<\/span><\/p>\n<p><span data-contrast=\"auto\">El experto declar\u00f3 que las instituciones de educaci\u00f3n superior tienen el conocimiento necesario para atender este\u00a0tipo de problemas, por lo cual\u00a0deben ser convocantes de cambios conceptuales y estrategias s\u00f3lidas,\u00a0a fin\u00a0de\u00a0que gobiernos,\u00a0academia y sociedad, transiten hacia la misma meta de solidaridad garante de sustentabilidad.\u00a0<\/span><span data-ccp-props=\"{&quot;335559731&quot;:708}\">\u00a0<\/span><\/p>\n<p><span data-contrast=\"auto\">\u201cEs fundamental que esto ocurra en los distintos niveles de espacio -tiempo, no como una quimera, sino como una hermosa utop\u00eda\u201d, concluy\u00f3.<\/span><\/p>\n<p>&nbsp;<\/p>\n<div id=\"attachment_164546\" style=\"width: 732px\" class=\"wp-caption aligncenter\"><img loading=\"lazy\" decoding=\"async\" aria-describedby=\"caption-attachment-164546\" class=\"size-full wp-image-164546\" src=\"https:\/\/www.uv.mx\/prensa\/files\/2026\/01\/280126-CARLOS-Ecodialogo-4-100k.jpg\" alt=\"\" width=\"722\" height=\"482\" srcset=\"https:\/\/www.uv.mx\/prensa\/files\/2026\/01\/280126-CARLOS-Ecodialogo-4-100k.jpg 722w, https:\/\/www.uv.mx\/prensa\/files\/2026\/01\/280126-CARLOS-Ecodialogo-4-100k-300x200.jpg 300w\" sizes=\"auto, (max-width: 722px) 100vw, 722px\" \/><p id=\"caption-attachment-164546\" class=\"wp-caption-text\">Enrique Vargas Madrazo, coordinador de la entidad acad\u00e9mica<\/p><\/div>\n","protected":false},"excerpt":{"rendered":"<p>El investigador recibi\u00f3 un\u00a0homenaje\u00a0por ser uno de sus precursores,\u00a0en el marco del\u00a0Festival Acad\u00e9mico 2026<\/p>\n","protected":false},"author":1869,"featured_media":164547,"comment_status":"closed","ping_status":"closed","sticky":false,"template":"","format":"standard","meta":{"footnotes":""},"categories":[15423,1,15424,61],"tags":[6547,4161,10362,8549,147,30339,6592,30340,20311],"class_list":["post-164572","post","type-post","status-publish","format-standard","has-post-thumbnail","hentry","category-estudiantes","category-general","category-planta-academica","category-banner","tag-arturo-aguilar-ye","tag-carlos-hugo-hermida-rosales","tag-centro-de-ecoalfabetizacion-y-dialogo-de-saberes-ecodialogo","tag-enrique-vargas-madrazo","tag-facultad-de-biologia","tag-festival-academico-2026","tag-luis-fernando-fernandez","tag-mario-vazquez-torres","tag-universidad-veracruzana-uv"],"_links":{"self":[{"href":"https:\/\/www.uv.mx\/prensa\/wp-json\/wp\/v2\/posts\/164572","targetHints":{"allow":["GET"]}}],"collection":[{"href":"https:\/\/www.uv.mx\/prensa\/wp-json\/wp\/v2\/posts"}],"about":[{"href":"https:\/\/www.uv.mx\/prensa\/wp-json\/wp\/v2\/types\/post"}],"author":[{"embeddable":true,"href":"https:\/\/www.uv.mx\/prensa\/wp-json\/wp\/v2\/users\/1869"}],"replies":[{"embeddable":true,"href":"https:\/\/www.uv.mx\/prensa\/wp-json\/wp\/v2\/comments?post=164572"}],"version-history":[{"count":1,"href":"https:\/\/www.uv.mx\/prensa\/wp-json\/wp\/v2\/posts\/164572\/revisions"}],"predecessor-version":[{"id":164574,"href":"https:\/\/www.uv.mx\/prensa\/wp-json\/wp\/v2\/posts\/164572\/revisions\/164574"}],"wp:featuredmedia":[{"embeddable":true,"href":"https:\/\/www.uv.mx\/prensa\/wp-json\/wp\/v2\/media\/164547"}],"wp:attachment":[{"href":"https:\/\/www.uv.mx\/prensa\/wp-json\/wp\/v2\/media?parent=164572"}],"wp:term":[{"taxonomy":"category","embeddable":true,"href":"https:\/\/www.uv.mx\/prensa\/wp-json\/wp\/v2\/categories?post=164572"},{"taxonomy":"post_tag","embeddable":true,"href":"https:\/\/www.uv.mx\/prensa\/wp-json\/wp\/v2\/tags?post=164572"}],"curies":[{"name":"wp","href":"https:\/\/api.w.org\/{rel}","templated":true}]}}