{"id":16401,"date":"2016-10-05T14:48:45","date_gmt":"2016-10-05T19:48:45","guid":{"rendered":"https:\/\/www.uv.mx\/prensa\/?p=16401"},"modified":"2017-03-09T13:21:28","modified_gmt":"2017-03-09T19:21:28","slug":"urge-replantear-concepto-de-vivienda-para-lograr-sustentabilidad-urbana","status":"publish","type":"post","link":"https:\/\/www.uv.mx\/prensa\/general\/urge-replantear-concepto-de-vivienda-para-lograr-sustentabilidad-urbana\/","title":{"rendered":"Urge replantear concepto de vivienda para lograr sustentabilidad urbana"},"content":{"rendered":"<p>&nbsp;<\/p>\n<ul>\n<li><em>H\u00e9ctor Sa\u00fal Castilla Moyado, de la regi\u00f3n Orizaba-C\u00f3rdoba, particip\u00f3 en la primera sesi\u00f3n plenaria del Foro ONU-H\u00e1bitat III<\/em><\/li>\n<li><em>Junto con otros especialistas abord\u00f3 el tema \u201cEsquemas alternativos de vivienda\u201d<\/em><\/li>\n<\/ul>\n<p>&nbsp;<\/p>\n<div id=\"attachment_16402\" style=\"width: 732px\" class=\"wp-caption aligncenter\"><a href=\"https:\/\/www.uv.mx\/prensa\/files\/2016\/10\/vos-1-ok.jpg\"><img loading=\"lazy\" decoding=\"async\" aria-describedby=\"caption-attachment-16402\" class=\"size-full wp-image-16402\" src=\"https:\/\/www.uv.mx\/prensa\/files\/2016\/10\/vos-1-ok.jpg\" alt=\"Asistentes a la mesa donde se debati\u00f3 el tema \u201cEsquemas alternativos de vivienda\u201d\" width=\"722\" height=\"482\" srcset=\"https:\/\/www.uv.mx\/prensa\/files\/2016\/10\/vos-1-ok.jpg 722w, https:\/\/www.uv.mx\/prensa\/files\/2016\/10\/vos-1-ok-300x200.jpg 300w\" sizes=\"auto, (max-width: 722px) 100vw, 722px\" \/><\/a><p id=\"caption-attachment-16402\" class=\"wp-caption-text\">Asistentes a la mesa donde se debati\u00f3 el tema \u201cEsquemas alternativos de vivienda\u201d<\/p><\/div>\n<p>&nbsp;<\/p>\n<p><strong><em>Claudia Peralta V\u00e1zquez<\/em><\/strong><\/p>\n<p>&nbsp;<\/p>\n<p><strong><em>Xalapa, Ver. 05\/10\/2016.-<\/em><\/strong><em>\u00a0<\/em>Hoy en d\u00eda, la visi\u00f3n de ciudad compacta est\u00e1 de moda, as\u00ed como la estrategia de vivienda vertical, lo cual no se adapta a las necesidades de la poblaci\u00f3n mexicana ya que \u00fanicamente cubre los rubros de seguridad y fisiol\u00f3gico, extern\u00f3 H\u00e9ctor Sa\u00fal Castilla Moyado, docente de la Facultad de Arquitectura de la Universidad Veracruzana (UV), regi\u00f3n Orizaba-C\u00f3rdoba.<\/p>\n<p>Durante su intervenci\u00f3n en la mesa \u201cEsquemas alternativos de vivienda\u201d, dentro de la primera sesi\u00f3n plenaria del Foro ONU-H\u00e1bitat III realizado en la Unidad de Servicios Bibliotecarios y de Informaci\u00f3n (USBI) Xalapa, a iniciativa de la UV y la Secretar\u00eda de Desarrollo Agrario, Territorial y Urbano (<em>Sedatu<\/em>), el especialista subray\u00f3 la necesidad de replantear ese modelo de vivienda institucional.<\/p>\n<p>\u201cLa vivienda institucional en M\u00e9xico es \u2018mocha\u2019, tradicionalista, tiene una zona divertida y c\u00f3moda, pero no refleja m\u00e1s all\u00e1 de las condiciones de seguridad y fisiol\u00f3gica.\u201d<\/p>\n<p>&nbsp;<\/p>\n<div id=\"attachment_16404\" style=\"width: 732px\" class=\"wp-caption aligncenter\"><a href=\"https:\/\/www.uv.mx\/prensa\/files\/2016\/10\/Esquemas-alternativos-2-okl.jpg\"><img loading=\"lazy\" decoding=\"async\" aria-describedby=\"caption-attachment-16404\" class=\"size-full wp-image-16404\" src=\"https:\/\/www.uv.mx\/prensa\/files\/2016\/10\/Esquemas-alternativos-2-okl.jpg\" alt=\"Joel Guzm\u00e1n Gonz\u00e1lez, docente de la Facultad de Arquitectura, regi\u00f3n Orizaba-C\u00f3rdoba\" width=\"722\" height=\"482\" srcset=\"https:\/\/www.uv.mx\/prensa\/files\/2016\/10\/Esquemas-alternativos-2-okl.jpg 722w, https:\/\/www.uv.mx\/prensa\/files\/2016\/10\/Esquemas-alternativos-2-okl-300x200.jpg 300w\" sizes=\"auto, (max-width: 722px) 100vw, 722px\" \/><\/a><p id=\"caption-attachment-16404\" class=\"wp-caption-text\">Joel Guzm\u00e1n Gonz\u00e1lez, docente de la Facultad de Arquitectura, regi\u00f3n Orizaba-C\u00f3rdoba<\/p><\/div>\n<p>&nbsp;<\/p>\n<p>En su opini\u00f3n, resultado de un trabajo de investigaci\u00f3n relacionado con perspectivas de vivienda institucional, comparti\u00f3 con otros especialistas, estudiantes de Arquitectura y p\u00fablico en general, que hace 20 a\u00f1os la sustentabilidad era un tema de moda y las viviendas pod\u00edan ser adaptables a las necesidades de la poblaci\u00f3n.<\/p>\n<p>Por ejemplo, en una sociedad como la nuestra que envejece r\u00e1pidamente no es viable un esquema de este tipo, es decir, vertical o compacta. Por ello urgi\u00f3 la necesidad de replantear el trinomio de regi\u00f3n, ciudad y h\u00e1bitat, toda vez que en un futuro no se podr\u00e1 garantizar la sustentabilidad urbana.<\/p>\n<p>Por su parte Enrique de Jes\u00fas Nach\u00f3n Garc\u00eda, gerente general del Instituto Veracruzano de la Vivienda (<em>Invivienda<\/em>), se\u00f1al\u00f3 que la vivienda es un derecho fundamental que no se ve reflejado en la realidad de la poblaci\u00f3n.<\/p>\n<p>&nbsp;<\/p>\n<div id=\"attachment_16406\" style=\"width: 732px\" class=\"wp-caption aligncenter\"><a href=\"https:\/\/www.uv.mx\/prensa\/files\/2016\/10\/Esquemas-a-3-ol.jpg\"><img loading=\"lazy\" decoding=\"async\" aria-describedby=\"caption-attachment-16406\" class=\"size-full wp-image-16406\" src=\"https:\/\/www.uv.mx\/prensa\/files\/2016\/10\/Esquemas-a-3-ol.jpg\" alt=\"Enrique de Jes\u00fas Nach\u00f3n Garc\u00eda, gerente general de Invivienda\" width=\"722\" height=\"482\" srcset=\"https:\/\/www.uv.mx\/prensa\/files\/2016\/10\/Esquemas-a-3-ol.jpg 722w, https:\/\/www.uv.mx\/prensa\/files\/2016\/10\/Esquemas-a-3-ol-300x200.jpg 300w\" sizes=\"auto, (max-width: 722px) 100vw, 722px\" \/><\/a><p id=\"caption-attachment-16406\" class=\"wp-caption-text\">Enrique de Jes\u00fas Nach\u00f3n Garc\u00eda, gerente general de Invivienda<\/p><\/div>\n<p>&nbsp;<\/p>\n<p>En este sentido, los menos favorecidos son las personas que no tienen una relaci\u00f3n laboral fija, al no poder comprobar sus ingresos ni tener acceso a un cr\u00e9dito oficial, agreg\u00f3.<\/p>\n<p>Por tanto, destac\u00f3 la necesidad de establecer un esquema de arrendamiento de vivienda para no derechohabientes y llevar a cabo un rescate de unidades habitacionales que sean rentables para este sector de la poblaci\u00f3n.<\/p>\n<p>En tanto Joel Guzm\u00e1n Gonz\u00e1lez, docente de la Facultad de Arquitectura en la regi\u00f3n Orizaba-C\u00f3rdoba, resalt\u00f3 una propuesta conceptual a corto plazo relacionada con el g\u00e9nero de vivienda flotante, que pueda construirse sobre cuerpos de agua con poca movilidad y materiales de la regi\u00f3n que no alteren el entorno.<\/p>\n<p>En opini\u00f3n de Jos\u00e9 Antonio Hernanz Moral, director general de Desarrollo Acad\u00e9mico e Innovaci\u00f3n Educativa de la UV, para las nuevas generaciones ya no es tan importante la propiedad y a la vivienda no se le da un sentido de cobijo sino de funci\u00f3n social.<\/p>\n<p>\u201cHay que replantearnos que existe una fusi\u00f3n entre trabajo, vivienda, ocio, poder pol\u00edtico y el punto de vista religioso.\u201d<\/p>\n<p>&nbsp;<\/p>\n<div id=\"attachment_16407\" style=\"width: 732px\" class=\"wp-caption aligncenter\"><a href=\"https:\/\/www.uv.mx\/prensa\/files\/2016\/10\/tivos-4-ok.jpg\"><img loading=\"lazy\" decoding=\"async\" aria-describedby=\"caption-attachment-16407\" class=\"size-full wp-image-16407\" src=\"https:\/\/www.uv.mx\/prensa\/files\/2016\/10\/tivos-4-ok.jpg\" alt=\"Jos\u00e9 Antonio Hernanz y Jos\u00e9 Antonio Ochoa \" width=\"722\" height=\"482\" srcset=\"https:\/\/www.uv.mx\/prensa\/files\/2016\/10\/tivos-4-ok.jpg 722w, https:\/\/www.uv.mx\/prensa\/files\/2016\/10\/tivos-4-ok-300x200.jpg 300w\" sizes=\"auto, (max-width: 722px) 100vw, 722px\" \/><\/a><p id=\"caption-attachment-16407\" class=\"wp-caption-text\">Jos\u00e9 Antonio Hernanz y Jos\u00e9 Antonio Ochoa<\/p><\/div>\n<p>&nbsp;<\/p>\n<p>Asever\u00f3 que un mismo espacio se est\u00e1 redise\u00f1ando de una forma muy completa para que al mismo tiempo se satisfagan elementos distintos.<\/p>\n<p>En esta mesa tambi\u00e9n se expusieron otras propuestas con miras a lograr la habitabilidad social, adem\u00e1s de viviendas confortables, sustentables, as\u00ed como la participaci\u00f3n ciudadana que es b\u00e1sica para la creaci\u00f3n de espacios habitables acordes a sus necesidades.<\/p>\n<p>Tambi\u00e9n se externaron m\u00e9todos para acceder a viviendas permanentes y temporales, dignas para toda la poblaci\u00f3n.<\/p>\n<p>Asimismo, se abord\u00f3 la protecci\u00f3n de la vivienda ind\u00edgena como un patrimonio que debe valorarse y no marginarse.<\/p>\n<p>Adem\u00e1s, se habl\u00f3 del impacto desmedido en el crecimiento de \u00e1reas urbanas y rurales, como resultado de la falta de dotaci\u00f3n de servicios b\u00e1sicos.<\/p>\n<p>&nbsp;<\/p>\n<div id=\"attachment_16408\" style=\"width: 732px\" class=\"wp-caption aligncenter\"><a href=\"https:\/\/www.uv.mx\/prensa\/files\/2016\/10\/Esquemas-alterna-5-15-ok.jpg\"><img loading=\"lazy\" decoding=\"async\" aria-describedby=\"caption-attachment-16408\" class=\"size-full wp-image-16408\" src=\"https:\/\/www.uv.mx\/prensa\/files\/2016\/10\/Esquemas-alterna-5-15-ok.jpg\" alt=\"H\u00e9ctor Sa\u00fal Castilla Moyado, docente de la Facultad de Arquitectura, regi\u00f3n Orizaba-C\u00f3rdoba\" width=\"722\" height=\"482\" srcset=\"https:\/\/www.uv.mx\/prensa\/files\/2016\/10\/Esquemas-alterna-5-15-ok.jpg 722w, https:\/\/www.uv.mx\/prensa\/files\/2016\/10\/Esquemas-alterna-5-15-ok-300x200.jpg 300w\" sizes=\"auto, (max-width: 722px) 100vw, 722px\" \/><\/a><p id=\"caption-attachment-16408\" class=\"wp-caption-text\">H\u00e9ctor Sa\u00fal Castilla Moyado, docente de la Facultad de Arquitectura, regi\u00f3n Orizaba-C\u00f3rdoba<\/p><\/div>\n<p>&nbsp;<\/p>\n<p>En el marco de este evento, fueron instaladas tres mesas m\u00e1s de debate: \u201cLegislaci\u00f3n urbana\u201d, \u201cDerecho a la ciudad con perspectiva de g\u00e9nero\u201d y \u201cNueva agenda urbana\u201d.<\/p>\n<p>A cargo de la mesa \u201cEsquemas alternativos de vivienda\u201d estuvieron Jos\u00e9 Antonio Ochoa Acosta, como coordinador; Ana Aurora Fern\u00e1ndez Mayo, moderadora, y Eva Acosta P\u00e9rez, relatora. Los tres son integrantes del Cuerpo Acad\u00e9mico (CA) Filosof\u00eda y Educaci\u00f3n en Arquitectura y Construcci\u00f3n de la Facultad de Arquitectura, regi\u00f3n Xalapa.<\/p>\n","protected":false},"excerpt":{"rendered":"<p><strong><em>Claudia Peralta .-<\/em><\/strong>.-Hoy en d\u00eda, la visi\u00f3n de ciudad compacta est\u00e1 de moda, as\u00ed como la estrategia de vivienda vertical, lo cual no se adapta a las necesidades de la poblaci\u00f3n mexicana ya que \u00fanicamente cubre los rubros de seguridad y fisiol\u00f3gico, extern\u00f3 H\u00e9ctor Sa\u00fal Castilla Moyado, docente de la Facultad de Arquitectura de la Universidad Veracruzana (UV), regi\u00f3n Orizaba-C\u00f3rdoba.<\/p>\n","protected":false},"author":1810,"featured_media":16403,"comment_status":"closed","ping_status":"closed","sticky":false,"template":"","format":"standard","meta":{"footnotes":""},"categories":[1],"tags":[3],"class_list":["post-16401","post","type-post","status-publish","format-standard","has-post-thumbnail","hentry","category-general","tag-secundarias"],"_links":{"self":[{"href":"https:\/\/www.uv.mx\/prensa\/wp-json\/wp\/v2\/posts\/16401","targetHints":{"allow":["GET"]}}],"collection":[{"href":"https:\/\/www.uv.mx\/prensa\/wp-json\/wp\/v2\/posts"}],"about":[{"href":"https:\/\/www.uv.mx\/prensa\/wp-json\/wp\/v2\/types\/post"}],"author":[{"embeddable":true,"href":"https:\/\/www.uv.mx\/prensa\/wp-json\/wp\/v2\/users\/1810"}],"replies":[{"embeddable":true,"href":"https:\/\/www.uv.mx\/prensa\/wp-json\/wp\/v2\/comments?post=16401"}],"version-history":[{"count":0,"href":"https:\/\/www.uv.mx\/prensa\/wp-json\/wp\/v2\/posts\/16401\/revisions"}],"wp:featuredmedia":[{"embeddable":true,"href":"https:\/\/www.uv.mx\/prensa\/wp-json\/wp\/v2\/media\/16403"}],"wp:attachment":[{"href":"https:\/\/www.uv.mx\/prensa\/wp-json\/wp\/v2\/media?parent=16401"}],"wp:term":[{"taxonomy":"category","embeddable":true,"href":"https:\/\/www.uv.mx\/prensa\/wp-json\/wp\/v2\/categories?post=16401"},{"taxonomy":"post_tag","embeddable":true,"href":"https:\/\/www.uv.mx\/prensa\/wp-json\/wp\/v2\/tags?post=16401"}],"curies":[{"name":"wp","href":"https:\/\/api.w.org\/{rel}","templated":true}]}}