{"id":16358,"date":"2016-10-04T15:41:05","date_gmt":"2016-10-04T20:41:05","guid":{"rendered":"https:\/\/www.uv.mx\/prensa\/?p=16358"},"modified":"2016-10-04T15:41:05","modified_gmt":"2016-10-04T20:41:05","slug":"uv-reivindico-derecho-a-la-ciudad-con-el-foro-onu-habitat-iii","status":"publish","type":"post","link":"https:\/\/www.uv.mx\/prensa\/general\/uv-reivindico-derecho-a-la-ciudad-con-el-foro-onu-habitat-iii\/","title":{"rendered":"UV reivindic\u00f3 derecho a la ciudad con el Foro ONU H\u00e1bitat III"},"content":{"rendered":"<ul>\n<li><i><em>Se trata de que las autoridades federales, estatales y municipales reconozcan el derecho que todos los habitantes tenemos a la ciudad, manifest\u00f3 la rectora Sara Ladr\u00f3n de Guevara<\/em><\/i><\/li>\n<li><em>La b\u00fasqueda de un desarrollo equitativo y sostenible es actualmente una obligaci\u00f3n en la instituci\u00f3n, afirm\u00f3 Leticia Rodr\u00edguez Audirac, secretaria Acad\u00e9mica<\/em><\/li>\n<\/ul>\n<div id=\"attachment_16362\" style=\"width: 732px\" class=\"wp-caption aligncenter\"><a href=\"https:\/\/www.uv.mx\/prensa\/files\/2016\/10\/041016.-ONU-Habitat-3-ok.jpg\"><img loading=\"lazy\" decoding=\"async\" aria-describedby=\"caption-attachment-16362\" class=\"size-full wp-image-16362\" src=\"https:\/\/www.uv.mx\/prensa\/files\/2016\/10\/041016.-ONU-Habitat-3-ok.jpg\" alt=\"Autoridades universitarias, estatales y educativas inauguraron el Foro ONU H\u00e1bitat III en la USBI\" width=\"722\" height=\"482\" srcset=\"https:\/\/www.uv.mx\/prensa\/files\/2016\/10\/041016.-ONU-Habitat-3-ok.jpg 722w, https:\/\/www.uv.mx\/prensa\/files\/2016\/10\/041016.-ONU-Habitat-3-ok-300x200.jpg 300w\" sizes=\"auto, (max-width: 722px) 100vw, 722px\" \/><\/a><p id=\"caption-attachment-16362\" class=\"wp-caption-text\">Autoridades universitarias, estatales y educativas inauguraron el Foro ONU H\u00e1bitat III en la USBI<\/p><\/div>\n<p>&nbsp;<\/p>\n<p><strong><em>David Sandoval Rodr\u00edguez<\/em><\/strong><\/p>\n<p>&nbsp;<\/p>\n<p><strong><em>Xalapa, Ver. 04\/10\/2016.- <\/em><\/strong>La Universidad Veracruzana (UV) celebr\u00f3 la b\u00fasqueda por reivindicar el derecho a la ciudad con la realizaci\u00f3n, el martes 4 de octubre, del Foro ONU H\u00e1bitat III en la Unidad de Servicios Bibliotecarios y de Informaci\u00f3n (USBI), en el que coincidieron instituciones educativas, dependencias federales y estatales, estudiantes, acad\u00e9micos e investigadores que abarrotaron la sala de videoconferencias.<\/p>\n<p>Al inaugurar formalmente el foro, la rectora Sara Ladr\u00f3n de Guevara expres\u00f3 su benepl\u00e1cito por la realizaci\u00f3n del evento: \u201cCelebro que el d\u00eda de hoy nos encontremos aqu\u00ed para, como individuos y como sociedad, reivindicar nuestro derecho a la ciudad, entendida \u00e9sta como un ser vivo, como una madre protectora, como una compa\u00f1era en ese largo y accidentado viaje que han significado siglos y siglos de asentamientos humanos\u201d.<\/p>\n<p>Asimismo, destac\u00f3 la b\u00fasqueda por reivindicar el derecho a la ciudad con una perspectiva de g\u00e9nero, atendiendo aspectos como la legislaci\u00f3n urbana y esquemas alternativos en materia de vivienda, planteando analizar los retos y las tareas que muestra la nueva agenda urbana.<\/p>\n<p>Propuso adem\u00e1s que la participaci\u00f3n de M\u00e9xico en la Tercera Conferencia de las Naciones Unidas sobre Vivienda y Desarrollo Urbano Sostenible (H\u00e1bitat III), a celebrarse en Quito, Ecuador, entre el 17 y el 20 de octubre, contemple \u201cdos grandes y determinantes fen\u00f3menos sociales que han marcado los \u00faltimos a\u00f1os en pr\u00e1cticamente el mundo entero: las grandes migraciones humanas y la violencia e inseguridad que azotan a las grandes ciudades\u201d.<\/p>\n<p>Recalc\u00f3 que dichas circunstancias \u201cnos duelen no s\u00f3lo como miembros de la comunidad universitaria sino como veracruzanos, como mexicanos, como ciudadanos todos\u201d.<\/p>\n<div id=\"attachment_16363\" style=\"width: 732px\" class=\"wp-caption aligncenter\"><a href=\"https:\/\/www.uv.mx\/prensa\/files\/2016\/10\/041016.-ONU-Habitat-1-ok.jpg\"><img loading=\"lazy\" decoding=\"async\" aria-describedby=\"caption-attachment-16363\" class=\"size-full wp-image-16363\" src=\"https:\/\/www.uv.mx\/prensa\/files\/2016\/10\/041016.-ONU-Habitat-1-ok.jpg\" alt=\"Sara Ladr\u00f3n de Guevara, rectora de la UV, inaugur\u00f3 oficialmente el foro\" width=\"722\" height=\"482\" srcset=\"https:\/\/www.uv.mx\/prensa\/files\/2016\/10\/041016.-ONU-Habitat-1-ok.jpg 722w, https:\/\/www.uv.mx\/prensa\/files\/2016\/10\/041016.-ONU-Habitat-1-ok-300x200.jpg 300w\" sizes=\"auto, (max-width: 722px) 100vw, 722px\" \/><\/a><p id=\"caption-attachment-16363\" class=\"wp-caption-text\">Sara Ladr\u00f3n de Guevara, rectora de la UV, inaugur\u00f3 oficialmente el foro<\/p><\/div>\n<p>Este Foro ONU H\u00e1bitat trata de que las autoridades federales, estatales y municipales, encargadas del desarrollo agrario, territorial y urbano, reconozcan el derecho que todos los habitantes de este pa\u00eds tenemos a la ciudad, puntualiz\u00f3 la Rectora, \u201ccon todo lo que ello implica, un espacio que nos acoja y proteja, que nos garantice contar con todos los servicios que conlleva una vida digna y decorosa, que nos asegure desarrollarnos en un ambiente de respeto, civilidad y tolerancia\u201d.<\/p>\n<p>Por su parte, Leticia Rodr\u00edguez Audirac, secretaria Acad\u00e9mica de la UV, se\u00f1al\u00f3 que para la Universidad es un orgullo que se le considere como el actor fundamental en este tema, para el cual se asume la vinculaci\u00f3n de la universidad mediante \u201cun di\u00e1logo permanente con todos los sectores, con todas las problem\u00e1ticas que permite una construcci\u00f3n colaborativa de los saberes con los que se atiende el desarrollo de un estado\u201d.<\/p>\n<p>La b\u00fasqueda de un desarrollo equitativo y sostenible es actualmente una obligaci\u00f3n en la instituci\u00f3n, afirm\u00f3; por ello desde hace m\u00e1s de 15 a\u00f1os las facultades e instituciones propias se han incorporado a la estrategia de consolidar el programa H\u00e1bitat bajo el proyecto \u201cDesarrollo territorial y del h\u00e1bitat en el estado de Veracruz a trav\u00e9s de la planeaci\u00f3n y gesti\u00f3n estrat\u00e9gica\u201d.<\/p>\n<p>La funcionaria detall\u00f3 que para el foro se recibieron 57 propuestas, cuyo an\u00e1lisis y discusi\u00f3n se distribuy\u00f3 en cuatro mesas de trabajo: Legislaci\u00f3n urbana; Derecho a la ciudad con perspectiva de g\u00e9nero; Esquemas alternativos de vivienda, y Nueva agenda urbana.<\/p>\n<p>En ese sentido, el delegado federal de la Secretar\u00eda de Desarrollo Agrario, Territorial y Urbano (<em>Sedatu<\/em>), Pedro Yunes Choperena, subray\u00f3 el objetivo del foro: compartir retos y avances en las ciudades y comunidades, tendientes a generar \u201casentamientos inclusivos, resilientes y sostenibles\u201d que enmarcan el derecho a la ciudad, el cual debe ser considerado un \u201celemento rector para el ejercicio universal efectivo de todos los derechos humanos\u201d.<\/p>\n<div id=\"attachment_16364\" style=\"width: 732px\" class=\"wp-caption aligncenter\"><a href=\"https:\/\/www.uv.mx\/prensa\/files\/2016\/10\/041016.-ONU-Habitat-2-ok.jpg\"><img loading=\"lazy\" decoding=\"async\" aria-describedby=\"caption-attachment-16364\" class=\"size-full wp-image-16364\" src=\"https:\/\/www.uv.mx\/prensa\/files\/2016\/10\/041016.-ONU-Habitat-2-ok.jpg\" alt=\"Leticia Rodr\u00edguez Audirac, secretaria Acad\u00e9mica, se\u00f1al\u00f3 que se presentaron 57 trabajos agrupados en cuatro mesas\" width=\"722\" height=\"482\" srcset=\"https:\/\/www.uv.mx\/prensa\/files\/2016\/10\/041016.-ONU-Habitat-2-ok.jpg 722w, https:\/\/www.uv.mx\/prensa\/files\/2016\/10\/041016.-ONU-Habitat-2-ok-300x200.jpg 300w\" sizes=\"auto, (max-width: 722px) 100vw, 722px\" \/><\/a><p id=\"caption-attachment-16364\" class=\"wp-caption-text\">Leticia Rodr\u00edguez Audirac, secretaria Acad\u00e9mica, se\u00f1al\u00f3 que se presentaron 57 trabajos agrupados en cuatro mesas<\/p><\/div>\n<p>Enseguida, Alfredo Ferrari Saavedra, secretario de Desarrollo Social del estado, expres\u00f3 que este evento contribuye a \u201cla integraci\u00f3n de una nueva agenda urbana para Veracruz y para M\u00e9xico, partiendo de un trabajo coordinado entre gobierno, academia y sociedad civil\u201d.<\/p>\n<p>Asimismo, dio a conocer los elementos sobresalientes del Programa Estatal de Ordenamiento Territorial (PEOT), al que defini\u00f3 como un instrumento de planeaci\u00f3n que permitir\u00e1 potenciar el aprovechamiento del territorio veracruzano.<\/p>\n<p>\u201cQueremos ciudades sostenibles, donde la calidad de vida sea cada vez mejor, en donde todos podamos tener acceso a los servicios b\u00e1sicos y en donde podamos ejercer cabalmente nuestros derechos urbanos y sociales\u201d, concluy\u00f3 Ferrari Saavedra.<\/p>\n<p>A continuaci\u00f3n, Eugenio V\u00e1squez Mu\u00f1oz, rector de El Colegio de Veracruz (<em>Colver<\/em>) y responsable del PEOT, mencion\u00f3 que Veracruz es uno de los primeros estados en instalar un consejo de ordenamiento territorial y ser\u00e1 uno de los pocos que entregar\u00e1 en tiempo y forma su programa estatal respectivo.<\/p>\n<p>El PEOT contempla en su fase 4 \u201cAcciones y corresponsabilidad\u201d, alianzas entre instituciones, organismos p\u00fablicos y de la sociedad civil para lograr los objetivos planteados por el mismo.<\/p>\n<p>\u201cEl prop\u00f3sito del ordenamiento territorial es que sea un instrumento t\u00e9cnico y pol\u00edtico, partiendo de elaborar un instrumento rector para entender las caracter\u00edsticas sociales, culturales y del medio f\u00edsico y natural de cada una de las 10 regiones que integran el estado.\u201d<\/p>\n<p>Con ello se busca contribuir a una equilibrada distribuci\u00f3n de la poblaci\u00f3n y sus actividades, de acuerdo con sus caracter\u00edsticas, \u201cen aras de elevar la calidad de vida de la poblaci\u00f3n\u201d.<\/p>\n<p>Atestiguaron el inicio del foro Clementina Guerrero Garc\u00eda, secretaria de Administraci\u00f3n y Finanzas; Octavio Ochoa Contreras, secretario de la Rector\u00eda; Beatriz Eugenia Rodr\u00edguez Villafuerte, vicerrectora de la regi\u00f3n Orizaba-C\u00f3rdoba; Miguel \u00c1ngel Mart\u00ednez Poceros, director del Instituto Tecnol\u00f3gico Superior de Xalapa, y Jos\u00e9 Antonio Gonz\u00e1lez Azuara, delegado federal de la Secretar\u00eda de Medio Ambiente y Recursos Naturales (<em>Semarnat<\/em>).<\/p>\n","protected":false},"excerpt":{"rendered":"<p><strong><em> David Sandoval Rodr\u00edguez.-<\/em><\/strong> La Universidad Veracruzana (UV) celebr\u00f3 la b\u00fasqueda por reivindicar el derecho a la ciudad con la realizaci\u00f3n, el martes 4 de octubre, del Foro ONU H\u00e1bitat III en la Unidad de Servicios Bibliotecarios y de Informaci\u00f3n (USBI), en el que coincidieron instituciones educativas, dependencias federales y estatales, estudiantes, acad\u00e9micos e investigadores que abarrotaron la sala de videoconferencias.<\/p>\n","protected":false},"author":1809,"featured_media":16365,"comment_status":"closed","ping_status":"closed","sticky":false,"template":"","format":"standard","meta":{"footnotes":""},"categories":[1],"tags":[2],"class_list":["post-16358","post","type-post","status-publish","format-standard","has-post-thumbnail","hentry","category-general","tag-principal"],"_links":{"self":[{"href":"https:\/\/www.uv.mx\/prensa\/wp-json\/wp\/v2\/posts\/16358","targetHints":{"allow":["GET"]}}],"collection":[{"href":"https:\/\/www.uv.mx\/prensa\/wp-json\/wp\/v2\/posts"}],"about":[{"href":"https:\/\/www.uv.mx\/prensa\/wp-json\/wp\/v2\/types\/post"}],"author":[{"embeddable":true,"href":"https:\/\/www.uv.mx\/prensa\/wp-json\/wp\/v2\/users\/1809"}],"replies":[{"embeddable":true,"href":"https:\/\/www.uv.mx\/prensa\/wp-json\/wp\/v2\/comments?post=16358"}],"version-history":[{"count":0,"href":"https:\/\/www.uv.mx\/prensa\/wp-json\/wp\/v2\/posts\/16358\/revisions"}],"wp:featuredmedia":[{"embeddable":true,"href":"https:\/\/www.uv.mx\/prensa\/wp-json\/wp\/v2\/media\/16365"}],"wp:attachment":[{"href":"https:\/\/www.uv.mx\/prensa\/wp-json\/wp\/v2\/media?parent=16358"}],"wp:term":[{"taxonomy":"category","embeddable":true,"href":"https:\/\/www.uv.mx\/prensa\/wp-json\/wp\/v2\/categories?post=16358"},{"taxonomy":"post_tag","embeddable":true,"href":"https:\/\/www.uv.mx\/prensa\/wp-json\/wp\/v2\/tags?post=16358"}],"curies":[{"name":"wp","href":"https:\/\/api.w.org\/{rel}","templated":true}]}}