{"id":163000,"date":"2025-12-01T16:35:27","date_gmt":"2025-12-01T22:35:27","guid":{"rendered":"https:\/\/www.uv.mx\/prensa\/?p=163000"},"modified":"2025-12-01T16:35:27","modified_gmt":"2025-12-01T22:35:27","slug":"fcq-uv-impulsa-la-creatividad-e-innovacion-estudiantil","status":"publish","type":"post","link":"https:\/\/www.uv.mx\/prensa\/general\/fcq-uv-impulsa-la-creatividad-e-innovacion-estudiantil\/","title":{"rendered":"FCQ-UV impulsa la creatividad e innovaci\u00f3n estudiantil"},"content":{"rendered":"<ul>\n<li data-leveltext=\"\uf0b7\" data-font=\"Symbol\" data-listid=\"1\" data-list-defn-props=\"{&quot;335552541&quot;:1,&quot;335559685&quot;:720,&quot;335559991&quot;:360,&quot;469769226&quot;:&quot;Symbol&quot;,&quot;469769242&quot;:[8226],&quot;469777803&quot;:&quot;left&quot;,&quot;469777804&quot;:&quot;\uf0b7&quot;,&quot;469777815&quot;:&quot;hybridMultilevel&quot;}\" data-aria-posinset=\"1\" data-aria-level=\"1\"><i><span data-contrast=\"auto\">Fueron presentados aproximadamente once proyectos relacionados con alimentos, plataformas digitales, cosm\u00e9ticos y productos de uso cotidiano<\/span><\/i><span data-ccp-props=\"{&quot;201341983&quot;:0,&quot;335559739&quot;:0,&quot;335559740&quot;:240}\">\u00a0<\/span><\/li>\n<\/ul>\n<ul>\n<li data-leveltext=\"\uf0b7\" data-font=\"Symbol\" data-listid=\"1\" data-list-defn-props=\"{&quot;335552541&quot;:1,&quot;335559685&quot;:720,&quot;335559991&quot;:360,&quot;469769226&quot;:&quot;Symbol&quot;,&quot;469769242&quot;:[8226],&quot;469777803&quot;:&quot;left&quot;,&quot;469777804&quot;:&quot;\uf0b7&quot;,&quot;469777815&quot;:&quot;hybridMultilevel&quot;}\" data-aria-posinset=\"2\" data-aria-level=\"1\"><i><span data-contrast=\"auto\">La acad\u00e9mica Eugenia Libertad Rubio dijo que esta actividad les ayuda a fortalecer su formaci\u00f3n acad\u00e9mica y personal de los futuros profesionistas<\/span><\/i><span data-ccp-props=\"{&quot;201341983&quot;:0,&quot;335559739&quot;:0,&quot;335559740&quot;:240}\">\u00a0<\/span><\/li>\n<\/ul>\n<p><span data-ccp-props=\"{&quot;201341983&quot;:0,&quot;335559739&quot;:0,&quot;335559740&quot;:240}\">\u00a0<\/span><\/p>\n<div id=\"attachment_163010\" style=\"width: 732px\" class=\"wp-caption aligncenter\"><img loading=\"lazy\" decoding=\"async\" aria-describedby=\"caption-attachment-163010\" class=\"size-full wp-image-163010\" src=\"https:\/\/www.uv.mx\/prensa\/files\/2025\/12\/011225-PAOLA-Feria-emprendimiento-FCQ-1.jpg\" alt=\"\" width=\"722\" height=\"408\" srcset=\"https:\/\/www.uv.mx\/prensa\/files\/2025\/12\/011225-PAOLA-Feria-emprendimiento-FCQ-1.jpg 722w, https:\/\/www.uv.mx\/prensa\/files\/2025\/12\/011225-PAOLA-Feria-emprendimiento-FCQ-1-300x170.jpg 300w\" sizes=\"auto, (max-width: 722px) 100vw, 722px\" \/><p id=\"caption-attachment-163010\" class=\"wp-caption-text\">FCQ llev\u00f3 a cabo la Segunda Feria de Emprendimiento<\/p><\/div>\n<p><span data-ccp-props=\"{&quot;201341983&quot;:0,&quot;335559739&quot;:0,&quot;335559740&quot;:240}\">\u00a0<\/span><\/p>\n<p><b><i><span data-contrast=\"auto\">Paola Cort\u00e9s P\u00e9rez<\/span><\/i><\/b><span data-ccp-props=\"{&quot;201341983&quot;:0,&quot;335559739&quot;:0,&quot;335559740&quot;:240}\">\u00a0<\/span><\/p>\n<p><b><i><span data-contrast=\"auto\">Fotos: Omar Portilla Palacios<\/span><\/i><\/b><span data-ccp-props=\"{&quot;201341983&quot;:0,&quot;335559739&quot;:0,&quot;335559740&quot;:240}\">\u00a0<\/span><\/p>\n<p><b><i><span data-contrast=\"auto\">01\/12\/2025, Xalapa, Ver.-<\/span><\/i><\/b><span data-contrast=\"auto\"> La Facultad de Ciencias Qu\u00edmicas (FCQ) de la Universidad Veracruzana (UV) llev\u00f3 a cabo la Segunda Feria de Emprendimiento, cuyo objetivo es ampliar el panorama en este tema, fortalecer la creatividad e innovaci\u00f3n entre el alumnado, con el fin de que el conocimiento no se quede en las aulas.\u00a0<\/span><span data-ccp-props=\"{&quot;201341983&quot;:0,&quot;335559739&quot;:0,&quot;335559740&quot;:240}\">\u00a0<\/span><\/p>\n<p><span data-contrast=\"auto\">En esta edici\u00f3n, realizada en la explanada del \u00e1rea de laboratorios de la Unidad Acad\u00e9mica de Ingenier\u00eda, participaron alrededor de 80 estudiantes de la FCQ y de la Facultad de Qu\u00edmica Farmac\u00e9utica Biol\u00f3gica (QFB).<\/span><span data-ccp-props=\"{&quot;201341983&quot;:0,&quot;335559731&quot;:708,&quot;335559739&quot;:0,&quot;335559740&quot;:240}\">\u00a0<\/span><\/p>\n<p>&nbsp;<\/p>\n<div id=\"attachment_163009\" style=\"width: 732px\" class=\"wp-caption aligncenter\"><img loading=\"lazy\" decoding=\"async\" aria-describedby=\"caption-attachment-163009\" class=\"size-full wp-image-163009\" src=\"https:\/\/www.uv.mx\/prensa\/files\/2025\/12\/011225-PAOLA-Feria-emprendimiento-FCQ-2.jpg\" alt=\"\" width=\"722\" height=\"417\" srcset=\"https:\/\/www.uv.mx\/prensa\/files\/2025\/12\/011225-PAOLA-Feria-emprendimiento-FCQ-2.jpg 722w, https:\/\/www.uv.mx\/prensa\/files\/2025\/12\/011225-PAOLA-Feria-emprendimiento-FCQ-2-300x173.jpg 300w\" sizes=\"auto, (max-width: 722px) 100vw, 722px\" \/><p id=\"caption-attachment-163009\" class=\"wp-caption-text\">Participaron cerca de 80 alumnas y alumnos de QFB y FCQ<\/p><\/div>\n<p>&nbsp;<\/p>\n<p><span data-contrast=\"auto\">Eugenia Libertad Rubio, profesora del programa educativo de Ingenier\u00eda en Alimentos, dijo que esta actividad es importante porque permite que los j\u00f3venes desarrollen proyectos aplicados al \u00e1rea t\u00e9cnica y los presenten ante evaluadores especializados.<\/span><span data-ccp-props=\"{&quot;201341983&quot;:0,&quot;335559731&quot;:708,&quot;335559739&quot;:0,&quot;335559740&quot;:240}\">\u00a0<\/span><\/p>\n<p><span data-contrast=\"auto\">Detall\u00f3 que se presentaron aproximadamente once equipos, con igual n\u00famero de proyectos emprendedores que van desde productos alimentarios hasta plataformas digitales que bridan un servicio de investigaci\u00f3n, cosm\u00e9ticos y de uso cotidiano.<\/span><span data-ccp-props=\"{&quot;201341983&quot;:0,&quot;335559731&quot;:708,&quot;335559739&quot;:0,&quot;335559740&quot;:240}\">\u00a0<\/span><\/p>\n<p>&nbsp;<\/p>\n<div id=\"attachment_163008\" style=\"width: 732px\" class=\"wp-caption aligncenter\"><img loading=\"lazy\" decoding=\"async\" aria-describedby=\"caption-attachment-163008\" class=\"size-full wp-image-163008\" src=\"https:\/\/www.uv.mx\/prensa\/files\/2025\/12\/011225-PAOLA-Feria-emprendimiento-FCQ-3.jpg\" alt=\"\" width=\"722\" height=\"392\" srcset=\"https:\/\/www.uv.mx\/prensa\/files\/2025\/12\/011225-PAOLA-Feria-emprendimiento-FCQ-3.jpg 722w, https:\/\/www.uv.mx\/prensa\/files\/2025\/12\/011225-PAOLA-Feria-emprendimiento-FCQ-3-300x163.jpg 300w\" sizes=\"auto, (max-width: 722px) 100vw, 722px\" \/><p id=\"caption-attachment-163008\" class=\"wp-caption-text\">Se presentaron proyectos alimenticios, cosm\u00e9ticos, de plataformas digitales, entre otros<\/p><\/div>\n<p>&nbsp;<\/p>\n<p><span data-contrast=\"auto\">Reiter\u00f3 que la feria ayuda a fortalecer su formaci\u00f3n acad\u00e9mica y personal de los futuros profesionistas: \u201cLes aporta a sus habilidades blandas en cuesti\u00f3n de expresi\u00f3n, comunicaci\u00f3n y capacidad para defender un producto que ellos desarrollaron\u201d.<\/span><span data-ccp-props=\"{&quot;201341983&quot;:0,&quot;335559731&quot;:708,&quot;335559739&quot;:0,&quot;335559740&quot;:240}\">\u00a0<\/span><\/p>\n<p><span data-contrast=\"auto\">Cada uno de los proyectos fue evaluado desde el desarrollo de la idea, su elaboraci\u00f3n, proceso, seguridad e inocuidad, as\u00ed como la vida del mismo, los resultados se sumar\u00e1n a la calificaci\u00f3n final de las alumnas y los alumnos, ya que lo elaboraron a lo largo del semestre.<\/span><span data-ccp-props=\"{&quot;201341983&quot;:0,&quot;335559731&quot;:708,&quot;335559739&quot;:0,&quot;335559740&quot;:240}\">\u00a0<\/span><\/p>\n<p><span data-contrast=\"auto\">Por \u00faltimo, la docente destac\u00f3 la capacidad creativa de los participantes: \u201cLos universitarios tienen una gran capacidad de innovaci\u00f3n, son creativos, solamente les hace falta ese empuj\u00f3n o impulso que requieren para poder explotar o potencializar esas habilidades\u201d.<\/span><\/p>\n<p>&nbsp;<\/p>\n<div id=\"attachment_163011\" style=\"width: 732px\" class=\"wp-caption aligncenter\"><img loading=\"lazy\" decoding=\"async\" aria-describedby=\"caption-attachment-163011\" class=\"size-full wp-image-163011\" src=\"https:\/\/www.uv.mx\/prensa\/files\/2025\/12\/011225-PAOLA-Feria-emprendimiento-FCQ-4.jpg\" alt=\"\" width=\"722\" height=\"486\" srcset=\"https:\/\/www.uv.mx\/prensa\/files\/2025\/12\/011225-PAOLA-Feria-emprendimiento-FCQ-4.jpg 722w, https:\/\/www.uv.mx\/prensa\/files\/2025\/12\/011225-PAOLA-Feria-emprendimiento-FCQ-4-300x202.jpg 300w\" sizes=\"auto, (max-width: 722px) 100vw, 722px\" \/><p id=\"caption-attachment-163011\" class=\"wp-caption-text\">Eugenia Libertad Rubio, profesora del programa educativo de Ingenier\u00eda en Alimentos<\/p><\/div>\n","protected":false},"excerpt":{"rendered":"<p>A trav\u00e9s de la Segunda Feria de Emprendimiento, en la que participaron alrededor de 80 estudiantes de la Universidad Veracruzana\u00a0<\/p>\n","protected":false},"author":1869,"featured_media":163007,"comment_status":"closed","ping_status":"closed","sticky":false,"template":"","format":"standard","meta":{"footnotes":""},"categories":[45,15423,1,15424,61],"tags":[29467,221,12257,20388,6462,4164,29466,6925,20311],"class_list":["post-163000","post","type-post","status-publish","format-standard","has-post-thumbnail","hentry","category-ciencia","category-estudiantes","category-general","category-planta-academica","category-banner","tag-eugenia-libertad-rubio","tag-facultad-de-ciencias-quimicas-fcq","tag-facultad-de-quimica-farmaceutica-biologica-qfb","tag-licenciatura-en-ingenieria-en-alimentos","tag-omar-portilla-palacios","tag-paola-cortes-perez","tag-segunda-feria-de-emprendimiento","tag-unidad-academica-de-ingenieria","tag-universidad-veracruzana-uv"],"_links":{"self":[{"href":"https:\/\/www.uv.mx\/prensa\/wp-json\/wp\/v2\/posts\/163000","targetHints":{"allow":["GET"]}}],"collection":[{"href":"https:\/\/www.uv.mx\/prensa\/wp-json\/wp\/v2\/posts"}],"about":[{"href":"https:\/\/www.uv.mx\/prensa\/wp-json\/wp\/v2\/types\/post"}],"author":[{"embeddable":true,"href":"https:\/\/www.uv.mx\/prensa\/wp-json\/wp\/v2\/users\/1869"}],"replies":[{"embeddable":true,"href":"https:\/\/www.uv.mx\/prensa\/wp-json\/wp\/v2\/comments?post=163000"}],"version-history":[{"count":1,"href":"https:\/\/www.uv.mx\/prensa\/wp-json\/wp\/v2\/posts\/163000\/revisions"}],"predecessor-version":[{"id":163035,"href":"https:\/\/www.uv.mx\/prensa\/wp-json\/wp\/v2\/posts\/163000\/revisions\/163035"}],"wp:featuredmedia":[{"embeddable":true,"href":"https:\/\/www.uv.mx\/prensa\/wp-json\/wp\/v2\/media\/163007"}],"wp:attachment":[{"href":"https:\/\/www.uv.mx\/prensa\/wp-json\/wp\/v2\/media?parent=163000"}],"wp:term":[{"taxonomy":"category","embeddable":true,"href":"https:\/\/www.uv.mx\/prensa\/wp-json\/wp\/v2\/categories?post=163000"},{"taxonomy":"post_tag","embeddable":true,"href":"https:\/\/www.uv.mx\/prensa\/wp-json\/wp\/v2\/tags?post=163000"}],"curies":[{"name":"wp","href":"https:\/\/api.w.org\/{rel}","templated":true}]}}