{"id":162256,"date":"2025-11-12T18:58:40","date_gmt":"2025-11-13T00:58:40","guid":{"rendered":"https:\/\/www.uv.mx\/prensa\/?p=162256"},"modified":"2025-11-12T18:58:40","modified_gmt":"2025-11-13T00:58:40","slug":"uv-celebro-dia-nacional-del-libro-2","status":"publish","type":"post","link":"https:\/\/www.uv.mx\/prensa\/general\/uv-celebro-dia-nacional-del-libro-2\/","title":{"rendered":"UV celebr\u00f3 D\u00eda Nacional del Libro"},"content":{"rendered":"<ul>\n<li data-leveltext=\"\uf0b7\" data-font=\"Symbol\" data-listid=\"3\" data-list-defn-props=\"{&quot;335552541&quot;:1,&quot;335559685&quot;:720,&quot;335559991&quot;:360,&quot;469769226&quot;:&quot;Symbol&quot;,&quot;469769242&quot;:[8226],&quot;469777803&quot;:&quot;left&quot;,&quot;469777804&quot;:&quot;\uf0b7&quot;,&quot;469777815&quot;:&quot;hybridMultilevel&quot;}\" data-aria-posinset=\"1\" data-aria-level=\"1\"><i><span data-contrast=\"auto\">La Unidad de Servicios Bibliotecarios y de Informaci\u00f3n, regi\u00f3n Xalapa, festej\u00f3 con un recorrido guiado para infantes<\/span><\/i><span data-ccp-props=\"{&quot;134233117&quot;:false,&quot;134233118&quot;:false,&quot;201341983&quot;:0,&quot;335559738&quot;:0,&quot;335559739&quot;:0,&quot;335559740&quot;:240}\">\u00a0<\/span><\/li>\n<\/ul>\n<ul>\n<li data-leveltext=\"\uf0b7\" data-font=\"Symbol\" data-listid=\"3\" data-list-defn-props=\"{&quot;335552541&quot;:1,&quot;335559685&quot;:720,&quot;335559991&quot;:360,&quot;469769226&quot;:&quot;Symbol&quot;,&quot;469769242&quot;:[8226],&quot;469777803&quot;:&quot;left&quot;,&quot;469777804&quot;:&quot;\uf0b7&quot;,&quot;469777815&quot;:&quot;hybridMultilevel&quot;}\" data-aria-posinset=\"2\" data-aria-level=\"1\"><i><span data-contrast=\"auto\">Profesores y padres de familia de la Escuela Primaria \u201cJes\u00fas Reyes Heroles\u201d, turno matutino, agradecieron la acci\u00f3n universitaria<\/span><\/i><span data-ccp-props=\"{&quot;134233117&quot;:false,&quot;134233118&quot;:false,&quot;201341983&quot;:0,&quot;335559738&quot;:0,&quot;335559739&quot;:0,&quot;335559740&quot;:240}\">\u00a0<\/span><\/li>\n<\/ul>\n<p><span data-ccp-props=\"{&quot;134233117&quot;:false,&quot;134233118&quot;:false,&quot;201341983&quot;:0,&quot;335559738&quot;:0,&quot;335559739&quot;:0,&quot;335559740&quot;:240}\">\u00a0<\/span><\/p>\n<div id=\"attachment_162242\" style=\"width: 732px\" class=\"wp-caption aligncenter\"><img loading=\"lazy\" decoding=\"async\" aria-describedby=\"caption-attachment-162242\" class=\"size-full wp-image-162242\" src=\"https:\/\/www.uv.mx\/prensa\/files\/2025\/11\/121125-DAVID-Celebracion-dia-nacional-del-libro-en-USBI-1-100k.jpg\" alt=\"La USBI de la UV celebr\u00f3 el D\u00eda Nacional del Libro 2025 recibiendo al alumnado de la Escuela Primaria \u201cJes\u00fas Reyes Heroles\u201d, turno matutino \" width=\"722\" height=\"482\" srcset=\"https:\/\/www.uv.mx\/prensa\/files\/2025\/11\/121125-DAVID-Celebracion-dia-nacional-del-libro-en-USBI-1-100k.jpg 722w, https:\/\/www.uv.mx\/prensa\/files\/2025\/11\/121125-DAVID-Celebracion-dia-nacional-del-libro-en-USBI-1-100k-300x200.jpg 300w\" sizes=\"auto, (max-width: 722px) 100vw, 722px\" \/><p id=\"caption-attachment-162242\" class=\"wp-caption-text\">La USBI de la UV celebr\u00f3 el D\u00eda Nacional del Libro 2025 recibiendo al alumnado de la Escuela Primaria \u201cJes\u00fas Reyes Heroles\u201d, turno matutino<\/p><\/div>\n<p>&nbsp;<\/p>\n<p><b><i><span data-contrast=\"auto\">David Sandoval Rodr\u00edguez<\/span><\/i><\/b><span data-ccp-props=\"{&quot;134233117&quot;:false,&quot;134233118&quot;:false,&quot;201341983&quot;:0,&quot;335559738&quot;:0,&quot;335559739&quot;:0,&quot;335559740&quot;:240}\">\u00a0<\/span><\/p>\n<p><b><i><span data-contrast=\"auto\">Fotos: Luis Fernando Fern\u00e1ndez<\/span><\/i><\/b><\/p>\n<p><b><i><span data-contrast=\"auto\">12\/11\/2025, Xalapa, Ver.-<\/span><\/i><\/b><span data-contrast=\"auto\"> El D\u00eda Nacional del Libro, 12 de noviembre, fecha que se eligi\u00f3 para honrar el natalicio de sor Juana In\u00e9s de la Cruz, referente de la literatura mexicana, fue festejado por la Unidad de Servicios Bibliotecarios y de Informaci\u00f3n (USBI) de la Universidad Veracruzana (UV), recibiendo a las y los ni\u00f1os de la Escuela Primaria Matutina \u201cJes\u00fas Reyes Heroles\u201d.<\/span><span data-ccp-props=\"{&quot;134233117&quot;:false,&quot;134233118&quot;:false,&quot;201341983&quot;:0,&quot;335559738&quot;:0,&quot;335559739&quot;:0,&quot;335559740&quot;:240}\">\u00a0<\/span><\/p>\n<p><span data-contrast=\"auto\">En punto de las 9:00 horas y a las puertas del recinto, personal de la USBI, encabezados por su director administrativo, Mart\u00edn P\u00e1ez Beristain, dieron la bienvenida a los infantes, quienes acudieron acompa\u00f1ados de mam\u00e1s, pap\u00e1s, algunas hermanitas y hermanitos prescolares y profesores de los seis grados educativos.<\/span><span data-ccp-props=\"{&quot;134233117&quot;:false,&quot;134233118&quot;:false,&quot;201341983&quot;:0,&quot;335559731&quot;:708,&quot;335559738&quot;:0,&quot;335559739&quot;:0,&quot;335559740&quot;:240}\">\u00a0<\/span><\/p>\n<p><span data-contrast=\"auto\">A pesar de la expectaci\u00f3n de los ni\u00f1os, en completo orden permitieron la conformaci\u00f3n de varios grupos con los cuales ingresaron al vest\u00edbulo e iniciaron distintos recorridos por el espacio universitario: un grupo subi\u00f3 a la primera planta, otro descendi\u00f3 al s\u00f3tano, donde se encuentran las colecciones especiales, y uno m\u00e1s conoci\u00f3 el acceso principal, as\u00ed como las salas de lectura que se encuentran en la planta baja.<\/span><\/p>\n<div id=\"attachment_162243\" style=\"width: 732px\" class=\"wp-caption aligncenter\"><img loading=\"lazy\" decoding=\"async\" aria-describedby=\"caption-attachment-162243\" class=\"size-full wp-image-162243\" src=\"https:\/\/www.uv.mx\/prensa\/files\/2025\/11\/121125-DAVID-Celebracion-dia-nacional-del-libro-en-USBI-2-100k.jpg\" alt=\"Ni\u00f1as y ni\u00f1os conocieron las salas de lectura y la forma en la que se clasifican los libros \" width=\"722\" height=\"482\" srcset=\"https:\/\/www.uv.mx\/prensa\/files\/2025\/11\/121125-DAVID-Celebracion-dia-nacional-del-libro-en-USBI-2-100k.jpg 722w, https:\/\/www.uv.mx\/prensa\/files\/2025\/11\/121125-DAVID-Celebracion-dia-nacional-del-libro-en-USBI-2-100k-300x200.jpg 300w\" sizes=\"auto, (max-width: 722px) 100vw, 722px\" \/><p id=\"caption-attachment-162243\" class=\"wp-caption-text\">Ni\u00f1as y ni\u00f1os conocieron las salas de lectura y la forma en la que se clasifican los libros<\/p><\/div>\n<p>&nbsp;<\/p>\n<p><span data-contrast=\"auto\">David Gonz\u00e1lez Parra, encargado de servicio al p\u00fablico en el turno matutino, explic\u00f3 los detalles y las caracter\u00edsticas particulares de esta celebraci\u00f3n que invita al p\u00fablico a conocer el recinto.<\/span><span data-ccp-props=\"{&quot;134233117&quot;:false,&quot;134233118&quot;:false,&quot;201341983&quot;:0,&quot;335559731&quot;:705,&quot;335559738&quot;:0,&quot;335559739&quot;:0,&quot;335559740&quot;:240}\">\u00a0<\/span><\/p>\n<p><span data-contrast=\"auto\">\u201cSe invit\u00f3 a una escuela primaria para una visita guiada, un taller de encuadernaci\u00f3n y una sesi\u00f3n de lectura; todo esto se hace para que los ni\u00f1os conozcan la USBI, su espacio de biblioteca y los servicios que les podemos proporcionar\u201d.<\/span><span data-ccp-props=\"{&quot;134233117&quot;:false,&quot;134233118&quot;:false,&quot;201341983&quot;:0,&quot;335559731&quot;:705,&quot;335559738&quot;:0,&quot;335559739&quot;:0,&quot;335559740&quot;:240}\">\u00a0<\/span><\/p>\n<p><span data-contrast=\"auto\">Reconoci\u00f3 que los infantes tienen siempre curiosidad y por ello se adapta la visita a las edades de quienes asisten, \u201cles manejamos temas que les pueden interesar, como en este caso los dinosaurios, as\u00ed captamos su curiosidad y les podemos decir qu\u00e9 libros les servir\u00e1n para llegar a ser quien desean ser\u201d.<\/span><\/p>\n<div id=\"attachment_162244\" style=\"width: 732px\" class=\"wp-caption aligncenter\"><img loading=\"lazy\" decoding=\"async\" aria-describedby=\"caption-attachment-162244\" class=\"size-full wp-image-162244\" src=\"https:\/\/www.uv.mx\/prensa\/files\/2025\/11\/121125-DAVID-Celebracion-dia-nacional-del-libro-en-USBI-3-100k.jpg\" alt=\"Alumnas y alumnos de cuarto grado participaron en un taller de encuadernaci\u00f3n \" width=\"722\" height=\"482\" srcset=\"https:\/\/www.uv.mx\/prensa\/files\/2025\/11\/121125-DAVID-Celebracion-dia-nacional-del-libro-en-USBI-3-100k.jpg 722w, https:\/\/www.uv.mx\/prensa\/files\/2025\/11\/121125-DAVID-Celebracion-dia-nacional-del-libro-en-USBI-3-100k-300x200.jpg 300w\" sizes=\"auto, (max-width: 722px) 100vw, 722px\" \/><p id=\"caption-attachment-162244\" class=\"wp-caption-text\">Alumnas y alumnos de cuarto grado participaron en un taller de encuadernaci\u00f3n<\/p><\/div>\n<p>&nbsp;<\/p>\n<p><span data-contrast=\"auto\">La intenci\u00f3n principal es fomentar en ellos el inter\u00e9s por la lectura y que sepan que una biblioteca les permite ampliar ese mundo; adem\u00e1s, agreg\u00f3 \u201cque vengan a visitarnos llena al espacio de alegr\u00eda y tambi\u00e9n buscar que la lectura no sea aburrida, que el encuadernar, escribir o escuchar un cuento les brinda una perspectiva diferente\u201d.<\/span><span data-ccp-props=\"{&quot;134233117&quot;:false,&quot;134233118&quot;:false,&quot;201341983&quot;:0,&quot;335559731&quot;:705,&quot;335559738&quot;:0,&quot;335559739&quot;:0,&quot;335559740&quot;:240}\">\u00a0<\/span><\/p>\n<p><span data-contrast=\"auto\">Es una visita muy productiva para ellos, afirm\u00f3 Marlen Hern\u00e1ndez, profesora de cuarto grado de la escuela primaria, dado que en su contexto cotidiano desconocen c\u00f3mo es una biblioteca y en particular la de la UV. Es importante tambi\u00e9n que los padres de familia vean que existen otras opciones a donde pueden llevar a sus hijos.<\/span><span data-ccp-props=\"{&quot;134233117&quot;:false,&quot;134233118&quot;:false,&quot;201341983&quot;:0,&quot;335559731&quot;:705,&quot;335559738&quot;:0,&quot;335559739&quot;:0,&quot;335559740&quot;:240}\">\u00a0<\/span><\/p>\n<p><span data-contrast=\"auto\">\u201cQue vean que existen otras opciones puede ser muy enriquecedor para ellos y para sus padres\u201d, enfatiz\u00f3 Fabi\u00e1n Romero, docente tambi\u00e9n de cuarto grado, quien coment\u00f3 que los profesores se organizaron para poder traer un grupo de cada uno de los grados escolares.<\/span><\/p>\n<div id=\"attachment_162245\" style=\"width: 732px\" class=\"wp-caption aligncenter\"><img loading=\"lazy\" decoding=\"async\" aria-describedby=\"caption-attachment-162245\" class=\"size-full wp-image-162245\" src=\"https:\/\/www.uv.mx\/prensa\/files\/2025\/11\/121125-DAVID-Celebracion-dia-nacional-del-libro-en-USBI-4-100k.jpg\" alt=\"David Gonz\u00e1lez, encargado de servicio al p\u00fablico, dijo que esta forma de celebraci\u00f3n es una invitaci\u00f3n a la lectura \" width=\"722\" height=\"482\" srcset=\"https:\/\/www.uv.mx\/prensa\/files\/2025\/11\/121125-DAVID-Celebracion-dia-nacional-del-libro-en-USBI-4-100k.jpg 722w, https:\/\/www.uv.mx\/prensa\/files\/2025\/11\/121125-DAVID-Celebracion-dia-nacional-del-libro-en-USBI-4-100k-300x200.jpg 300w\" sizes=\"auto, (max-width: 722px) 100vw, 722px\" \/><p id=\"caption-attachment-162245\" class=\"wp-caption-text\">David Gonz\u00e1lez, encargado de servicio al p\u00fablico, dijo que esta forma de celebraci\u00f3n es una invitaci\u00f3n a la lectura<\/p><\/div>\n<p>&nbsp;<\/p>\n<p><span data-contrast=\"auto\">\u201cLos alumnos est\u00e1n muy interesados, bien entretenidos\u201d, se\u00f1al\u00f3 el profesor.<\/span><span data-ccp-props=\"{&quot;134233117&quot;:false,&quot;134233118&quot;:false,&quot;201341983&quot;:0,&quot;335559731&quot;:705,&quot;335559738&quot;:0,&quot;335559739&quot;:0,&quot;335559740&quot;:240}\">\u00a0<\/span><\/p>\n<p><span data-contrast=\"auto\">\u201cVeo a los ni\u00f1os muy quietecitos, muy interesados, y ahora que conozcan los jardines y \u00e1reas verdes se van a volver locos, les va a gustar mucho\u201d, a\u00f1adi\u00f3 la maestra.<\/span><span data-ccp-props=\"{&quot;134233117&quot;:false,&quot;134233118&quot;:false,&quot;201341983&quot;:0,&quot;335559731&quot;:705,&quot;335559738&quot;:0,&quot;335559739&quot;:0,&quot;335559740&quot;:240}\">\u00a0<\/span><\/p>\n<p><span data-contrast=\"auto\">Tadeo Emanuel, de 10 a\u00f1os, cursa el quinto a\u00f1o de primaria y disfrut\u00f3 mucho la experiencia participar en el taller de encuadernado, dijo su mam\u00e1, Ariadna Capetillo Romero, quien record\u00f3 que los ni\u00f1os actualmente desconocen qu\u00e9 es y para qu\u00e9 sirve una biblioteca, dado que la mayor\u00eda de sus tareas escolares las resuelven consultando internet.<\/span><\/p>\n<div id=\"attachment_162246\" style=\"width: 732px\" class=\"wp-caption aligncenter\"><img loading=\"lazy\" decoding=\"async\" aria-describedby=\"caption-attachment-162246\" class=\"size-full wp-image-162246\" src=\"https:\/\/www.uv.mx\/prensa\/files\/2025\/11\/121125-DAVID-Celebracion-dia-nacional-del-libro-en-USBI-5-100k.jpg\" alt=\"Marlen Hern\u00e1ndez y Fabi\u00e1n Romero, profesores de la Escuela Primaria \u201cJes\u00fas Reyes Heroles\u201d \" width=\"722\" height=\"482\" srcset=\"https:\/\/www.uv.mx\/prensa\/files\/2025\/11\/121125-DAVID-Celebracion-dia-nacional-del-libro-en-USBI-5-100k.jpg 722w, https:\/\/www.uv.mx\/prensa\/files\/2025\/11\/121125-DAVID-Celebracion-dia-nacional-del-libro-en-USBI-5-100k-300x200.jpg 300w\" sizes=\"auto, (max-width: 722px) 100vw, 722px\" \/><p id=\"caption-attachment-162246\" class=\"wp-caption-text\">Marlen Hern\u00e1ndez y Fabi\u00e1n Romero, profesores de la Escuela Primaria \u201cJes\u00fas Reyes Heroles\u201d<\/p><\/div>\n<p>&nbsp;<\/p>\n<p><span data-contrast=\"auto\">Personalmente, le pareci\u00f3 muy interesante el recorrido que hicieron por las instalaciones, que consider\u00f3 espaciosas, ordenadas y con diversos lugares donde pueden hacer tareas y pasar un momento de lectura.<\/span><span data-ccp-props=\"{&quot;134233117&quot;:false,&quot;134233118&quot;:false,&quot;201341983&quot;:0,&quot;335559731&quot;:705,&quot;335559738&quot;:0,&quot;335559739&quot;:0,&quot;335559740&quot;:240}\">\u00a0<\/span><\/p>\n<p><span data-contrast=\"auto\">Abril Xcaret, mam\u00e1 de Abril, una ni\u00f1a de 10 a\u00f1os que cursa el quinto grado de primaria, opin\u00f3 que fue muy positivo hacer de esta forma la celebraci\u00f3n, ya que le permiti\u00f3 conocer a ella misma la USBI y descubrir c\u00f3mo a su hija tambi\u00e9n le llam\u00f3 la atenci\u00f3n.<\/span><span data-ccp-props=\"{&quot;134233117&quot;:false,&quot;134233118&quot;:false,&quot;201341983&quot;:0,&quot;335559731&quot;:705,&quot;335559738&quot;:0,&quot;335559739&quot;:0,&quot;335559740&quot;:240}\">\u00a0<\/span><\/p>\n<p><span data-contrast=\"auto\">\u201cLa verdad es que es sumamente interesante. Cuando ven\u00eda a realizar mis investigaciones durante la preparatoria realmente hac\u00eda uso de las instalaciones, pero venir con mi hija lo hace una experiencia muy buena; adem\u00e1s, el personal est\u00e1 en total disposici\u00f3n para apoyarnos, tienen paciencia. Veo a mi hija y sus compa\u00f1eros muy felices\u201d.<\/span><\/p>\n<div id=\"attachment_162247\" style=\"width: 732px\" class=\"wp-caption aligncenter\"><img loading=\"lazy\" decoding=\"async\" aria-describedby=\"caption-attachment-162247\" class=\"size-full wp-image-162247\" src=\"https:\/\/www.uv.mx\/prensa\/files\/2025\/11\/121125-DAVID-Celebracion-dia-nacional-del-libro-en-USBI-6-100k.jpg\" alt=\"Ariadna Capetillo, mam\u00e1 de Tadeo, ni\u00f1o de 10 a\u00f1os que particip\u00f3 en el taller de encuadernaci\u00f3n \" width=\"722\" height=\"482\" srcset=\"https:\/\/www.uv.mx\/prensa\/files\/2025\/11\/121125-DAVID-Celebracion-dia-nacional-del-libro-en-USBI-6-100k.jpg 722w, https:\/\/www.uv.mx\/prensa\/files\/2025\/11\/121125-DAVID-Celebracion-dia-nacional-del-libro-en-USBI-6-100k-300x200.jpg 300w\" sizes=\"auto, (max-width: 722px) 100vw, 722px\" \/><p id=\"caption-attachment-162247\" class=\"wp-caption-text\">Ariadna Capetillo, mam\u00e1 de Tadeo, ni\u00f1o de 10 a\u00f1os que particip\u00f3 en el taller de encuadernaci\u00f3n<\/p><\/div>\n<p>&nbsp;<\/p>\n<p><span data-contrast=\"auto\">Tania Enr\u00edquez, analista documental en la USBI, refiri\u00f3 que en 2024 se invit\u00f3 a dos escuelas primarias, tanto turno matutino como vespertino; este a\u00f1o aceptaron la invitaci\u00f3n de la Escuela \u201cJes\u00fas Reyes Heroles\u201d, turno matutino, porque algunos profesores del turno vespertino hab\u00edan llevado con anterioridad a sus grupos en el D\u00eda Nacional del Libro y les gust\u00f3 mucho la din\u00e1mica.<\/span><span data-ccp-props=\"{&quot;134233117&quot;:false,&quot;134233118&quot;:false,&quot;201341983&quot;:0,&quot;335559731&quot;:705,&quot;335559738&quot;:0,&quot;335559739&quot;:0,&quot;335559740&quot;:240}\">\u00a0<\/span><\/p>\n<p><span data-contrast=\"auto\">\u201cLa idea es realizar una actividad de \u2018casa abierta\u2019 como ocurre en otras instituciones educativas, que los ni\u00f1os conozcan y sepan que pueden venir, por ello dise\u00f1amos actividades para nuestros futuros usuarios\u201d, explic\u00f3.<\/span><span data-ccp-props=\"{&quot;134233117&quot;:false,&quot;134233118&quot;:false,&quot;201341983&quot;:0,&quot;335559731&quot;:705,&quot;335559738&quot;:0,&quot;335559739&quot;:0,&quot;335559740&quot;:240}\">\u00a0<\/span><\/p>\n<p><span data-contrast=\"auto\">\u201cPara algunos peque\u00f1os es impresionante venir al edificio, recorrerlo, porque no tienen la experiencia previa; siendo realistas, Xalapa casi no tiene bibliotecas y esta les dedica un tiempo a ellos. Dentro de la Nueva Escuela Mexicana es lo que se considera un aprendizaje significativo\u201d, resalt\u00f3.<\/span><\/p>\n<div id=\"attachment_162248\" style=\"width: 732px\" class=\"wp-caption aligncenter\"><img loading=\"lazy\" decoding=\"async\" aria-describedby=\"caption-attachment-162248\" class=\"size-full wp-image-162248\" src=\"https:\/\/www.uv.mx\/prensa\/files\/2025\/11\/121125-DAVID-Celebracion-dia-nacional-del-libro-en-USBI-7-100k.jpg\" alt=\"Abril Xcaret es mam\u00e1 de una ni\u00f1a de 10 a\u00f1os con quien comparti\u00f3 su gusto por visitar la USBI y sumarse a las actividades \" width=\"722\" height=\"482\" srcset=\"https:\/\/www.uv.mx\/prensa\/files\/2025\/11\/121125-DAVID-Celebracion-dia-nacional-del-libro-en-USBI-7-100k.jpg 722w, https:\/\/www.uv.mx\/prensa\/files\/2025\/11\/121125-DAVID-Celebracion-dia-nacional-del-libro-en-USBI-7-100k-300x200.jpg 300w\" sizes=\"auto, (max-width: 722px) 100vw, 722px\" \/><p id=\"caption-attachment-162248\" class=\"wp-caption-text\">Abril Xcaret es mam\u00e1 de una ni\u00f1a de 10 a\u00f1os con quien comparti\u00f3 su gusto por visitar la USBI y sumarse a las actividades<\/p><\/div>\n<p>&nbsp;<\/p>\n<p><span data-contrast=\"auto\">La planeaci\u00f3n del evento conlleva varios meses, en agosto inician los preparativos y la invitaci\u00f3n a centros escolares se env\u00edan a mediados de octubre para poder recibir a distintos grupos en diferentes horarios y d\u00edas de la semana, pues son varios integrantes de la USBI quienes dan los recorridos, otros imparten los talleres, y algunos m\u00e1s se encargan de las sesiones de lectura en las salas.<\/span><span data-ccp-props=\"{&quot;134233117&quot;:false,&quot;134233118&quot;:false,&quot;201341983&quot;:0,&quot;335559731&quot;:705,&quot;335559738&quot;:0,&quot;335559739&quot;:0,&quot;335559740&quot;:240}\">\u00a0<\/span><\/p>\n<p><span data-contrast=\"auto\">Record\u00f3 tambi\u00e9n que han recibido grupos de jardines de ni\u00f1os, grupos de otras comunidades, como la localidad El Conejo, escuelas secundarias y alumnos del Instituto Superior de M\u00fasica; para todos ellos se crean actividades adecuadas en las que puedan interactuar, fomentando su inter\u00e9s en la biblioteca y el gusto por la lectura.<\/span><\/p>\n<div id=\"attachment_162249\" style=\"width: 732px\" class=\"wp-caption aligncenter\"><img loading=\"lazy\" decoding=\"async\" aria-describedby=\"caption-attachment-162249\" class=\"size-full wp-image-162249\" src=\"https:\/\/www.uv.mx\/prensa\/files\/2025\/11\/121125-DAVID-Celebracion-dia-nacional-del-libro-en-USBI-8-100k.jpg\" alt=\"Tania Enr\u00edquez, analista documental que colabora en la organizaci\u00f3n del D\u00eda Nacional del Libro en la USBI \" width=\"722\" height=\"482\" srcset=\"https:\/\/www.uv.mx\/prensa\/files\/2025\/11\/121125-DAVID-Celebracion-dia-nacional-del-libro-en-USBI-8-100k.jpg 722w, https:\/\/www.uv.mx\/prensa\/files\/2025\/11\/121125-DAVID-Celebracion-dia-nacional-del-libro-en-USBI-8-100k-300x200.jpg 300w\" sizes=\"auto, (max-width: 722px) 100vw, 722px\" \/><p id=\"caption-attachment-162249\" class=\"wp-caption-text\">Tania Enr\u00edquez, analista documental que colabora en la organizaci\u00f3n del D\u00eda Nacional del Libro en la USBI<\/p><\/div>\n","protected":false},"excerpt":{"rendered":"<p>Las y los ni\u00f1os de todos los niveles escolares dieron un recorrido por las instalaciones universitarias, participaron en un taller de encuadernaci\u00f3n y redactaron un texto <\/p>\n","protected":false},"author":1775,"featured_media":162250,"comment_status":"closed","ping_status":"closed","sticky":false,"template":"","format":"standard","meta":{"footnotes":""},"categories":[11,15423,1,61],"tags":[28962,28967,28966,28963,4159,5262,6706,28965,2512,6592,28964,13557,8723,28968,572,279],"class_list":["post-162256","post","type-post","status-publish","format-standard","has-post-thumbnail","hentry","category-cultura","category-estudiantes","category-general","category-banner","tag-12-de-noviembre","tag-abril-xcaret","tag-ariadna-capetillo-romero","tag-david-gonzalez-parra","tag-david-sandoval-rodriguez","tag-dia-nacional-del-libro","tag-escuela-primaria","tag-fabian-romero","tag-jesus-reyes-heroles","tag-luis-fernando-fernandez","tag-marlen-hernandez","tag-nueva-escuela-mexicana","tag-sor-juana-ines-de-la-cruz","tag-tania-enriquez","tag-unidad-de-servicios-bibliotecarios-y-de-informacion","tag-usbi"],"_links":{"self":[{"href":"https:\/\/www.uv.mx\/prensa\/wp-json\/wp\/v2\/posts\/162256","targetHints":{"allow":["GET"]}}],"collection":[{"href":"https:\/\/www.uv.mx\/prensa\/wp-json\/wp\/v2\/posts"}],"about":[{"href":"https:\/\/www.uv.mx\/prensa\/wp-json\/wp\/v2\/types\/post"}],"author":[{"embeddable":true,"href":"https:\/\/www.uv.mx\/prensa\/wp-json\/wp\/v2\/users\/1775"}],"replies":[{"embeddable":true,"href":"https:\/\/www.uv.mx\/prensa\/wp-json\/wp\/v2\/comments?post=162256"}],"version-history":[{"count":1,"href":"https:\/\/www.uv.mx\/prensa\/wp-json\/wp\/v2\/posts\/162256\/revisions"}],"predecessor-version":[{"id":162257,"href":"https:\/\/www.uv.mx\/prensa\/wp-json\/wp\/v2\/posts\/162256\/revisions\/162257"}],"wp:featuredmedia":[{"embeddable":true,"href":"https:\/\/www.uv.mx\/prensa\/wp-json\/wp\/v2\/media\/162250"}],"wp:attachment":[{"href":"https:\/\/www.uv.mx\/prensa\/wp-json\/wp\/v2\/media?parent=162256"}],"wp:term":[{"taxonomy":"category","embeddable":true,"href":"https:\/\/www.uv.mx\/prensa\/wp-json\/wp\/v2\/categories?post=162256"},{"taxonomy":"post_tag","embeddable":true,"href":"https:\/\/www.uv.mx\/prensa\/wp-json\/wp\/v2\/tags?post=162256"}],"curies":[{"name":"wp","href":"https:\/\/api.w.org\/{rel}","templated":true}]}}