{"id":162251,"date":"2025-11-12T18:30:12","date_gmt":"2025-11-13T00:30:12","guid":{"rendered":"https:\/\/www.uv.mx\/prensa\/?p=162251"},"modified":"2025-11-12T18:30:12","modified_gmt":"2025-11-13T00:30:12","slug":"urgente-crear-estrategias-de-prevencion-de-drogas","status":"publish","type":"post","link":"https:\/\/www.uv.mx\/prensa\/general\/urgente-crear-estrategias-de-prevencion-de-drogas\/","title":{"rendered":"Urgente crear estrategias de prevenci\u00f3n de drogas"},"content":{"rendered":"<ul>\n<li data-leveltext=\"\uf0b7\" data-font=\"Symbol\" data-listid=\"1\" data-list-defn-props=\"{&quot;335552541&quot;:1,&quot;335559685&quot;:720,&quot;335559991&quot;:360,&quot;469769226&quot;:&quot;Symbol&quot;,&quot;469769242&quot;:[8226],&quot;469777803&quot;:&quot;left&quot;,&quot;469777804&quot;:&quot;\uf0b7&quot;,&quot;469777815&quot;:&quot;hybridMultilevel&quot;}\" data-aria-posinset=\"1\" data-aria-level=\"1\"><i><span data-contrast=\"auto\">Especialistas gubernamentales, acad\u00e9micos y de la sociedad civil se mostraron preocupados por la desarticulaci\u00f3n entre instituciones, falta de diagn\u00f3sticos y necesidad de reducir da\u00f1os<\/span><\/i><span data-ccp-props=\"{&quot;201341983&quot;:0,&quot;335559739&quot;:0,&quot;335559740&quot;:240}\">\u00a0<\/span><\/li>\n<\/ul>\n<ul>\n<li data-leveltext=\"\uf0b7\" data-font=\"Symbol\" data-listid=\"1\" data-list-defn-props=\"{&quot;335552541&quot;:1,&quot;335559685&quot;:720,&quot;335559991&quot;:360,&quot;469769226&quot;:&quot;Symbol&quot;,&quot;469769242&quot;:[8226],&quot;469777803&quot;:&quot;left&quot;,&quot;469777804&quot;:&quot;\uf0b7&quot;,&quot;469777815&quot;:&quot;hybridMultilevel&quot;}\" data-aria-posinset=\"2\" data-aria-level=\"1\"><i><span data-contrast=\"auto\">Participaron en la mesa \u201cHacia una agenda com\u00fan de acci\u00f3n para Veracruz\u201d, en el XIV Foro de Investigaci\u00f3n-Acci\u00f3n en Prevenci\u00f3n del Consumo de Drogas<\/span><\/i><span data-ccp-props=\"{&quot;201341983&quot;:0,&quot;335559739&quot;:0,&quot;335559740&quot;:240}\">\u00a0<\/span><\/li>\n<\/ul>\n<p><span data-ccp-props=\"{&quot;201341983&quot;:0,&quot;335559739&quot;:0,&quot;335559740&quot;:240}\">\u00a0<\/span><\/p>\n<div id=\"attachment_162226\" style=\"width: 732px\" class=\"wp-caption aligncenter\"><img aria-describedby=\"caption-attachment-162226\" decoding=\"async\" loading=\"lazy\" class=\"size-full wp-image-162226\" src=\"https:\/\/www.uv.mx\/prensa\/files\/2025\/11\/111125-PAOLA-Mesa-de-discusion-1.jpg\" alt=\"Especialistas coincidieron en la relevancia de formar profesionales en materia de prevenci\u00f3n y atenci\u00f3n de adicciones \" width=\"722\" height=\"295\" srcset=\"https:\/\/www.uv.mx\/prensa\/files\/2025\/11\/111125-PAOLA-Mesa-de-discusion-1.jpg 722w, https:\/\/www.uv.mx\/prensa\/files\/2025\/11\/111125-PAOLA-Mesa-de-discusion-1-300x123.jpg 300w\" sizes=\"(max-width: 722px) 100vw, 722px\" \/><p id=\"caption-attachment-162226\" class=\"wp-caption-text\">Especialistas coincidieron en la relevancia de formar profesionales en materia de prevenci\u00f3n y atenci\u00f3n de adicciones<\/p><\/div>\n<p>&nbsp;<\/p>\n<p><b><i><span data-contrast=\"auto\">Paola Cort\u00e9s P\u00e9rez<\/span><\/i><\/b><span data-ccp-props=\"{&quot;201341983&quot;:0,&quot;335559739&quot;:0,&quot;335559740&quot;:240}\">\u00a0<\/span><\/p>\n<p><b><i><span data-contrast=\"auto\">Fotos: Paola Cort\u00e9s y Omar Portilla Palacios<\/span><\/i><\/b><\/p>\n<p><b><i><span data-contrast=\"auto\">12\/11\/2025, Xalapa, Ver.-<\/span><\/i><\/b><span data-contrast=\"auto\"> En la Universidad Veracruzana (UV), especialistas de los \u00e1mbitos gubernamental, acad\u00e9mico y de la sociedad civil coincidieron en la urgencia de fortalecer pol\u00edticas p\u00fablicas, homologar leyes y crear estrategias conjuntas en prevenci\u00f3n, tratamiento y reducci\u00f3n de da\u00f1os por consumo de drogas.<\/span><span data-ccp-props=\"{&quot;201341983&quot;:0,&quot;335559739&quot;:0,&quot;335559740&quot;:240}\">\u00a0<\/span><\/p>\n<p><span data-contrast=\"auto\">Lo anterior, durante la mesa \u201cHacia una agenda com\u00fan de acci\u00f3n para Veracruz\u201d, en el marco del XIV Foro de Investigaci\u00f3n-Acci\u00f3n en Prevenci\u00f3n del Consumo de Drogas \u201cPanorama actual del consumo de drogas de Veracruz: Retos y perspectivas\u201d.<\/span><span data-ccp-props=\"{&quot;201341983&quot;:0,&quot;335559731&quot;:708,&quot;335559739&quot;:0,&quot;335559740&quot;:240}\">\u00a0<\/span><\/p>\n<p><span data-contrast=\"auto\">En el panel participaron: Carlos Jos\u00e9 S\u00e1enz \u00c1lvarez, responsable de la Comisi\u00f3n Estatal contra las Adicciones (<\/span><i><span data-contrast=\"auto\">Ceca<\/span><\/i><span data-contrast=\"auto\">); Norberto Hern\u00e1ndez Llanes, asesor cient\u00edfico de la Campa\u00f1a de Alcohol en El Poder del Consumidor, A. C.; Zara Snapp, directora del Instituto RIA, y Jorge S\u00e1nchez-Mejorada Fern\u00e1ndez, coordinador del Centro para el Desarrollo Humano e Integral de los Universitarios (<\/span><i><span data-contrast=\"auto\">Cendhiu<\/span><\/i><span data-contrast=\"auto\">) de la de la Universidad Veracruzana (UV).<\/span><span data-ccp-props=\"{&quot;201341983&quot;:0,&quot;335559731&quot;:708,&quot;335559739&quot;:0,&quot;335559740&quot;:240}\">\u00a0<\/span><\/p>\n<p><span data-contrast=\"auto\">La moderaci\u00f3n corri\u00f3 a cargo de X\u00f3chitl De San Jorge C\u00e1rdenas, investigadora del Instituto de Ciencias de la Salud de esta casa de estudios, quien dijo que el prop\u00f3sito del encuentro fue reflexionar sobre los retos actuales del consumo de drogas en la entidad y la necesidad de articular esfuerzos interinstitucionales.<\/span><span data-ccp-props=\"{&quot;201341983&quot;:0,&quot;335559731&quot;:708,&quot;335559739&quot;:0,&quot;335559740&quot;:240}\">\u00a0<\/span><\/p>\n<p><span data-contrast=\"auto\">\u201cNo contamos con estudios recientes sobre salud mental y consumo de drogas en el estado ni en el pa\u00eds, y carecemos de un diagn\u00f3stico epidemiol\u00f3gico integral; sin embargo, sabemos que el problema ha crecido, que afecta la salud integral de los veracruzanos e involucra a las familias y al entorno social\u201d, expres\u00f3.<\/span><\/p>\n<div id=\"attachment_162225\" style=\"width: 732px\" class=\"wp-caption aligncenter\"><img aria-describedby=\"caption-attachment-162225\" decoding=\"async\" loading=\"lazy\" class=\"size-full wp-image-162225\" src=\"https:\/\/www.uv.mx\/prensa\/files\/2025\/11\/111125-PAOLA-Mesa-de-discusion-2.jpg\" alt=\"Carlos Jos\u00e9 S\u00e1enz \u00c1lvarez, responsable de la Comisi\u00f3n Estatal contra las Adicciones \" width=\"722\" height=\"406\" srcset=\"https:\/\/www.uv.mx\/prensa\/files\/2025\/11\/111125-PAOLA-Mesa-de-discusion-2.jpg 722w, https:\/\/www.uv.mx\/prensa\/files\/2025\/11\/111125-PAOLA-Mesa-de-discusion-2-300x169.jpg 300w\" sizes=\"(max-width: 722px) 100vw, 722px\" \/><p id=\"caption-attachment-162225\" class=\"wp-caption-text\">Carlos Jos\u00e9 S\u00e1enz \u00c1lvarez, responsable de la Comisi\u00f3n Estatal contra las Adicciones<\/p><\/div>\n<p>&nbsp;<\/p>\n<p><b><span data-contrast=\"auto\">Falta de conocimiento y coordinaci\u00f3n interinstitucional<\/span><\/b><span data-ccp-props=\"{&quot;201341983&quot;:0,&quot;335559739&quot;:0,&quot;335559740&quot;:240}\"><br \/>\n<\/span><span data-contrast=\"auto\">Carlos Jos\u00e9 S\u00e1enz \u00c1lvarez comparti\u00f3 su experiencia de m\u00e1s de 18 a\u00f1os en el Centro Estatal C\u00faspide y subray\u00f3 las limitaciones con las que a\u00fan opera el sistema: \u201cHe encontrado desconocimiento de la ley, de las opciones para el manejo y tratamiento de adicciones, y de la propia <\/span><i><span data-contrast=\"auto\">Ceca<\/span><\/i><span data-contrast=\"auto\">, incluso hay secretar\u00edas que desconocen nuestras funciones, y lo ignoran incluso legisladores y senadores\u201d, se\u00f1al\u00f3.<\/span><span data-ccp-props=\"{&quot;201341983&quot;:0,&quot;335559739&quot;:0,&quot;335559740&quot;:240}\">\u00a0<\/span><\/p>\n<p><span data-contrast=\"auto\">Mencion\u00f3 que persiste el estigma y la falta de informaci\u00f3n entre la poblaci\u00f3n: \u201cLa gente a\u00fan tiene miedo de pedir ayuda; sigue habiendo muchos tab\u00faes. Nuestros servicios son gratuitos, pero muchos lo ignoran o no creen que sea as\u00ed\u201d.<\/span><span data-ccp-props=\"{&quot;201341983&quot;:0,&quot;335559731&quot;:708,&quot;335559739&quot;:0,&quot;335559740&quot;:240}\">\u00a0<\/span><\/p>\n<p><span data-contrast=\"auto\">Aunque la <\/span><i><span data-contrast=\"auto\">Ceca<\/span><\/i><span data-contrast=\"auto\"> promueve la regularizaci\u00f3n de centros de tratamiento conforme a la Norma Oficial Mexicana NOM-028-SSA2-2009, a\u00fan existen internamientos en contra de la voluntad de las personas y fuera de la ley. \u201cNos hace falta progresar, y estos foros deber\u00edan involucrar a quienes toman decisiones legislativas\u201d.<\/span><span data-ccp-props=\"{&quot;201341983&quot;:0,&quot;335559731&quot;:708,&quot;335559739&quot;:0,&quot;335559740&quot;:240}\">\u00a0<\/span><\/p>\n<p><span data-contrast=\"auto\">S\u00e1enz \u00c1lvarez propuso regular y homologar las pol\u00edticas p\u00fablicas de la federaci\u00f3n con las estatales: \u201cTodos los estados trabajan de forma diferente, por lo que necesitamos actualizar leyes, adaptarlas a las necesidades actuales y fortalecer la prevenci\u00f3n en comunidades y escuelas. La homologaci\u00f3n de esfuerzos ser\u00eda muy importante\u201d.<\/span><span data-ccp-props=\"{&quot;201341983&quot;:0,&quot;335559731&quot;:708,&quot;335559739&quot;:0,&quot;335559740&quot;:240}\">\u00a0<\/span><\/p>\n<p><span data-contrast=\"auto\">En su conclusi\u00f3n, recalc\u00f3: \u201cNo podemos incidir en la oferta, pero s\u00ed en la demanda; debemos adaptarnos a las edades, culturas y regiones para incidir en la prevenci\u00f3n del consumo\u201d.<\/span><\/p>\n<div id=\"attachment_162224\" style=\"width: 732px\" class=\"wp-caption aligncenter\"><img aria-describedby=\"caption-attachment-162224\" decoding=\"async\" loading=\"lazy\" class=\"size-full wp-image-162224\" src=\"https:\/\/www.uv.mx\/prensa\/files\/2025\/11\/111125-PAOLA-Mesa-de-discusion-3.jpg\" alt=\"Norberto Hern\u00e1ndez, asesor cient\u00edfico de la Campa\u00f1a de Alcohol en El Poder del Consumidor, A. C. \" width=\"722\" height=\"402\" srcset=\"https:\/\/www.uv.mx\/prensa\/files\/2025\/11\/111125-PAOLA-Mesa-de-discusion-3.jpg 722w, https:\/\/www.uv.mx\/prensa\/files\/2025\/11\/111125-PAOLA-Mesa-de-discusion-3-300x167.jpg 300w\" sizes=\"(max-width: 722px) 100vw, 722px\" \/><p id=\"caption-attachment-162224\" class=\"wp-caption-text\">Norberto Hern\u00e1ndez, asesor cient\u00edfico de la Campa\u00f1a de Alcohol en El Poder del Consumidor, A. C.<\/p><\/div>\n<p>&nbsp;<\/p>\n<p><b><span data-contrast=\"auto\">Urge incidencia pol\u00edtica y una ley general sobre el alcohol<\/span><\/b><span data-ccp-props=\"{&quot;201341983&quot;:0,&quot;335559739&quot;:0,&quot;335559740&quot;:240}\"><br \/>\n<\/span><span data-contrast=\"auto\">Norberto Hern\u00e1ndez destac\u00f3 que, aunque las instituciones han trabajado durante d\u00e9cadas, el esfuerzo sigue siendo desarticulado. A pesar de que se ha desarrollado investigaci\u00f3n acad\u00e9mica, esta no se traduce en la pr\u00e1ctica cl\u00ednica ni en modelos de intervenci\u00f3n actualizados, se contin\u00faa tratando pacientes con modelos de hace 10 o 15 a\u00f1os, y eso \u201crefleja la desconexi\u00f3n entre la academia y el campo del tratamiento\u201d, afirm\u00f3.<\/span><span data-ccp-props=\"{&quot;201341983&quot;:0,&quot;335559739&quot;:0,&quot;335559740&quot;:240}\">\u00a0<\/span><\/p>\n<p><span data-contrast=\"auto\">A\u00f1adi\u00f3: \u201cHay muy pocas instituciones que desde la sociedad civil aboguen por la incidencia pol\u00edtica. Si no hay una sociedad civil activa que impulse cambios legislativos, los temas no avanzan\u201d, de ah\u00ed la necesidad de formar especialistas capaces de analizar e incidir en las pol\u00edticas p\u00fablicas e impulsen cambios estructurales. Tambi\u00e9n propuso la creaci\u00f3n de una Ley General para el Control de las Bebidas Alcoh\u00f3licas, similar a la del tabaco.<\/span><span data-ccp-props=\"{&quot;201341983&quot;:0,&quot;335559731&quot;:708,&quot;335559739&quot;:0,&quot;335559740&quot;:240}\">\u00a0<\/span><\/p>\n<p><span data-contrast=\"auto\">\u201cA nivel estatal existen m\u00e1s de 800 leyes que regulan alg\u00fan punto sobre bebidas alcoh\u00f3licas, pero falta una ley general que establezca criterios de disponibilidad, venta y publicidad. La Organizaci\u00f3n Mundial de la Salud recomienda medidas como regular horarios, restringir la promoci\u00f3n, realizar operativos de alcoholimetr\u00eda y aumentar los precios; todo esto es viable y eficaz, porque el problema no es la persona, sino el entorno que fomenta el consumo\u201d, explic\u00f3.<\/span><\/p>\n<p><b><span data-contrast=\"auto\">Incorporar reducci\u00f3n de riesgos y derechos humanos<\/span><\/b><span data-ccp-props=\"{&quot;201341983&quot;:0,&quot;335559739&quot;:0,&quot;335559740&quot;:240}\"><br \/>\n<\/span><span data-contrast=\"auto\">Zara Snapp abord\u00f3 el papel de la sociedad civil en la pol\u00edtica de drogas: \u201cHay muy pocos fondos para trabajar el tema y pocas fundaciones se atreven a apoyarlo por ser controversial, aunque intersecta con derechos humanos, econom\u00eda y temas sociales\u201d, se\u00f1al\u00f3.<\/span><span data-ccp-props=\"{&quot;201341983&quot;:0,&quot;335559739&quot;:0,&quot;335559740&quot;:240}\">\u00a0<\/span><\/p>\n<p><span data-contrast=\"auto\">Explic\u00f3 que el 80 % de los centros de tratamiento en M\u00e9xico no est\u00e1n regulados, son anexos donde ha habido violaciones a derechos humanos, por lo que es importante fortalecer los servicios comunitarios de salud mental y adicciones con equipos multidisciplinarios.<\/span><\/p>\n<div id=\"attachment_162223\" style=\"width: 732px\" class=\"wp-caption aligncenter\"><img aria-describedby=\"caption-attachment-162223\" decoding=\"async\" loading=\"lazy\" class=\"size-full wp-image-162223\" src=\"https:\/\/www.uv.mx\/prensa\/files\/2025\/11\/111125-PAOLA-Mesa-de-discusion-4.jpg\" alt=\"Zara Snapp, directora del Instituto RIA \" width=\"722\" height=\"305\" srcset=\"https:\/\/www.uv.mx\/prensa\/files\/2025\/11\/111125-PAOLA-Mesa-de-discusion-4.jpg 722w, https:\/\/www.uv.mx\/prensa\/files\/2025\/11\/111125-PAOLA-Mesa-de-discusion-4-300x127.jpg 300w\" sizes=\"(max-width: 722px) 100vw, 722px\" \/><p id=\"caption-attachment-162223\" class=\"wp-caption-text\">Zara Snapp, directora del Instituto RIA<\/p><\/div>\n<p>&nbsp;<\/p>\n<p><span data-contrast=\"auto\">Por ello, propuso fortalecer la reducci\u00f3n de riesgos y da\u00f1os: \u201cHay personas que consumen, pero no requieren tratamiento, a ellas debemos ofrecer prevenci\u00f3n de usos problem\u00e1ticos y espacios seguros, pero necesitamos voluntad pol\u00edtica y articulaci\u00f3n con los gobiernos\u201d.<\/span><span data-ccp-props=\"{&quot;201341983&quot;:0,&quot;335559731&quot;:708,&quot;335559739&quot;:0,&quot;335559740&quot;:240}\">\u00a0<\/span><\/p>\n<p><span data-contrast=\"auto\">Snapp se\u00f1al\u00f3 que en Veracruz no existen organizaciones que trabajen como el Instituto RIA, por lo que invit\u00f3 a estudiantes y a la comunidad UV a involucrarse: \u201cPodr\u00edan poner mesas informativas, compartir conocimiento y generar di\u00e1logo, porque el aprendizaje nunca termina; las conversaciones m\u00e1s importantes son las que tenemos en familia, en comunidad\u201d.<\/span><\/p>\n<p><b><span data-contrast=\"auto\">Urge visibilizar la crisis del cristal<\/span><\/b><span data-ccp-props=\"{&quot;201341983&quot;:0,&quot;335559739&quot;:0,&quot;335559740&quot;:240}\"><br \/>\n<\/span><span data-contrast=\"auto\">Jorge S\u00e1nchez Mejorada advirti\u00f3 que los centros de tratamiento cada vez son ocupados en mayor proporci\u00f3n por usuarios de cristal, lo que muestra que el consumo de esta droga ilegal es un problema muy grave, con implicaciones psicoemocionales, psiqui\u00e1tricas y familiares.<\/span><span data-ccp-props=\"{&quot;201341983&quot;:0,&quot;335559739&quot;:0,&quot;335559740&quot;:240}\">\u00a0<\/span><\/p>\n<p><span data-contrast=\"auto\">Para enfrentar esta situaci\u00f3n plante\u00f3 una acci\u00f3n concertada desde la Comisi\u00f3n Estatal contra las Adicciones, las organizaciones civiles y la Secretar\u00eda de Educaci\u00f3n para alertar a la sociedad sobre esta adicci\u00f3n que permea desde edades tempranas.<\/span><span data-ccp-props=\"{&quot;201341983&quot;:0,&quot;335559731&quot;:708,&quot;335559739&quot;:0,&quot;335559740&quot;:240}\">\u00a0<\/span><\/p>\n<p><span data-contrast=\"auto\">\u201cAunque no tenemos datos actualizados a nivel poblacional, s\u00ed sabemos que el problema ha crecido much\u00edsimo. Hay que plantearlo con realismo y sin sensacionalismo, pero con urgencia\u201d, subray\u00f3.<\/span><\/p>\n<div id=\"attachment_162227\" style=\"width: 732px\" class=\"wp-caption aligncenter\"><img aria-describedby=\"caption-attachment-162227\" decoding=\"async\" loading=\"lazy\" class=\"size-full wp-image-162227\" src=\"https:\/\/www.uv.mx\/prensa\/files\/2025\/11\/111125-PAOLA-Mesa-de-discusion-5.jpg\" alt=\"Jorge S\u00e1nchez-Mejorada Fern\u00e1ndez, coordinador del Cendhiu \" width=\"722\" height=\"400\" srcset=\"https:\/\/www.uv.mx\/prensa\/files\/2025\/11\/111125-PAOLA-Mesa-de-discusion-5.jpg 722w, https:\/\/www.uv.mx\/prensa\/files\/2025\/11\/111125-PAOLA-Mesa-de-discusion-5-300x166.jpg 300w\" sizes=\"(max-width: 722px) 100vw, 722px\" \/><p id=\"caption-attachment-162227\" class=\"wp-caption-text\">Jorge S\u00e1nchez-Mejorada Fern\u00e1ndez, coordinador del Cendhiu<\/p><\/div>\n<p>&nbsp;<\/p>\n<p><span data-contrast=\"auto\">S\u00e1nchez-Mejorada propuso crear un sistema estatal de informaci\u00f3n y acceso abierto sobre investigaciones, tesis y programas de prevenci\u00f3n: \u201cLa UV tiene una gran riqueza acad\u00e9mica que deber\u00eda estar disponible para todos los interesados\u201d.<\/span><span data-ccp-props=\"{&quot;201341983&quot;:0,&quot;335559731&quot;:708,&quot;335559739&quot;:0,&quot;335559740&quot;:240}\">\u00a0<\/span><\/p>\n<p><span data-contrast=\"auto\">Tambi\u00e9n se refiri\u00f3 a los centros de tratamiento: \u201cNo abundan centros que podamos recomendar; es un problema de derechos humanos y eficacia. Han ocurrido muertes por malos tratos, as\u00ed que debemos cerrar los lugares que operan al margen de la ley y ayudar a que adopten pr\u00e1cticas adecuadas\u201d.<\/span><span data-ccp-props=\"{&quot;201341983&quot;:0,&quot;335559731&quot;:708,&quot;335559739&quot;:0,&quot;335559740&quot;:240}\">\u00a0<\/span><\/p>\n<p><span data-contrast=\"auto\">En su conclusi\u00f3n, destac\u00f3 la necesidad de formar profesionales de la salud capacitados en prevenci\u00f3n y atenci\u00f3n de adicciones: \u201cA muchos m\u00e9dicos y enfermeros nunca se les dijo que la salud mental es parte integral de la salud, debemos posicionar estos temas en la formaci\u00f3n universitaria\u201d.<\/span><span data-ccp-props=\"{&quot;201341983&quot;:0,&quot;335559731&quot;:708,&quot;335559739&quot;:0,&quot;335559740&quot;:240}\">\u00a0<\/span><\/p>\n","protected":false},"excerpt":{"rendered":"<p>En foro de la Universidad Veracruzana, expertos coincidieron en la necesidad de fortalecer las pol\u00edticas p\u00fablicas y homologar leyes en esta materia, para tratamiento y reducci\u00f3n de da\u00f1os <\/p>\n","protected":false},"author":1775,"featured_media":162222,"comment_status":"closed","ping_status":"closed","sticky":false,"template":"","format":"standard","meta":[],"categories":[6301,1,15424,61],"tags":[28276,28938,28943,28940,28941,841,28946,2564,9368,2819,320,2140,28945,4897,4137,28948,1284,28947,28942,11169,6462,1074,28939,4164,13442,4916,6643,63,25683,28944],"_links":{"self":[{"href":"https:\/\/www.uv.mx\/prensa\/wp-json\/wp\/v2\/posts\/162251"}],"collection":[{"href":"https:\/\/www.uv.mx\/prensa\/wp-json\/wp\/v2\/posts"}],"about":[{"href":"https:\/\/www.uv.mx\/prensa\/wp-json\/wp\/v2\/types\/post"}],"author":[{"embeddable":true,"href":"https:\/\/www.uv.mx\/prensa\/wp-json\/wp\/v2\/users\/1775"}],"replies":[{"embeddable":true,"href":"https:\/\/www.uv.mx\/prensa\/wp-json\/wp\/v2\/comments?post=162251"}],"version-history":[{"count":1,"href":"https:\/\/www.uv.mx\/prensa\/wp-json\/wp\/v2\/posts\/162251\/revisions"}],"predecessor-version":[{"id":162252,"href":"https:\/\/www.uv.mx\/prensa\/wp-json\/wp\/v2\/posts\/162251\/revisions\/162252"}],"wp:featuredmedia":[{"embeddable":true,"href":"https:\/\/www.uv.mx\/prensa\/wp-json\/wp\/v2\/media\/162222"}],"wp:attachment":[{"href":"https:\/\/www.uv.mx\/prensa\/wp-json\/wp\/v2\/media?parent=162251"}],"wp:term":[{"taxonomy":"category","embeddable":true,"href":"https:\/\/www.uv.mx\/prensa\/wp-json\/wp\/v2\/categories?post=162251"},{"taxonomy":"post_tag","embeddable":true,"href":"https:\/\/www.uv.mx\/prensa\/wp-json\/wp\/v2\/tags?post=162251"}],"curies":[{"name":"wp","href":"https:\/\/api.w.org\/{rel}","templated":true}]}}